{"id":30203,"date":"2026-04-28T07:10:01","date_gmt":"2026-04-28T11:10:01","guid":{"rendered":"https:\/\/agromt.news\/?p=30203"},"modified":"2026-04-28T07:10:01","modified_gmt":"2026-04-28T11:10:01","slug":"biocombustivel-brasileiro-pode-aliviar-crise-na-europa","status":"publish","type":"post","link":"https:\/\/agromt.news\/?p=30203","title":{"rendered":"Biocombust\u00edvel brasileiro pode aliviar crise na Europa"},"content":{"rendered":"<p> <br \/>\n<\/p>\n<div>\n<div class=\"row\">\n<div class=\"col-lg col-infos mt-0 mt-lg-0\">\n<div class=\"section-sub-title\">\n<p itemprop=\"description\">&#13;<br \/>\n                                Os biocombust\u00edveis foram apontados como uma alternativa&#13;\n                            <\/p>\n<\/p><\/div>\n<div class=\"container\">\n<div class=\"row\">\n<div class=\"col-lg p-0\">\n<div>\n<div class=\"block-news-main-infos mt-3 text-start\">\n<p>                                            <strong class=\"fn\" itemprop=\"author\" style=\"color: rgb(112, 112, 112); \">&#13;<br \/>\n                                                <a href=\"https:\/\/www.agrolink.com.br\/noticias\/javascript:;\" class=\"text-uppercase\" target=\"_blank\" style=\"color: rgb(112, 112, 112); \" rel=\"noopener\">Agrolink<\/a>&#13;<br \/>\n&#13;<br \/>\n                                                    &#8211; Leonardo Gottems&#13;<br \/>\n&#13;<br \/>\n                                            <\/strong><br \/>\n                                        <\/p>\n<p>                                            <abbr><time datetime=\"2026 - 04 - 27T10:40\" itemprop=\"datePublished dateModified\"> Publicado em 27\/04\/2026 \u00e0s 10:40h.<\/time><\/abbr>\n                                    <\/div>\n<\/p><\/div>\n<\/p><\/div>\n<div class=\"col-lg p-0 text-lg-end\">\n<div>\n<div id=\"mdEnviarPagina\" class=\"modal fade\" role=\"dialog\">\n<div class=\"modal-dialog\">\n<div class=\"modal-content\">\n<div class=\"modal-body\">\n<p><strong>Estimado usu\u00e1rio.<\/strong><br \/>Preencha o formul\u00e1rio abaixo para remeter a p\u00e1gina.<\/p>\n<\/p><\/div>\n<\/p><\/div>\n<\/p><\/div>\n<\/div><\/div>\n<\/p><\/div>\n<\/p><\/div>\n<\/p><\/div>\n<\/p><\/div>\n<\/p><\/div>\n<div class=\"row justify-content-md-center mt-3\">\n<div class=\"col-lg-auto col-image block-news-main-image\">\n<p>                                <img decoding=\"async\" src=\"https:\/\/www.agrolink.com.br\/upload\/imagens-resizes\/92d3ef20f03543bab83ffb4d08628e5e_858x483.jpg\" class=\"lazyload img-fluid\" alt=\"Os biocombust\u00edveis foram apontados como uma alternativa\"\/><br \/>\n                                                <span class=\"d-block mt-1\">Os biocombust\u00edveis foram apontados como uma alternativa &#8211; Foto: Pixabay<\/span><\/p><\/div>\n<\/p><\/div>\n<div class=\"section-description section-description-noticias mt-3\">\n<p>A seguran\u00e7a energ\u00e9tica voltou ao centro das discuss\u00f5es na Europa diante das incertezas no fornecimento de combust\u00edveis e da volatilidade dos pre\u00e7os internacionais do petr\u00f3leo. Nesse cen\u00e1rio, o Brasil aparece como um poss\u00edvel parceiro para ampliar o acesso a fontes renov\u00e1veis, biocombust\u00edveis e mat\u00e9rias-primas essenciais \u00e0 transi\u00e7\u00e3o para uma economia de baixo carbono.&#13;\n<\/p>\n<p>Em entrevista \u00e0 ag\u00eancia Lusa, em Bruxelas, Pedro Miguel da Costa e Silva defendeu que a coopera\u00e7\u00e3o com o Brasil pode avan\u00e7ar em diferentes frentes. O embaixador brasileiro destacou o crescimento da produ\u00e7\u00e3o nacional de energia limpa, com participa\u00e7\u00e3o de fontes como solar, e\u00f3lica e biomassa, al\u00e9m do potencial do pa\u00eds para o desenvolvimento do hidrog\u00eanio verde.<\/p>\n<p>Os biocombust\u00edveis foram apontados como uma alternativa relevante para o momento europeu. O Brasil tem ampla experi\u00eancia no uso do etanol, especialmente por causa da frota de ve\u00edculos flex, capaz de operar com gasolina ou etanol. Na avalia\u00e7\u00e3o apresentada, esse modelo poderia contribuir para reduzir a depend\u00eancia de combust\u00edveis f\u00f3sseis tamb\u00e9m na Europa.&#13;\n<\/p>\n<p>O combust\u00edvel sustent\u00e1vel de avia\u00e7\u00e3o, conhecido como SAF, \u00e9 outro segmento citado como oportunidade de aproxima\u00e7\u00e3o, em meio \u00e0s preocupa\u00e7\u00f5es com o abastecimento do setor a\u00e9reo. Apesar do potencial, o etanol brasileiro, sobretudo o produzido a partir da cana, ainda enfrenta barreiras no mercado europeu por crit\u00e9rios ambientais, exig\u00eancias regulat\u00f3rias, certifica\u00e7\u00f5es e disputas com produtores locais.<\/p>\n<p>A proposta brasileira n\u00e3o se limita ao aumento das exporta\u00e7\u00f5es. O pa\u00eds tamb\u00e9m sinaliza disposi\u00e7\u00e3o para desenvolver projetos conjuntos com empresas europeias, inclusive com produ\u00e7\u00e3o de biocombust\u00edveis no pr\u00f3prio continente.<\/p>\n<p>&#13;<br \/>\n\u00a0<\/p>\n<\/p><\/div>\n<\/p><\/div>\n<p><script data-cfasync=\"false\">\n    !function (f, b, e, v, n, t, s) {\n        if (f.fbq) return; n = f.fbq = function () {\n            n.callMethod ?\n                n.callMethod.apply(n, arguments) : n.queue.push(arguments)\n        };\n        if (!f._fbq) f._fbq = n; n.push = n; n.loaded = !0; n.version = '2.0';\n        n.queue = []; t = b.createElement(e); t.async = !0;\n        t.src = v; s = b.getElementsByTagName(e)[0];\n        s.parentNode.insertBefore(t, s)\n    }(window, document, 'script',\n        'https:\/\/connect.facebook.net\/en_US\/fbevents.js');\n    fbq('init', '522546078623747');\n    fbq('track', 'PageView');\n<\/script><br \/>\n<br \/><br \/>\n<br \/><a href=\"https:\/\/www.agrolink.com.br\/noticias\/biocombustivel-brasileiro-pode-aliviar-crise-na-europa_513537.html\">Source link <\/a><\/p>\n","protected":false},"excerpt":{"rendered":"<p>&#13; Os biocombust\u00edveis foram apontados como uma alternativa&#13; &#13; Agrolink&#13; &#13; &#8211; Leonardo Gottems&#13; &#13; Publicado em 27\/04\/2026 \u00e0s 10:40h.<\/p>\n","protected":false},"author":1,"featured_media":1175,"comment_status":"open","ping_status":"open","sticky":false,"template":"","format":"standard","meta":{"_monsterinsights_skip_tracking":false,"_monsterinsights_sitenote_active":false,"_monsterinsights_sitenote_note":"","_monsterinsights_sitenote_category":0,"_uf_show_specific_survey":0,"_uf_disable_surveys":false,"footnotes":""},"categories":[8,1,14],"tags":[],"class_list":["post-30203","post","type-post","status-publish","format-standard","has-post-thumbnail","hentry","category-agro","category-news","category-politica-agro"],"_links":{"self":[{"href":"https:\/\/agromt.news\/index.php?rest_route=\/wp\/v2\/posts\/30203"}],"collection":[{"href":"https:\/\/agromt.news\/index.php?rest_route=\/wp\/v2\/posts"}],"about":[{"href":"https:\/\/agromt.news\/index.php?rest_route=\/wp\/v2\/types\/post"}],"author":[{"embeddable":true,"href":"https:\/\/agromt.news\/index.php?rest_route=\/wp\/v2\/users\/1"}],"replies":[{"embeddable":true,"href":"https:\/\/agromt.news\/index.php?rest_route=%2Fwp%2Fv2%2Fcomments&post=30203"}],"version-history":[{"count":0,"href":"https:\/\/agromt.news\/index.php?rest_route=\/wp\/v2\/posts\/30203\/revisions"}],"wp:featuredmedia":[{"embeddable":true,"href":"https:\/\/agromt.news\/index.php?rest_route=\/wp\/v2\/media\/1175"}],"wp:attachment":[{"href":"https:\/\/agromt.news\/index.php?rest_route=%2Fwp%2Fv2%2Fmedia&parent=30203"}],"wp:term":[{"taxonomy":"category","embeddable":true,"href":"https:\/\/agromt.news\/index.php?rest_route=%2Fwp%2Fv2%2Fcategories&post=30203"},{"taxonomy":"post_tag","embeddable":true,"href":"https:\/\/agromt.news\/index.php?rest_route=%2Fwp%2Fv2%2Ftags&post=30203"}],"curies":[{"name":"wp","href":"https:\/\/api.w.org\/{rel}","templated":true}]}}