{"id":30202,"date":"2026-04-28T07:07:40","date_gmt":"2026-04-28T11:07:40","guid":{"rendered":"https:\/\/agromt.news\/?p=30202"},"modified":"2026-04-28T07:07:40","modified_gmt":"2026-04-28T11:07:40","slug":"chuva-avanca-e-risco-de-temporais-aumenta-em-algumas-regioes-veja-a-previsao-do-tempo","status":"publish","type":"post","link":"https:\/\/agromt.news\/?p=30202","title":{"rendered":"Chuva avan\u00e7a e risco de temporais aumenta em algumas regi\u00f5es; veja a previs\u00e3o do tempo"},"content":{"rendered":"<p> <br \/>\n<\/p>\n<div>\n<figure><img decoding=\"async\" src=\"https:\/\/agromt.news\/wp-content\/uploads\/2026\/01\/Chuva-forte-temporais-e-vento-de-ate-70-kmh-marcam.jpg\" alt=\"temporais na previs\u00e3o do tempo\" \/><figcaption>Foto: Pixabay<\/figcaption><\/figure>\n<\/div>\n<p>A ter\u00e7a-feira (28) ser\u00e1 marcada por instabilidade em boa parte do Brasil, com destaque para o Sul e o Sudeste, onde a combina\u00e7\u00e3o de sistemas meteorol\u00f3gicos favorece a ocorr\u00eancia de chuva moderada a forte e at\u00e9 temporais isolados. Ao mesmo tempo, uma massa de ar polar mant\u00e9m o tempo firme e mais frio no Rio Grande do Sul, com possibilidade de geada em algumas \u00e1reas.<\/p>\n<h2 class=\"wp-block-heading\" id=\"h-sul\">Sul<\/h2>\n<p>No Sul do pa\u00eds, ventos mar\u00edtimos e a presen\u00e7a de um cavado em n\u00edveis m\u00e9dios da atmosfera mant\u00eam o tempo inst\u00e1vel, principalmente no Paran\u00e1 e em Santa Catarina.<\/p>\n<ul class=\"wp-block-list\">\n<li><em>Veja em primeira m\u00e3o tudo sobre agricultura, pecu\u00e1ria, economia e previs\u00e3o do tempo:<\/em><a href=\"https:\/\/news.google.com\/publications\/CAAqBwgKMPKZlQswq_mqAw?hl=pt-BR&amp;gl=BR&amp;ceid=BR%3Apt-419\" target=\"_blank\" rel=\"noreferrer noopener\"><em>\u00a0siga o Canal Rural no Google News!<\/em><\/a><\/li>\n<\/ul>\n<p>Desde o in\u00edcio do dia, h\u00e1 registro de chuva fraca no litoral paranaense, mas as instabilidades ganham intensidade ao longo da manh\u00e3, avan\u00e7ando por diversas regi\u00f5es do estado. S\u00e3o esperadas pancadas moderadas a fortes no norte, nordeste, oeste, noroeste, interior e leste do Paran\u00e1, com risco de temporais isolados, especialmente no litoral e no leste do estado.<\/p>\n<p>Em Santa Catarina, a chuva tamb\u00e9m se espalha, com maior intensidade na metade oeste e no norte. Na regi\u00e3o de Florian\u00f3polis, as precipita\u00e7\u00f5es ocorrem de forma moderada.<\/p>\n<p>At\u00e9 a noite, o tempo segue inst\u00e1vel nessas \u00e1reas. J\u00e1 no Rio Grande do Sul, a atua\u00e7\u00e3o de uma massa de ar polar mant\u00e9m o tempo firme. H\u00e1 previs\u00e3o de geada no interior, na serra e na campanha ga\u00facha durante a manh\u00e3, com temperaturas mais amenas ao longo do dia. O mar permanece agitado no litoral ga\u00facho e no sul catarinense.<\/p>\n<h2 class=\"wp-block-heading\" id=\"h-sudeste\">Sudeste<\/h2>\n<p>No Sudeste, a frente fria atua na altura do litoral do Rio de Janeiro e influencia as condi\u00e7\u00f5es do tempo em parte da regi\u00e3o.<\/p>\n<p>Em S\u00e3o Paulo, h\u00e1 previs\u00e3o de pancadas de chuva desde cedo no sul e no litoral, com intensidade variando de fraca a moderada. No oeste paulista, a chuva ganha for\u00e7a ao longo da manh\u00e3, podendo ocorrer de forma mais intensa e com trovoadas.<\/p>\n<p>Durante o dia, as instabilidades se intensificam e se espalham por grande parte do estado, incluindo o centro-sul, litoral, leste e oeste paulista, com alerta para temporais no sul de S\u00e3o Paulo.<\/p>\n<p>No Rio de Janeiro, h\u00e1 chance de pancadas moderadas a fortes no sul e em \u00e1reas do interior. Em Minas Gerais, chove de forma mais fraca e isolada no sul do estado.<\/p>\n<p>Nas demais \u00e1reas do Sudeste, o tempo segue firme, com predom\u00ednio de sol e eleva\u00e7\u00e3o das temperaturas. A umidade relativa do ar entra em aten\u00e7\u00e3o no extremo norte paulista e em \u00e1reas do Tri\u00e2ngulo Mineiro e do interior de Minas Gerais, com \u00edndices abaixo dos 30%. As rajadas de vento variam entre 40 e 50 km\/h no sul e no litoral paulista.<\/p>\n<h2 class=\"wp-block-heading\" id=\"h-centro-oeste\">Centro-Oeste<\/h2>\n<p>No Centro-Oeste, o fluxo de umidade mant\u00e9m a forma\u00e7\u00e3o de pancadas de chuva, principalmente em Mato Grosso e Mato Grosso do Sul.<\/p>\n<p>As precipita\u00e7\u00f5es come\u00e7am ainda pela manh\u00e3 em \u00e1reas do nordeste de Mato Grosso e no sul e sudoeste de Mato Grosso do Sul. Ao longo do dia, ganham for\u00e7a e se espalham, com intensidade moderada a forte, especialmente na faixa norte e oeste de Mato Grosso e em grande parte do territ\u00f3rio sul-mato-grossense.<\/p>\n<p>J\u00e1 em Goi\u00e1s e no Distrito Federal, o tempo permanece firme, com predom\u00ednio de calor. A umidade do ar fica em n\u00edveis de aten\u00e7\u00e3o no sudeste goiano, podendo cair abaixo dos 30%.<\/p>\n<h2 class=\"wp-block-heading\" id=\"h-nordeste\">Nordeste<\/h2>\n<p>No Nordeste, a chuva atua desde cedo no litoral entre o Rio Grande do Norte e Sergipe, influenciada pela umidade mar\u00edtima. Na faixa norte, a Zona de Converg\u00eancia Intertropical (ZCIT) refor\u00e7a as instabilidades.<\/p>\n<p>Ao longo do dia, as chuvas se intensificam em grande parte do Maranh\u00e3o, norte do Piau\u00ed, Cear\u00e1, Rio Grande do Norte, Para\u00edba, Sergipe e leste de Pernambuco, com volumes moderados a fortes e risco de temporais isolados.<\/p>\n<p>O alerta \u00e9 maior entre o litoral de Pernambuco e Aracaju, onde h\u00e1 possibilidade de acumulados mais elevados.<\/p>\n<p>Nas demais \u00e1reas, o tempo varia entre per\u00edodos de sol e pancadas mais fracas. A umidade do ar fica em n\u00edveis cr\u00edticos em partes do interior da Bahia, com \u00edndices abaixo dos 30%. Rajadas de vento entre 40 e 50 km\/h s\u00e3o esperadas no interior da Bahia, oeste de Pernambuco e sul do Piau\u00ed.<\/p>\n<h2 class=\"wp-block-heading\" id=\"h-norte\">Norte<\/h2>\n<p>Na Regi\u00e3o Norte, a alta umidade mant\u00e9m o padr\u00e3o t\u00edpico de pancadas de chuva ao longo do dia.<\/p>\n<p>A ZCIT influencia o tempo no Amap\u00e1 e no litoral e nordeste do Par\u00e1. As instabilidades se intensificam no decorrer do dia, com chuva moderada a forte em praticamente toda a regi\u00e3o, incluindo o sul de Roraima e o norte do Tocantins.<\/p>\n<p>H\u00e1 risco de temporais, principalmente no Amazonas, Acre e no nordeste e litoral paraense. Em partes do Tocantins e de Roraima, a chuva ocorre de forma mais irregular, intercalando com per\u00edodos de sol.<\/p>\n<p>As temperaturas seguem elevadas, com sensa\u00e7\u00e3o de abafamento em toda a regi\u00e3o.<\/p>\n<p>O post <a href=\"https:\/\/www.canalrural.com.br\/previsao-do-tempo\/chuva-avanca-e-risco-de-temporais-aumenta-em-algumas-regioes-veja-a-previsao-do-tempo\/\">Chuva avan\u00e7a e risco de temporais aumenta em algumas regi\u00f5es; veja a previs\u00e3o do tempo<\/a> apareceu primeiro em <a href=\"https:\/\/www.canalrural.com.br\">Canal Rural<\/a>.<\/p>\n<p><br \/>\n<br \/><a href=\"https:\/\/www.canalrural.com.br\/previsao-do-tempo\/chuva-avanca-e-risco-de-temporais-aumenta-em-algumas-regioes-veja-a-previsao-do-tempo\/\">Source link <\/a><\/p>\n","protected":false},"excerpt":{"rendered":"<p>Foto: Pixabay A ter\u00e7a-feira (28) ser\u00e1 marcada por instabilidade em boa parte do Brasil, com destaque para o Sul e<\/p>\n","protected":false},"author":1,"featured_media":26715,"comment_status":"open","ping_status":"open","sticky":false,"template":"","format":"standard","meta":{"_monsterinsights_skip_tracking":false,"_monsterinsights_sitenote_active":false,"_monsterinsights_sitenote_note":"","_monsterinsights_sitenote_category":0,"_uf_show_specific_survey":0,"_uf_disable_surveys":false,"footnotes":""},"categories":[1],"tags":[],"class_list":["post-30202","post","type-post","status-publish","format-standard","has-post-thumbnail","hentry","category-news"],"_links":{"self":[{"href":"https:\/\/agromt.news\/index.php?rest_route=\/wp\/v2\/posts\/30202"}],"collection":[{"href":"https:\/\/agromt.news\/index.php?rest_route=\/wp\/v2\/posts"}],"about":[{"href":"https:\/\/agromt.news\/index.php?rest_route=\/wp\/v2\/types\/post"}],"author":[{"embeddable":true,"href":"https:\/\/agromt.news\/index.php?rest_route=\/wp\/v2\/users\/1"}],"replies":[{"embeddable":true,"href":"https:\/\/agromt.news\/index.php?rest_route=%2Fwp%2Fv2%2Fcomments&post=30202"}],"version-history":[{"count":0,"href":"https:\/\/agromt.news\/index.php?rest_route=\/wp\/v2\/posts\/30202\/revisions"}],"wp:featuredmedia":[{"embeddable":true,"href":"https:\/\/agromt.news\/index.php?rest_route=\/wp\/v2\/media\/26715"}],"wp:attachment":[{"href":"https:\/\/agromt.news\/index.php?rest_route=%2Fwp%2Fv2%2Fmedia&parent=30202"}],"wp:term":[{"taxonomy":"category","embeddable":true,"href":"https:\/\/agromt.news\/index.php?rest_route=%2Fwp%2Fv2%2Fcategories&post=30202"},{"taxonomy":"post_tag","embeddable":true,"href":"https:\/\/agromt.news\/index.php?rest_route=%2Fwp%2Fv2%2Ftags&post=30202"}],"curies":[{"name":"wp","href":"https:\/\/api.w.org\/{rel}","templated":true}]}}