{"id":30200,"date":"2026-04-28T05:14:29","date_gmt":"2026-04-28T09:14:29","guid":{"rendered":"https:\/\/agromt.news\/?p=30200"},"modified":"2026-04-28T05:14:29","modified_gmt":"2026-04-28T09:14:29","slug":"agro-mineiro-exporta-us-393-bilhoes-no-trimestre","status":"publish","type":"post","link":"https:\/\/agromt.news\/?p=30200","title":{"rendered":"Agro mineiro exporta US$ 3,93 bilh\u00f5es no trimestre"},"content":{"rendered":"<p> <br \/>\n<\/p>\n<div>\n<p style=\"text-align:justify\">As exporta\u00e7\u00f5es do agroneg\u00f3cio de Minas Gerais somaram US$ 3,93 bilh\u00f5es no primeiro trimestre do ano, entre janeiro e mar\u00e7o, respondendo por 38,5% da receita total do estado. O setor manteve a lideran\u00e7a na pauta exportadora, mesmo com retra\u00e7\u00e3o de 13,6% no valor em compara\u00e7\u00e3o com o mesmo per\u00edodo do ano anterior.&#13;\n<\/p>\n<p style=\"text-align:justify\">O volume embarcado tamb\u00e9m apresentou queda, de 11,2%, totalizando 2,84 milh\u00f5es de toneladas no per\u00edodo. Segundo a assessora t\u00e9cnica da Secretaria de Agricultura, Pecu\u00e1ria e Abastecimento, Manoela Teixeira, o resultado reflete uma combina\u00e7\u00e3o de fatores ligados \u00e0 oferta, aos pre\u00e7os internacionais e \u00e0 composi\u00e7\u00e3o da pauta exportadora. Ela afirma que a an\u00e1lise conjunta entre valor e volume ajuda a explicar o desempenho das cadeias produtivas. \u201cNo caf\u00e9, por exemplo, a retra\u00e7\u00e3o do volume foi proporcionalmente maior que a da receita, refletindo a perman\u00eancia de pre\u00e7os m\u00e9dios elevados. J\u00e1 no setor sucroalcooleiro aconteceu o inverso. Houve expans\u00e3o do volume exportado combinada ao recuo da receita, indicando redu\u00e7\u00e3o de pre\u00e7os m\u00e9dios\u201d, exemplifica a assessora Manoela Teixeira.<\/p>\n<p style=\"text-align:justify\">No per\u00edodo, os produtos do agroneg\u00f3cio mineiro foram destinados a 155 pa\u00edses. China liderou como principal destino, com US$ 713,1 milh\u00f5es, seguida por Estados Unidos, Alemanha, It\u00e1lia e Jap\u00e3o.<\/p>\n<p style=\"text-align:justify\">De acordo com a assessora da Secretaria de Agricultura, Pecu\u00e1ria e Abastecimento, houve mudan\u00e7as na composi\u00e7\u00e3o geogr\u00e1fica das exporta\u00e7\u00f5es. \u201cA compara\u00e7\u00e3o deste trimestre com o do ano anterior mostra mudan\u00e7as relevantes na composi\u00e7\u00e3o geogr\u00e1fica das exporta\u00e7\u00f5es. Mercados como It\u00e1lia, \u00cdndia, Taiwan, Tail\u00e2ndia, Filipinas e Su\u00ed\u00e7a ampliaram sua participa\u00e7\u00e3o\u201d, detalha.&#13;\n<\/p>\n<p style=\"text-align:justify\">No recorte do Oriente M\u00e9dio, considerando pa\u00edses como Emirados \u00c1rabes Unidos, Turquia e Ar\u00e1bia Saudita, as exporta\u00e7\u00f5es somaram US$ 219,1 milh\u00f5es, o equivalente a 5,6% do total exportado pelo estado no trimestre.<\/p>\n<p style=\"text-align:justify\">O caf\u00e9 manteve a lideran\u00e7a entre os produtos exportados, com US$ 2,4 bilh\u00f5es e volume de 5,4 milh\u00f5es de sacas, registrando recuo de 18,5% em valor e de 31,5% em volume na compara\u00e7\u00e3o anual.<\/p>\n<p style=\"text-align:justify\">O complexo soja, que inclui gr\u00e3o, farelo e \u00f3leo, ocupou a segunda posi\u00e7\u00e3o, com US$ 510,4 milh\u00f5es e 1,2 milh\u00e3o de toneladas exportadas, com retra\u00e7\u00f5es de 11,2% e 16,7%, respectivamente. A redu\u00e7\u00e3o nas vendas do gr\u00e3o ocorreu ao mesmo tempo em que houve avan\u00e7o do farelo e do \u00f3leo, alterando a composi\u00e7\u00e3o interna do grupo.<\/p>\n<p style=\"text-align:justify\">O segmento de carnes, que engloba bovina, su\u00edna e de frango, registrou crescimento no per\u00edodo, com recorde nas exporta\u00e7\u00f5es de carne bovina para um primeiro trimestre. O grupo somou US$ 419 milh\u00f5es e 117,6 mil toneladas, com aumento de 8,7% em valor e 2% em volume frente ao mesmo per\u00edodo de 2025.&#13;\n<\/p>\n<p style=\"text-align:justify\">Os produtos florestais alcan\u00e7aram US$ 240,7 milh\u00f5es, com leve recuo de 1% no valor e aumento de 3,4% no volume, totalizando 419,1 mil toneladas, com destaque para o crescimento nas vendas de papel.<\/p>\n<p style=\"text-align:justify\">Al\u00e9m desses segmentos, Minas Gerais tamb\u00e9m liderou, no trimestre, as exporta\u00e7\u00f5es brasileiras de milho para semeadura, mel natural, batatas preparadas ou conservadas, leites concentrados adocicados e doce de leite.<\/p>\n<\/p><\/div>\n<p><script data-cfasync=\"false\">\n    !function (f, b, e, v, n, t, s) {\n        if (f.fbq) return; n = f.fbq = function () {\n            n.callMethod ?\n                n.callMethod.apply(n, arguments) : n.queue.push(arguments)\n        };\n        if (!f._fbq) f._fbq = n; n.push = n; n.loaded = !0; n.version = '2.0';\n        n.queue = []; t = b.createElement(e); t.async = !0;\n        t.src = v; s = b.getElementsByTagName(e)[0];\n        s.parentNode.insertBefore(t, s)\n    }(window, document, 'script',\n        'https:\/\/connect.facebook.net\/en_US\/fbevents.js');\n    fbq('init', '522546078623747');\n    fbq('track', 'PageView');\n<\/script><br \/>\n<br \/><br \/>\n<br \/><a href=\"https:\/\/www.agrolink.com.br\/noticias\/agro-mineiro-exporta-us--3-93-bilhoes-no-trimestre_513539.html\">Source link <\/a><\/p>\n","protected":false},"excerpt":{"rendered":"<p>As exporta\u00e7\u00f5es do agroneg\u00f3cio de Minas Gerais somaram US$ 3,93 bilh\u00f5es no primeiro trimestre do ano, entre janeiro e mar\u00e7o,<\/p>\n","protected":false},"author":1,"featured_media":1623,"comment_status":"open","ping_status":"open","sticky":false,"template":"","format":"standard","meta":{"_monsterinsights_skip_tracking":false,"_monsterinsights_sitenote_active":false,"_monsterinsights_sitenote_note":"","_monsterinsights_sitenote_category":0,"_uf_show_specific_survey":0,"_uf_disable_surveys":false,"footnotes":""},"categories":[8,1,14],"tags":[],"class_list":["post-30200","post","type-post","status-publish","format-standard","has-post-thumbnail","hentry","category-agro","category-news","category-politica-agro"],"_links":{"self":[{"href":"https:\/\/agromt.news\/index.php?rest_route=\/wp\/v2\/posts\/30200"}],"collection":[{"href":"https:\/\/agromt.news\/index.php?rest_route=\/wp\/v2\/posts"}],"about":[{"href":"https:\/\/agromt.news\/index.php?rest_route=\/wp\/v2\/types\/post"}],"author":[{"embeddable":true,"href":"https:\/\/agromt.news\/index.php?rest_route=\/wp\/v2\/users\/1"}],"replies":[{"embeddable":true,"href":"https:\/\/agromt.news\/index.php?rest_route=%2Fwp%2Fv2%2Fcomments&post=30200"}],"version-history":[{"count":0,"href":"https:\/\/agromt.news\/index.php?rest_route=\/wp\/v2\/posts\/30200\/revisions"}],"wp:featuredmedia":[{"embeddable":true,"href":"https:\/\/agromt.news\/index.php?rest_route=\/wp\/v2\/media\/1623"}],"wp:attachment":[{"href":"https:\/\/agromt.news\/index.php?rest_route=%2Fwp%2Fv2%2Fmedia&parent=30200"}],"wp:term":[{"taxonomy":"category","embeddable":true,"href":"https:\/\/agromt.news\/index.php?rest_route=%2Fwp%2Fv2%2Fcategories&post=30200"},{"taxonomy":"post_tag","embeddable":true,"href":"https:\/\/agromt.news\/index.php?rest_route=%2Fwp%2Fv2%2Ftags&post=30200"}],"curies":[{"name":"wp","href":"https:\/\/api.w.org\/{rel}","templated":true}]}}