{"id":30198,"date":"2026-04-28T04:34:21","date_gmt":"2026-04-28T08:34:21","guid":{"rendered":"https:\/\/agromt.news\/?p=30198"},"modified":"2026-04-28T04:34:21","modified_gmt":"2026-04-28T08:34:21","slug":"estado-de-sao-paulo-tem-alerta-amarelo-para-tempestade-neste-final-de-semana","status":"publish","type":"post","link":"https:\/\/agromt.news\/?p=30198","title":{"rendered":"Estado de S\u00e3o Paulo tem alerta amarelo para tempestade neste final de semana"},"content":{"rendered":"<p> <br \/>\n<\/p>\n<div>\n<p>Instabilidade pode provocar chuvas entre 20 e 30 mm por hora, com acumulados que podem chegar a at\u00e9 50 mm no dia<\/p>\n<div class=\"materia\">\n<p><img decoding=\"async\" alt=\"Logotipo Not&#xED;cias Agr&#xED;colas\" height=\"21\" src=\"https:\/\/cdn.noticiasagricolas.com.br\/dbimagens\/e12363a00741f9cc7caf23469101a4aa.png\" width=\"106\"\/><\/p>\n<p>O Instituto Nacional de Meteorologia (Inmet) emitiu um alerta amarelo, de perigo potencial, para tempestade em \u00e1reas do estado de S\u00e3o Paulo e regi\u00f5es vizinhas neste final de semana. O aviso tem in\u00edcio ao meio-dia de s\u00e1bado (18) e segue at\u00e9 as 23h59 do mesmo dia.<\/p>\n<p>De acordo com o \u00f3rg\u00e3o, a instabilidade pode provocar chuvas entre 20 e 30 mil\u00edmetros por hora, com acumulados que podem chegar a at\u00e9 50 mil\u00edmetros ao longo do dia. Tamb\u00e9m s\u00e3o esperados ventos intensos, com velocidades entre 40 e 60 km\/h, al\u00e9m da possibilidade de queda de granizo em pontos isolados.<\/p>\n<p>O alerta \u00e9 classificado com grau de severidade de perigo potencial (amarelo), indicando baixo risco para ocorr\u00eancias mais graves, mas com possibilidade de impactos localizados. Entre os transtornos previstos est\u00e3o corte de energia el\u00e9trica, queda de galhos de \u00e1rvores, alagamentos pontuais e eventuais danos em planta\u00e7\u00f5es.<\/p>\n<p>As \u00e1reas sob aviso incluem diversas regi\u00f5es do interior e da faixa leste paulista, como Campinas, Bauru, Piracicaba, Itapetininga, Ribeir\u00e3o Preto, Ara\u00e7atuba, Mar\u00edlia, Araraquara, Assis, Vale do Para\u00edba e a Regi\u00e3o Metropolitana de S\u00e3o Paulo, al\u00e9m do litoral sul paulista. O alerta tamb\u00e9m abrange localidades de estados vizinhos, incluindo partes do Paran\u00e1, Minas Gerais, Mato Grosso do Sul e Rio de Janeiro.<\/p>\n<p class=\"image-center\"><img decoding=\"async\" alt=\"destaque_170426\" src=\"https:\/\/cdn.noticiasagricolas.com.br\/dbimagens\/thumbs\/800x2000\/destaque-170426-NIQQh.png\"\/><\/p>\n<p>\u00a0<\/p>\n<\/p><\/div>\n<div class=\"grupo-whatsapp\">\n      J\u00e1 segue nosso Canal oficial no WhatsApp? <a href=\"https:\/\/bit.ly\/Canal_NA\" target=\"_blank\" rel=\"noopener\"><strong>Clique Aqui<\/strong><\/a> para receber em primeira m\u00e3o as principais not\u00edcias do agroneg\u00f3cio\n    <\/div>\n<div class=\"fonte\">\n<p>Fonte:<\/p>\n<p>                  <span>Not\u00edcias Agr\u00edcolas<\/span>\n              <\/div>\n<\/p><\/div>\n<p><script async defer src=\"https:\/\/connect.facebook.net\/en_US\/sdk.js\"><\/script><script>\n  !function(f,b,e,v,n,t,s)\n  {if(f.fbq)return;n=f.fbq=function(){n.callMethod?\n    n.callMethod.apply(n,arguments):n.queue.push(arguments)};\n    if(!f._fbq)f._fbq=n;n.push=n;n.loaded=!0;n.version='2.0';\n    n.queue=[];t=b.createElement(e);t.async=!0;\n    t.src=v;s=b.getElementsByTagName(e)[0];\n    s.parentNode.insertBefore(t,s)}(window, document,'script',\n    'https:\/\/connect.facebook.net\/en_US\/fbevents.js');\n  fbq('init', '153495679422335');\n  fbq('track', 'PageView');\n<\/script><br \/>\n<br \/><br \/>\n<br \/><a href=\"https:\/\/www.noticiasagricolas.com.br\/noticias\/clima\/419279-estado-de-sao-paulo-tem-alerta-amarelo-para-tempestade-neste-final-de-semana.html\">Source link <\/a><\/p>\n","protected":false},"excerpt":{"rendered":"<p>Instabilidade pode provocar chuvas entre 20 e 30 mm por hora, com acumulados que podem chegar a at\u00e9 50 mm<\/p>\n","protected":false},"author":1,"featured_media":30199,"comment_status":"open","ping_status":"open","sticky":false,"template":"","format":"standard","meta":{"_monsterinsights_skip_tracking":false,"_monsterinsights_sitenote_active":false,"_monsterinsights_sitenote_note":"","_monsterinsights_sitenote_category":0,"_uf_show_specific_survey":0,"_uf_disable_surveys":false,"footnotes":""},"categories":[8,1,14,16],"tags":[],"class_list":["post-30198","post","type-post","status-publish","format-standard","has-post-thumbnail","hentry","category-agro","category-news","category-politica-agro","category-safra"],"_links":{"self":[{"href":"https:\/\/agromt.news\/index.php?rest_route=\/wp\/v2\/posts\/30198"}],"collection":[{"href":"https:\/\/agromt.news\/index.php?rest_route=\/wp\/v2\/posts"}],"about":[{"href":"https:\/\/agromt.news\/index.php?rest_route=\/wp\/v2\/types\/post"}],"author":[{"embeddable":true,"href":"https:\/\/agromt.news\/index.php?rest_route=\/wp\/v2\/users\/1"}],"replies":[{"embeddable":true,"href":"https:\/\/agromt.news\/index.php?rest_route=%2Fwp%2Fv2%2Fcomments&post=30198"}],"version-history":[{"count":0,"href":"https:\/\/agromt.news\/index.php?rest_route=\/wp\/v2\/posts\/30198\/revisions"}],"wp:featuredmedia":[{"embeddable":true,"href":"https:\/\/agromt.news\/index.php?rest_route=\/wp\/v2\/media\/30199"}],"wp:attachment":[{"href":"https:\/\/agromt.news\/index.php?rest_route=%2Fwp%2Fv2%2Fmedia&parent=30198"}],"wp:term":[{"taxonomy":"category","embeddable":true,"href":"https:\/\/agromt.news\/index.php?rest_route=%2Fwp%2Fv2%2Fcategories&post=30198"},{"taxonomy":"post_tag","embeddable":true,"href":"https:\/\/agromt.news\/index.php?rest_route=%2Fwp%2Fv2%2Ftags&post=30198"}],"curies":[{"name":"wp","href":"https:\/\/api.w.org\/{rel}","templated":true}]}}