{"id":30195,"date":"2026-04-28T03:18:31","date_gmt":"2026-04-28T07:18:31","guid":{"rendered":"https:\/\/agromt.news\/?p=30195"},"modified":"2026-04-28T03:18:31","modified_gmt":"2026-04-28T07:18:31","slug":"governo-propoe-renegociacao-de-ate-r-816-bilhoes-em-dividas-rurais","status":"publish","type":"post","link":"https:\/\/agromt.news\/?p=30195","title":{"rendered":"Governo prop\u00f5e renegocia\u00e7\u00e3o de at\u00e9 R$ 81,6 bilh\u00f5es em d\u00edvidas rurais"},"content":{"rendered":"<p> <br \/>\n<\/p>\n<div>\n<p style=\"text-align:justify\">O governo federal apresentou na \u00faltima quinta-feira (23) ao senador Renan Calheiros (MDB-AL) uma proposta de renegocia\u00e7\u00e3o de d\u00edvidas do cr\u00e9dito rural, que deve ser incorporada ao relat\u00f3rio sobre securitiza\u00e7\u00e3o em tramita\u00e7\u00e3o na Comiss\u00e3o de Assuntos Econ\u00f4micos. A medida busca reestruturar passivos do setor e ampliar as condi\u00e7\u00f5es de pagamento para produtores&#13;\n<\/p>\n<p style=\"text-align:justify\">O tema j\u00e1 havia sido discutido na semana anterior e deve avan\u00e7ar nos pr\u00f3ximos dias. Est\u00e1 prevista para essa\u00a0ter\u00e7a-feira (28) uma reuni\u00e3o entre o ministro da Fazenda, Dario Durigan, o senador Renan Calheiros, a senadora Tereza Cristina (PP-MS) e equipes t\u00e9cnicas envolvidas na elabora\u00e7\u00e3o do texto.<\/p>\n<p style=\"text-align:justify\">A proposta prev\u00ea a prorroga\u00e7\u00e3o de opera\u00e7\u00f5es de cr\u00e9dito rural at\u00e9 30 de abril de 2026, incluindo contratos firmados at\u00e9 31 de dezembro de 2025. Tamb\u00e9m est\u00e3o contempladas opera\u00e7\u00f5es que se tornaram inadimplentes entre 1\u00ba de julho de 2024 e 30 de abril de 2026, dentro de um recorte temporal definido para o aumento da inadimpl\u00eancia.&#13;\n<\/p>\n<p style=\"text-align:justify\">O modelo em discuss\u00e3o n\u00e3o permite o ac\u00famulo com renegocia\u00e7\u00f5es recentes, especialmente aquelas realizadas com recursos do Fundo Social ou sob supervis\u00e3o da \u00e1rea econ\u00f4mica do governo, estabelecendo limites para a ades\u00e3o \u00e0s novas condi\u00e7\u00f5es.<\/p>\n<p style=\"text-align:justify\">O desenho inclui duas linhas de renegocia\u00e7\u00e3o. A primeira, com recursos controlados, abrange produtores enquadrados no Pronaf e no Pronamp, al\u00e9m de m\u00e9dios e grandes produtores, com taxas de 6% ao ano para o Pronaf, 8% para o Pronamp e 12% para os demais, com prazo de at\u00e9 seis anos. A segunda linha, com recursos livres, \u00e9 direcionada principalmente a grandes produtores, com juros definidos pelo mercado e prazos semelhantes.<\/p>\n<p style=\"text-align:justify\">Nos dois casos, a proposta estabelece entrada m\u00ednima de 10% para opera\u00e7\u00f5es adimplentes prorrogadas e de 20% para contratos em inadimpl\u00eancia, como forma de viabilizar a reestrutura\u00e7\u00e3o das d\u00edvidas.<\/p>\n<p style=\"text-align:justify\">A estimativa t\u00e9cnica indica que a medida pode alcan\u00e7ar mais de 100 mil opera\u00e7\u00f5es, totalizando cerca de R$ 81,6 bilh\u00f5es em d\u00edvidas pass\u00edveis de renegocia\u00e7\u00e3o, abrangendo diferentes perfis de produtores rurais.<\/p>\n<p style=\"text-align:justify\">Pelo modelo analisado, a linha com recursos controlados deve preservar as fontes originais das opera\u00e7\u00f5es, permitindo que contratos equalizados sejam renegociados com base em dep\u00f3sitos \u00e0 vista, sem custo adicional para a Uni\u00e3o.<\/p>\n<p style=\"text-align:justify\">Parte das opera\u00e7\u00f5es poder\u00e1 ser mantida nas fontes originais, ainda que com custos associados, enquanto as datas de corte estabelecidas no modelo marcam o per\u00edodo de aumento da inadimpl\u00eancia no cr\u00e9dito rural.<\/p>\n<p style=\"text-align:justify\">No caso de opera\u00e7\u00f5es com recursos de fundos constitucionais e do Funcaf\u00e9, a proposta mant\u00e9m as taxas vigentes em cada plano safra, como os ciclos 2024\/25 e 2026\/27.<\/p>\n<p style=\"text-align:justify\">A estimativa detalhada aponta que, do total de R$ 81,6 bilh\u00f5es, cerca de R$ 7 bilh\u00f5es correspondem a opera\u00e7\u00f5es do Pronaf, aproximadamente R$ 11,2 bilh\u00f5es ao Pronamp e cerca de R$ 63,3 bilh\u00f5es aos demais produtores, considerando contratos adimplentes prorrogados e inadimplentes.&#13;\n<\/p>\n<p style=\"text-align:justify\"><em>Com informa\u00e7\u00f5es da CNN Brasil*<\/em><\/p>\n<\/p><\/div>\n<p><script data-cfasync=\"false\">\n    !function (f, b, e, v, n, t, s) {\n        if (f.fbq) return; n = f.fbq = function () {\n            n.callMethod ?\n                n.callMethod.apply(n, arguments) : n.queue.push(arguments)\n        };\n        if (!f._fbq) f._fbq = n; n.push = n; n.loaded = !0; n.version = '2.0';\n        n.queue = []; t = b.createElement(e); t.async = !0;\n        t.src = v; s = b.getElementsByTagName(e)[0];\n        s.parentNode.insertBefore(t, s)\n    }(window, document, 'script',\n        'https:\/\/connect.facebook.net\/en_US\/fbevents.js');\n    fbq('init', '522546078623747');\n    fbq('track', 'PageView');\n<\/script><br \/>\n<br \/><br \/>\n<br \/><a href=\"https:\/\/www.agrolink.com.br\/noticias\/governo-propoe-renegociacao-de-ate-r--81-6-bilhoes-em-dividas-rurais_513541.html\">Source link <\/a><\/p>\n","protected":false},"excerpt":{"rendered":"<p>O governo federal apresentou na \u00faltima quinta-feira (23) ao senador Renan Calheiros (MDB-AL) uma proposta de renegocia\u00e7\u00e3o de d\u00edvidas do<\/p>\n","protected":false},"author":1,"featured_media":969,"comment_status":"open","ping_status":"open","sticky":false,"template":"","format":"standard","meta":{"_monsterinsights_skip_tracking":false,"_monsterinsights_sitenote_active":false,"_monsterinsights_sitenote_note":"","_monsterinsights_sitenote_category":0,"_uf_show_specific_survey":0,"_uf_disable_surveys":false,"footnotes":""},"categories":[8,1,14],"tags":[],"class_list":["post-30195","post","type-post","status-publish","format-standard","has-post-thumbnail","hentry","category-agro","category-news","category-politica-agro"],"_links":{"self":[{"href":"https:\/\/agromt.news\/index.php?rest_route=\/wp\/v2\/posts\/30195"}],"collection":[{"href":"https:\/\/agromt.news\/index.php?rest_route=\/wp\/v2\/posts"}],"about":[{"href":"https:\/\/agromt.news\/index.php?rest_route=\/wp\/v2\/types\/post"}],"author":[{"embeddable":true,"href":"https:\/\/agromt.news\/index.php?rest_route=\/wp\/v2\/users\/1"}],"replies":[{"embeddable":true,"href":"https:\/\/agromt.news\/index.php?rest_route=%2Fwp%2Fv2%2Fcomments&post=30195"}],"version-history":[{"count":0,"href":"https:\/\/agromt.news\/index.php?rest_route=\/wp\/v2\/posts\/30195\/revisions"}],"wp:featuredmedia":[{"embeddable":true,"href":"https:\/\/agromt.news\/index.php?rest_route=\/wp\/v2\/media\/969"}],"wp:attachment":[{"href":"https:\/\/agromt.news\/index.php?rest_route=%2Fwp%2Fv2%2Fmedia&parent=30195"}],"wp:term":[{"taxonomy":"category","embeddable":true,"href":"https:\/\/agromt.news\/index.php?rest_route=%2Fwp%2Fv2%2Fcategories&post=30195"},{"taxonomy":"post_tag","embeddable":true,"href":"https:\/\/agromt.news\/index.php?rest_route=%2Fwp%2Fv2%2Ftags&post=30195"}],"curies":[{"name":"wp","href":"https:\/\/api.w.org\/{rel}","templated":true}]}}