{"id":30192,"date":"2026-04-27T23:26:29","date_gmt":"2026-04-28T03:26:29","guid":{"rendered":"https:\/\/agromt.news\/?p=30192"},"modified":"2026-04-27T23:26:29","modified_gmt":"2026-04-28T03:26:29","slug":"tecnologia-de-aplicacao-de-defensivos-agricolas-instrui-produtores-rurais-em-ubirata","status":"publish","type":"post","link":"https:\/\/agromt.news\/?p=30192","title":{"rendered":"Tecnologia de aplica\u00e7\u00e3o de defensivos agr\u00edcolas instrui produtores rurais em Ubirat\u00e3"},"content":{"rendered":"<p> <br \/>\n<\/p>\n<div>\n<p style=\"text-align:justify\">O Instituto de Desenvolvimento Rural do Paran\u00e1 (IDR-Paran\u00e1) reuniu produtores rurais, em\u00a0Ubirat\u00e3, com o objetivo de iniciar um projeto-piloto na regi\u00e3o de Campo Mour\u00e3o para a otimiza\u00e7\u00e3o da efici\u00eancia, seguran\u00e7a e sustentabilidade das pulveriza\u00e7\u00f5es de defensivos agr\u00edcolas. O encontro deu \u00eanfase na tecnologia de aplica\u00e7\u00e3o agr\u00edcola (TAA) e Inspe\u00e7\u00e3o Peri\u00f3dica de Pulverizadores (IPP). Os extensionistas Ant\u00f4nio Eduardo Egydio e Eduardo Campos Barbosa abordaram conte\u00fados te\u00f3ricos e pr\u00e1ticos nos seguintes temas de deriva na pulveriza\u00e7\u00e3o: como evitar, pontas de pulveriza\u00e7\u00e3o na tecnologia de aplica\u00e7\u00e3o, tecnologias de forma\u00e7\u00e3o de gotas, integra\u00e7\u00e3o da ponta com o sistema de aplica\u00e7\u00e3o, regulagem, calibra\u00e7\u00e3o e boas pr\u00e1ticas de pulveriza\u00e7\u00e3o, erros comuns da pulveriza\u00e7\u00e3o e como evit\u00e1-los e regulagem do pulverizador com uso do FLUXIN.&#13;\n<\/p>\n<p style=\"text-align:justify\">O evento de capacita\u00e7\u00e3o contou com a participa\u00e7\u00e3o de 14 produtores do Projeto de Gr\u00e3os, assistidos pelo extensionista local Luiz Henrique Oliveira Souza, respons\u00e1vel pelo projeto. O bate-papo contemplou que a aplica\u00e7\u00e3o de defensivos agr\u00edcolas \u00e9 uma pr\u00e1tica peri\u00f3dica na agricultura, seja para a preven\u00e7\u00e3o ou para o controle de pragas, doen\u00e7as e plantas daninhas, com a finalidade de manter a sanidade das culturas e proteger o potencial produtivo da lavoura. Contudo, observou-se a necessidade do produtor utilizar o produto correto, na dose recomendada, para alcan\u00e7ar a efici\u00eancia no controle esperado.\u00a0<\/p>\n<p style=\"text-align:justify\">Na maioria casos em que h\u00e1 algum tipo de inefici\u00eancia, o problema n\u00e3o est\u00e1 no defensivo em si, mas na forma e condi\u00e7\u00f5es em que ele \u00e9 aplicado. Segundo explicaram os extensionistas, o conhecimento dos componentes da tecnologia de aplica\u00e7\u00e3o permite a tomada de decis\u00e3o mais certeira no controle de pragas, doen\u00e7as e plantas daninhas. Sendo que a qualidade da pulveriza\u00e7\u00e3o est\u00e1 diretamente associada \u00e0 redu\u00e7\u00e3o de perdas, o que pode depender do uso apropriado dos equipamentos, da escolha adequada das pontas de pulveriza\u00e7\u00e3o e da realiza\u00e7\u00e3o da aplica\u00e7\u00e3o em condi\u00e7\u00f5es clim\u00e1ticas favor\u00e1veis.&#13;\n<\/p>\n<p style=\"text-align:justify\">O projeto-piloto na regi\u00e3o de Campo Mour\u00e3o visa a amplia\u00e7\u00e3o para outros munic\u00edpios da COMCAM, refor\u00e7ando a import\u00e2ncia das boas pr\u00e1ticas agr\u00edcolas, auxiliando para a redu\u00e7\u00e3o de desperd\u00edcios, menor impacto ambiental e maior efici\u00eancia no controle de pragas, doen\u00e7as e plantas daninhas, al\u00e9m de repassar conhecimentos t\u00e9cnicos e promover a profissionaliza\u00e7\u00e3o dos produtores rurais.<\/p>\n<\/p><\/div>\n<p><script data-cfasync=\"false\">\n    !function (f, b, e, v, n, t, s) {\n        if (f.fbq) return; n = f.fbq = function () {\n            n.callMethod ?\n                n.callMethod.apply(n, arguments) : n.queue.push(arguments)\n        };\n        if (!f._fbq) f._fbq = n; n.push = n; n.loaded = !0; n.version = '2.0';\n        n.queue = []; t = b.createElement(e); t.async = !0;\n        t.src = v; s = b.getElementsByTagName(e)[0];\n        s.parentNode.insertBefore(t, s)\n    }(window, document, 'script',\n        'https:\/\/connect.facebook.net\/en_US\/fbevents.js');\n    fbq('init', '522546078623747');\n    fbq('track', 'PageView');\n<\/script><br \/>\n<br \/><br \/>\n<br \/><a href=\"https:\/\/www.agrolink.com.br\/noticias\/tecnologia-de-aplicacao-de-defensivos-agricolas-instrui-produtores-rurais-em-ubirata_513542.html\">Source link <\/a><\/p>\n","protected":false},"excerpt":{"rendered":"<p>O Instituto de Desenvolvimento Rural do Paran\u00e1 (IDR-Paran\u00e1) reuniu produtores rurais, em\u00a0Ubirat\u00e3, com o objetivo de iniciar um projeto-piloto na<\/p>\n","protected":false},"author":1,"featured_media":30193,"comment_status":"open","ping_status":"open","sticky":false,"template":"","format":"standard","meta":{"_monsterinsights_skip_tracking":false,"_monsterinsights_sitenote_active":false,"_monsterinsights_sitenote_note":"","_monsterinsights_sitenote_category":0,"_uf_show_specific_survey":0,"_uf_disable_surveys":false,"footnotes":""},"categories":[8,1,14],"tags":[],"class_list":["post-30192","post","type-post","status-publish","format-standard","has-post-thumbnail","hentry","category-agro","category-news","category-politica-agro"],"_links":{"self":[{"href":"https:\/\/agromt.news\/index.php?rest_route=\/wp\/v2\/posts\/30192"}],"collection":[{"href":"https:\/\/agromt.news\/index.php?rest_route=\/wp\/v2\/posts"}],"about":[{"href":"https:\/\/agromt.news\/index.php?rest_route=\/wp\/v2\/types\/post"}],"author":[{"embeddable":true,"href":"https:\/\/agromt.news\/index.php?rest_route=\/wp\/v2\/users\/1"}],"replies":[{"embeddable":true,"href":"https:\/\/agromt.news\/index.php?rest_route=%2Fwp%2Fv2%2Fcomments&post=30192"}],"version-history":[{"count":0,"href":"https:\/\/agromt.news\/index.php?rest_route=\/wp\/v2\/posts\/30192\/revisions"}],"wp:featuredmedia":[{"embeddable":true,"href":"https:\/\/agromt.news\/index.php?rest_route=\/wp\/v2\/media\/30193"}],"wp:attachment":[{"href":"https:\/\/agromt.news\/index.php?rest_route=%2Fwp%2Fv2%2Fmedia&parent=30192"}],"wp:term":[{"taxonomy":"category","embeddable":true,"href":"https:\/\/agromt.news\/index.php?rest_route=%2Fwp%2Fv2%2Fcategories&post=30192"},{"taxonomy":"post_tag","embeddable":true,"href":"https:\/\/agromt.news\/index.php?rest_route=%2Fwp%2Fv2%2Ftags&post=30192"}],"curies":[{"name":"wp","href":"https:\/\/api.w.org\/{rel}","templated":true}]}}