{"id":30189,"date":"2026-04-27T20:47:15","date_gmt":"2026-04-28T00:47:15","guid":{"rendered":"https:\/\/agromt.news\/?p=30189"},"modified":"2026-04-27T20:47:15","modified_gmt":"2026-04-28T00:47:15","slug":"liderancas-do-agro-criticam-falta-de-investimentos-apos-anuncio-do-governo","status":"publish","type":"post","link":"https:\/\/agromt.news\/?p=30189","title":{"rendered":"Lideran\u00e7as do agro criticam falta de investimentos ap\u00f3s an\u00fancio do governo"},"content":{"rendered":"<p> <br \/>\n<\/p>\n<div>\n<figure><img decoding=\"async\" src=\"https:\/\/agromt.news\/wp-content\/uploads\/2026\/04\/Liderancas-do-agro-criticam-falta-de-investimentos-apos-anuncio-do.jpg\" alt=\"\" \/><\/figure>\n<\/div>\n<p>A 31\u00aa edi\u00e7\u00e3o da Agrow, realizada em Ribeir\u00e3o Preto, S\u00e3o Paulo, foi oficialmente aberta no \u00faltimo domingo, com a presen\u00e7a do vice-presidente da Rep\u00fablica, Geraldo Alckmin. Durante o evento, o governo federal anunciou R$ 10 bilh\u00f5es para cr\u00e9dito de m\u00e1quinas agr\u00edcolas, mas lideran\u00e7as do setor criticaram a falta de investimentos significativos.<\/p>\n<h2>An\u00fancio de cr\u00e9dito para m\u00e1quinas agr\u00edcolas<\/h2>\n<p>O governo anunciou a libera\u00e7\u00e3o de R$ 10 bilh\u00f5es para financiar equipamentos agr\u00edcolas, atrav\u00e9s do programa M\u00f3vel Agr\u00edcola, que prev\u00ea a libera\u00e7\u00e3o dos recursos em at\u00e9 tr\u00eas semanas, com taxa de juros de um d\u00edgito. O financiamento ser\u00e1 realizado pela FINEP e parceiros do setor.<\/p>\n<h2>Cr\u00edticas das lideran\u00e7as do agro<\/h2>\n<p>Apesar do an\u00fancio, representantes do setor expressaram insatisfa\u00e7\u00e3o com a falta de clareza sobre a origem dos recursos e a aus\u00eancia de solu\u00e7\u00f5es para o endividamento dos produtores. Entre as cr\u00edticas, destacaram-se:<\/p>\n<ul>\n<li>Incerteza sobre a origem dos R$ 10 bilh\u00f5es anunciados.<\/li>\n<li>Necessidade urgente de solu\u00e7\u00f5es para o endividamento dos produtores.<\/li>\n<li>Promessas de redu\u00e7\u00e3o de juros sem a\u00e7\u00f5es concretas.<\/li>\n<\/ul>\n<h2>Expectativas para o futuro<\/h2>\n<p>As lideran\u00e7as esperam uma participa\u00e7\u00e3o mais efetiva do governo na resolu\u00e7\u00e3o dos problemas do setor, especialmente em rela\u00e7\u00e3o ao endividamento, que \u00e9 considerado um dos principais desafios enfrentados pelos produtores. O setor aguarda tamb\u00e9m a tramita\u00e7\u00e3o de um projeto na C\u00e2mara que visa sanar essas d\u00edvidas, atualmente sob relatoria do senador Renan Calheiros.<\/p>\n<p>O post <a href=\"https:\/\/www.canalrural.com.br\/videos\/liderancas-do-agro-criticam-falta-de-investimentos-apos-anuncio-do-governo\/\">Lideran\u00e7as do agro criticam falta de investimentos ap\u00f3s an\u00fancio do governo<\/a> apareceu primeiro em <a href=\"https:\/\/www.canalrural.com.br\">Canal Rural<\/a>.<\/p>\n<p><br \/>\n<br \/><a href=\"https:\/\/www.canalrural.com.br\/videos\/liderancas-do-agro-criticam-falta-de-investimentos-apos-anuncio-do-governo\/\">Source link <\/a><\/p>\n","protected":false},"excerpt":{"rendered":"<p>A 31\u00aa edi\u00e7\u00e3o da Agrow, realizada em Ribeir\u00e3o Preto, S\u00e3o Paulo, foi oficialmente aberta no \u00faltimo domingo, com a presen\u00e7a<\/p>\n","protected":false},"author":1,"featured_media":30190,"comment_status":"open","ping_status":"open","sticky":false,"template":"","format":"standard","meta":{"_monsterinsights_skip_tracking":false,"_monsterinsights_sitenote_active":false,"_monsterinsights_sitenote_note":"","_monsterinsights_sitenote_category":0,"_uf_show_specific_survey":0,"_uf_disable_surveys":false,"footnotes":""},"categories":[1],"tags":[],"class_list":["post-30189","post","type-post","status-publish","format-standard","has-post-thumbnail","hentry","category-news"],"_links":{"self":[{"href":"https:\/\/agromt.news\/index.php?rest_route=\/wp\/v2\/posts\/30189"}],"collection":[{"href":"https:\/\/agromt.news\/index.php?rest_route=\/wp\/v2\/posts"}],"about":[{"href":"https:\/\/agromt.news\/index.php?rest_route=\/wp\/v2\/types\/post"}],"author":[{"embeddable":true,"href":"https:\/\/agromt.news\/index.php?rest_route=\/wp\/v2\/users\/1"}],"replies":[{"embeddable":true,"href":"https:\/\/agromt.news\/index.php?rest_route=%2Fwp%2Fv2%2Fcomments&post=30189"}],"version-history":[{"count":0,"href":"https:\/\/agromt.news\/index.php?rest_route=\/wp\/v2\/posts\/30189\/revisions"}],"wp:featuredmedia":[{"embeddable":true,"href":"https:\/\/agromt.news\/index.php?rest_route=\/wp\/v2\/media\/30190"}],"wp:attachment":[{"href":"https:\/\/agromt.news\/index.php?rest_route=%2Fwp%2Fv2%2Fmedia&parent=30189"}],"wp:term":[{"taxonomy":"category","embeddable":true,"href":"https:\/\/agromt.news\/index.php?rest_route=%2Fwp%2Fv2%2Fcategories&post=30189"},{"taxonomy":"post_tag","embeddable":true,"href":"https:\/\/agromt.news\/index.php?rest_route=%2Fwp%2Fv2%2Ftags&post=30189"}],"curies":[{"name":"wp","href":"https:\/\/api.w.org\/{rel}","templated":true}]}}