{"id":30181,"date":"2026-04-27T19:51:26","date_gmt":"2026-04-27T23:51:26","guid":{"rendered":"https:\/\/agromt.news\/?p=30181"},"modified":"2026-04-27T19:51:26","modified_gmt":"2026-04-27T23:51:26","slug":"frente-fria-provoca-amanhecer-gelado-no-rio-grande-do-sul","status":"publish","type":"post","link":"https:\/\/agromt.news\/?p=30181","title":{"rendered":"Frente fria provoca amanhecer gelado no Rio Grande do Sul"},"content":{"rendered":"<p> <br \/>\n<\/p>\n<div>\n<figure><img decoding=\"async\" src=\"https:\/\/agromt.news\/wp-content\/uploads\/2026\/04\/Frente-fria-provoca-amanhecer-gelado-no-Rio-Grande-do-Sul.jpg\" alt=\"\" \/><\/figure>\n<\/div>\n<p>Nesta ter\u00e7a-feira, uma massa de ar seco e frio garante uma manh\u00e3 gelada no Rio Grande do Sul, com temperaturas m\u00ednimas previstas de 6\u00baC em Cambar\u00e1 do Sul. Enquanto isso, uma frente fria no oceano provoca instabilidades com potencial para temporais no Paran\u00e1 e Santa Catarina.<\/p>\n<h2>Temperaturas no Rio Grande do Sul<\/h2>\n<p>Em Cambar\u00e1 do Sul, uma das regi\u00f5es mais altas do estado, a m\u00ednima de 6\u00baC deve ser a menor registrada nos pr\u00f3ximos 30 dias. As temperaturas come\u00e7am a subir a partir de quarta-feira, mas novas quedas s\u00e3o esperadas na semana seguinte.<\/p>\n<h2>Previs\u00e3o de chuvas<\/h2>\n<ul>\n<li>A segunda quinzena de maio n\u00e3o apresenta previs\u00e3o de chuvas significativas em Cambar\u00e1 do Sul.<\/li>\n<li>Na primeira semana de maio, as chuvas ganham for\u00e7a, especialmente no norte do pa\u00eds.<\/li>\n<li>Entre 8 e 12 de maio, as chuvas devem retornar \u00e0 regi\u00e3o sul e Mato Grosso do Sul.<\/li>\n<\/ul>\n<h2>Condi\u00e7\u00f5es clim\u00e1ticas em outras regi\u00f5es<\/h2>\n<p>O centro-norte de S\u00e3o Paulo at\u00e9 o sul do Piau\u00ed n\u00e3o deve registrar chuvas. A zona de converg\u00eancia intertropical influencia o clima no Nordeste, onde h\u00e1 previs\u00e3o de chuvas.<\/p>\n<p>O post <a href=\"https:\/\/www.canalrural.com.br\/videos\/frente-fria-provoca-amanhecer-gelado-no-rio-grande-do-sul\/\">Frente fria provoca amanhecer gelado no Rio Grande do Sul<\/a> apareceu primeiro em <a href=\"https:\/\/www.canalrural.com.br\">Canal Rural<\/a>.<\/p>\n<p><br \/>\n<br \/><a href=\"https:\/\/www.canalrural.com.br\/videos\/frente-fria-provoca-amanhecer-gelado-no-rio-grande-do-sul\/\">Source link <\/a><\/p>\n","protected":false},"excerpt":{"rendered":"<p>Nesta ter\u00e7a-feira, uma massa de ar seco e frio garante uma manh\u00e3 gelada no Rio Grande do Sul, com temperaturas<\/p>\n","protected":false},"author":1,"featured_media":30182,"comment_status":"open","ping_status":"open","sticky":false,"template":"","format":"standard","meta":{"_monsterinsights_skip_tracking":false,"_monsterinsights_sitenote_active":false,"_monsterinsights_sitenote_note":"","_monsterinsights_sitenote_category":0,"_uf_show_specific_survey":0,"_uf_disable_surveys":false,"footnotes":""},"categories":[1],"tags":[],"class_list":["post-30181","post","type-post","status-publish","format-standard","has-post-thumbnail","hentry","category-news"],"_links":{"self":[{"href":"https:\/\/agromt.news\/index.php?rest_route=\/wp\/v2\/posts\/30181"}],"collection":[{"href":"https:\/\/agromt.news\/index.php?rest_route=\/wp\/v2\/posts"}],"about":[{"href":"https:\/\/agromt.news\/index.php?rest_route=\/wp\/v2\/types\/post"}],"author":[{"embeddable":true,"href":"https:\/\/agromt.news\/index.php?rest_route=\/wp\/v2\/users\/1"}],"replies":[{"embeddable":true,"href":"https:\/\/agromt.news\/index.php?rest_route=%2Fwp%2Fv2%2Fcomments&post=30181"}],"version-history":[{"count":0,"href":"https:\/\/agromt.news\/index.php?rest_route=\/wp\/v2\/posts\/30181\/revisions"}],"wp:featuredmedia":[{"embeddable":true,"href":"https:\/\/agromt.news\/index.php?rest_route=\/wp\/v2\/media\/30182"}],"wp:attachment":[{"href":"https:\/\/agromt.news\/index.php?rest_route=%2Fwp%2Fv2%2Fmedia&parent=30181"}],"wp:term":[{"taxonomy":"category","embeddable":true,"href":"https:\/\/agromt.news\/index.php?rest_route=%2Fwp%2Fv2%2Fcategories&post=30181"},{"taxonomy":"post_tag","embeddable":true,"href":"https:\/\/agromt.news\/index.php?rest_route=%2Fwp%2Fv2%2Ftags&post=30181"}],"curies":[{"name":"wp","href":"https:\/\/api.w.org\/{rel}","templated":true}]}}