{"id":30172,"date":"2026-04-27T18:55:27","date_gmt":"2026-04-27T22:55:27","guid":{"rendered":"https:\/\/agromt.news\/?p=30172"},"modified":"2026-04-27T18:55:27","modified_gmt":"2026-04-27T22:55:27","slug":"mais-de-70-colmeias-de-abelhas-nativas-sao-resgatadas-em-reservatorio","status":"publish","type":"post","link":"https:\/\/agromt.news\/?p=30172","title":{"rendered":"Mais de 70 colmeias de abelhas nativas s\u00e3o resgatadas em reservat\u00f3rio"},"content":{"rendered":"<p> <br \/>\n<\/p>\n<div>\n<figure><img decoding=\"async\" src=\"https:\/\/agromt.news\/wp-content\/uploads\/2026\/04\/Mais-de-70-colmeias-de-abelhas-nativas-sao-resgatadas-em.jpg\" alt=\"abelhas\/resgate\" \/><figcaption>Foto: divulga\u00e7\u00e3o\/Sanepar<\/figcaption><\/figure>\n<\/div>\n<p>Desde janeiro de 2025, quando iniciou o trabalho de resgate de flora e fauna na regi\u00e3o do Reservat\u00f3rio Miringuava, a Companhia de Saneamento do Paran\u00e1 (Sanepar) j\u00e1 registrou 123 resgates de ninhos de vespas e colmeias de abelhas. Desse total, mais de 70 colmeias s\u00e3o de 15 esp\u00e9cies diferentes de abelhas nativas sem ferr\u00e3o.<\/p>\n<ul class=\"wp-block-list\">\n<li><em>Veja em primeira m\u00e3o tudo sobre agricultura, pecu\u00e1ria, economia e previs\u00e3o do tempo:<\/em><a href=\"https:\/\/news.google.com\/publications\/CAAqBwgKMPKZlQswq_mqAw?hl=pt-BR&amp;gl=BR&amp;ceid=BR%3Apt-419\"><em> <\/em><strong><em>siga o Canal Rural no Google News!<\/em><\/strong><\/a><\/li>\n<\/ul>\n<p>O diretor-presidente da Sanepar, Wilson Bley, destaca que a constru\u00e7\u00e3o de um reservat\u00f3rio \u00e9 complexa e existe um planejamento voltado para o cuidado com a fauna e a flora locais. <\/p>\n<p>&#8220;Garantimos a seguran\u00e7a h\u00eddrica da popula\u00e7\u00e3o de Curitiba e Regi\u00e3o Metropolitana com aumento de 25% de reserva\u00e7\u00e3o de \u00e1gua do sistema integrado com o Reservat\u00f3rio Miringuava e mantemos nosso compromisso com a sustentabilidade durante todas as etapas de constru\u00e7\u00e3o, enchimento e opera\u00e7\u00e3o da barragem&#8221;, declara.<\/p>\n<p>A bi\u00f3loga e gestora ambiental da Sanepar, Ana Cristina do Rego Barros, explica que as equipes especializadas em resgate e afugentamento de fauna realizam um acompanhamento simult\u00e2neo aos trabalhos de supress\u00e3o vegetal e limpeza da \u00e1rea. <\/p>\n<p>Al\u00e9m das abelhas, mais de 10 mil animais silvestres j\u00e1 foram resgatados ou afugentados. O trabalho ser\u00e1 mantido at\u00e9 a finaliza\u00e7\u00e3o do enchimento da barragem.<\/p>\n<h2 class=\"wp-block-heading\" id=\"h-especies-resgatadas\">Esp\u00e9cies resgatadas<\/h2>\n<p>De acordo com H\u00e9lio Massao Isobe, bi\u00f3logo da empresa Jardiplan, contratada da Sanepar no processo de resgate de fauna, as abelhas resgatadas s\u00e3o, na maioria, do grupo <em>Meliponini<\/em> (abelhas sem ferr\u00e3o). Tamb\u00e9m t\u00eam sido resgatadas abelhas ex\u00f3ticas, do g\u00eanero Apis, al\u00e9m de mamangavas e vespas. <\/p>\n<p>&#8220;Uma das esp\u00e9cies que tivemos maior n\u00famero \u00e9 uma esp\u00e9cie bastante interessante e peculiar, que \u00e9 a Mirim-Gua\u00e7u. \u00c9 uma abelha que poliniza, e as colmeias que encontramos apresentam uma reserva de alimento muito grande, o que para os criadores \u00e9 algo diferente&#8221;, observa.<\/p>\n<figure class=\"wp-block-image size-full\"><img fetchpriority=\"high\" decoding=\"async\" width=\"421\" height=\"263\" src=\"https:\/\/agromt.news\/wp-content\/uploads\/2026\/04\/Mais-de-70-colmeias-de-abelhas-nativas-sao-resgatadas-em.webp.webp\" alt=\"Mirim-gua\u00e7u; abelha\" class=\"wp-image-4167768\" \/><figcaption class=\"wp-element-caption\">Foto: divulga\u00e7\u00e3o\/Sanepar<\/figcaption><\/figure>\n<h2 class=\"wp-block-heading\" id=\"h-importancia-do-resgate\">Import\u00e2ncia do resgate<\/h2>\n<p>Isobe destaca que \u00e9 fundamental resgatar as abelhas, especialmente na fase atual de enchimento da barragem, porque elas n\u00e3o abandonam o local de origem. <\/p>\n<p>&#8220;As abelhas vivem em colmeia, t\u00eam um grupo de castas sociais onde elas se organizam, cada uma na sua fun\u00e7\u00e3o. Mesmo que a \u00e1gua suba, elas n\u00e3o v\u00e3o sair. Ent\u00e3o, a gente precisa ir l\u00e1 retirar o ninho, passar para uma caixa ou retirar em cepo (sec\u00e7\u00e3o de tronco) e fazer a remo\u00e7\u00e3o do local&#8221;, afirma.<\/p>\n<p>O m\u00e9todo do resgate varia de acordo com a situa\u00e7\u00e3o. Se a colmeia ficou exposta no momento do corte, \u00e9 feita a transfer\u00eancia do ninho para uma caixa, que \u00e9 fechada e remanejada para o Centro de Triagem de Animais Silvestres (Cetas), localizado pr\u00f3ximo ao reservat\u00f3rio. Quando a colmeia fica no interior do tronco, toda a estrutura \u00e9 encaminhada para o centro de triagem. <\/p>\n<figure class=\"wp-block-image size-large\"><img decoding=\"async\" width=\"1024\" height=\"683\" src=\"https:\/\/agromt.news\/wp-content\/uploads\/2026\/04\/1777330527_575_Mais-de-70-colmeias-de-abelhas-nativas-sao-resgatadas-em.jpg\" alt=\"Colmeia no interior do tronco\" class=\"wp-image-4167756\" \/><figcaption class=\"wp-element-caption\">Colmeia no interior do tronco. Foto: divulga\u00e7\u00e3o\/Sanepar<\/figcaption><\/figure>\n<p>&#8220;N\u00f3s monitoramos o desenvolvimento delas, se conseguiram se reestruturar, controlar o ataque de for\u00eddeos (pequenas moscas) e se conseguiram iniciar o dep\u00f3sito de mel e p\u00f3len&#8221;, esclarece Isobe.<\/p>\n<p>A maioria das colmeias ser\u00e1 destinada para \u00e1reas de preserva\u00e7\u00e3o permanente da represa. O restante ser\u00e1 enviado a meliponicultores da bacia do Miringuava para enriquecimento gen\u00e9tico dos plant\u00e9is, para a Universidade Federal do Paran\u00e1 (UFPR), para a Embrapa e tamb\u00e9m para a prefeitura de S\u00e3o Jos\u00e9 dos Pinhais, que desenvolve um projeto educativo.<\/p>\n<h2 class=\"wp-block-heading\" id=\"h-protecao-da-agua\">Prote\u00e7\u00e3o da \u00e1gua<\/h2>\n<p>Consideradas vitais para o equil\u00edbrio dos ecossistemas, as abelhas participam significativamente na prote\u00e7\u00e3o de rios, nascentes e mananciais, promovendo a regenera\u00e7\u00e3o natural de florestas e matas ciliares por meio da poliniza\u00e7\u00e3o. <\/p>\n<p>&#8220;As abelhas cumprem um servi\u00e7o ecossist\u00eamico imensur\u00e1vel, n\u00e3o tem como calcular. Ent\u00e3o, \u00e9 muito importante que a gente desempenhe esse papel, porque \u00e9 um patrim\u00f4nio gen\u00e9tico que est\u00e1 aqui, traz uma s\u00e9rie de informa\u00e7\u00f5es importantes e servir\u00e1 para in\u00fameras pesquisas e estudos&#8221;, acrescenta Isobe.\u00a0<\/p>\n<h2 class=\"wp-block-heading\" id=\"h-jardins-de-agua-e-mel\">Jardins de \u00e1gua e mel  <\/h2>\n<p>Outra iniciativa da Sanepar relativa \u00e0 prote\u00e7\u00e3o de abelhas nativas \u00e9 o Jardim de \u00c1gua e Mel. O projeto visa a constru\u00e7\u00e3o de jardins, preferencialmente em ambientes escolares, que abrigam col\u00f4nias de abelhas nativas sem ferr\u00e3o, como as esp\u00e9cies manda\u00e7aia e jata\u00ed. <\/p>\n<p>Nesses espa\u00e7os, tamb\u00e9m \u00e9 estimulado o cultivo de Plantas Aliment\u00edcias N\u00e3o Convencionais (Pancs), flores mel\u00edferas e \u00e9 incentivada a pr\u00e1tica de compostagem.<\/p>\n<p>Desde a implanta\u00e7\u00e3o do primeiro jardim, em 2021, a Sanepar j\u00e1 entregou 79 jardins compactos, tr\u00eas completos e 37 minimalistas, totalizando 614 col\u00f4nias de abelhas sem ferr\u00e3o. Ao todo, a iniciativa j\u00e1 impactou 89.861 pessoas em 32 munic\u00edpios.<\/p>\n<h2 class=\"wp-block-heading\" id=\"h-sobre-o-resgate\">Sobre o resgate<\/h2>\n<p>De acordo com a Sanepar, o processo de resgate de animais faz parte de <a href=\"https:\/\/www.sanepar.com.br\/noticias\/sanepar-resgatou-cerca-de-2-mil-animais-desde-o-inicio-do-enchimento-do-reservatorio-miringuava\">a\u00e7\u00f5es<\/a> que a empresa precisa desenvolver em todos os grandes empreendimentos, principalmente quando envolve supress\u00e3o vegetal.<\/p>\n<p>&#8220;J\u00e1 mostramos o resgate embarcado, feito ap\u00f3s o in\u00edcio do enchimento. Temos v\u00e1rios materiais jornal\u00edsticos dispon\u00edveis, dentre eles v\u00eddeos e entrevistas&#8221;, destacou.<\/p>\n<p>O post <a href=\"https:\/\/www.canalrural.com.br\/sustentabilidade\/mais-de-70-colmeias-de-abelhas-nativas-sao-resgatadas-em-reservatorio\/\">Mais de 70 colmeias de abelhas nativas s\u00e3o resgatadas em reservat\u00f3rio<\/a> apareceu primeiro em <a href=\"https:\/\/www.canalrural.com.br\">Canal Rural<\/a>.<\/p>\n<p><br \/>\n<br \/><a href=\"https:\/\/www.canalrural.com.br\/sustentabilidade\/mais-de-70-colmeias-de-abelhas-nativas-sao-resgatadas-em-reservatorio\/\">Source link <\/a><\/p>\n","protected":false},"excerpt":{"rendered":"<p>Foto: divulga\u00e7\u00e3o\/Sanepar Desde janeiro de 2025, quando iniciou o trabalho de resgate de flora e fauna na regi\u00e3o do Reservat\u00f3rio<\/p>\n","protected":false},"author":1,"featured_media":30173,"comment_status":"open","ping_status":"open","sticky":false,"template":"","format":"standard","meta":{"_monsterinsights_skip_tracking":false,"_monsterinsights_sitenote_active":false,"_monsterinsights_sitenote_note":"","_monsterinsights_sitenote_category":0,"_uf_show_specific_survey":0,"_uf_disable_surveys":false,"footnotes":""},"categories":[1],"tags":[],"class_list":["post-30172","post","type-post","status-publish","format-standard","has-post-thumbnail","hentry","category-news"],"_links":{"self":[{"href":"https:\/\/agromt.news\/index.php?rest_route=\/wp\/v2\/posts\/30172"}],"collection":[{"href":"https:\/\/agromt.news\/index.php?rest_route=\/wp\/v2\/posts"}],"about":[{"href":"https:\/\/agromt.news\/index.php?rest_route=\/wp\/v2\/types\/post"}],"author":[{"embeddable":true,"href":"https:\/\/agromt.news\/index.php?rest_route=\/wp\/v2\/users\/1"}],"replies":[{"embeddable":true,"href":"https:\/\/agromt.news\/index.php?rest_route=%2Fwp%2Fv2%2Fcomments&post=30172"}],"version-history":[{"count":0,"href":"https:\/\/agromt.news\/index.php?rest_route=\/wp\/v2\/posts\/30172\/revisions"}],"wp:featuredmedia":[{"embeddable":true,"href":"https:\/\/agromt.news\/index.php?rest_route=\/wp\/v2\/media\/30173"}],"wp:attachment":[{"href":"https:\/\/agromt.news\/index.php?rest_route=%2Fwp%2Fv2%2Fmedia&parent=30172"}],"wp:term":[{"taxonomy":"category","embeddable":true,"href":"https:\/\/agromt.news\/index.php?rest_route=%2Fwp%2Fv2%2Fcategories&post=30172"},{"taxonomy":"post_tag","embeddable":true,"href":"https:\/\/agromt.news\/index.php?rest_route=%2Fwp%2Fv2%2Ftags&post=30172"}],"curies":[{"name":"wp","href":"https:\/\/api.w.org\/{rel}","templated":true}]}}