{"id":30171,"date":"2026-04-27T18:41:27","date_gmt":"2026-04-27T22:41:27","guid":{"rendered":"https:\/\/agromt.news\/?p=30171"},"modified":"2026-04-27T18:41:27","modified_gmt":"2026-04-27T22:41:27","slug":"mercado-do-boi-gordo-inicia-semana-com-pressao-de-baixa-em-parte-do-pais","status":"publish","type":"post","link":"https:\/\/agromt.news\/?p=30171","title":{"rendered":"Mercado do boi gordo inicia semana com press\u00e3o de baixa em parte do pa\u00eds"},"content":{"rendered":"<p> <br \/>\n<\/p>\n<div>\n<figure><img decoding=\"async\" src=\"https:\/\/agromt.news\/wp-content\/uploads\/2026\/03\/Oferta-restrita-mantem-escalas-curtas-e-precos-do-boi-gordo.jpg\" alt=\"boi gordo mercado\" \/><figcaption>Foto: Secretaria de Agricultura e Abastecimento do Estado de S\u00e3o Paulo<\/figcaption><\/figure>\n<\/div>\n<p>O <a href=\"https:\/\/www.canalrural.com.br\/?s=+mercado+f%C3%ADsico+do+boi+gordo+\">mercado f\u00edsico do boi gordo <\/a>abriu a semana com tentativas de compra em n\u00edveis mais baixos de pre\u00e7o, indicando press\u00e3o de baixa em algumas regi\u00f5es produtoras. O movimento \u00e9 mais evidente em Goi\u00e1s e Minas Gerais, onde as pastagens sofrem com o estresse h\u00eddrico, reduzindo a capacidade de reten\u00e7\u00e3o dos pecuaristas e favorecendo negocia\u00e7\u00f5es em patamares inferiores.<\/p>\n<p>Por outro lado, estados como Mato Grosso, Par\u00e1, Tocantins e Rond\u00f4nia apresentam um cen\u00e1rio mais equilibrado. A maior regularidade das chuvas ao longo de abril garantiu boas condi\u00e7\u00f5es das pastagens, que seguem com vigor. Isso amplia a capacidade de reten\u00e7\u00e3o do gado e reduz a press\u00e3o imediata por vendas, limitando movimentos mais acentuados de queda nesses mercados.<\/p>\n<ul class=\"wp-block-list\">\n<li><em>Veja em primeira m\u00e3o tudo sobre agricultura, pecu\u00e1ria, economia e previs\u00e3o do tempo:<\/em><a href=\"https:\/\/news.google.com\/publications\/CAAqBwgKMPKZlQswq_mqAw?hl=pt-BR&amp;gl=BR&amp;ceid=BR%3Apt-419\"><strong><em>siga o Canal Rural no Google News!<\/em><\/strong><\/a><\/li>\n<\/ul>\n<p>A expectativa, no entanto, \u00e9 de que uma press\u00e3o baixista mais ampla possa ganhar for\u00e7a apenas na segunda quinzena de maio. Outro fator relevante \u00e9 o avan\u00e7o da cota de exporta\u00e7\u00e3o para a China, que, segundo an\u00e1lise de mercado, pode ser totalmente utilizada at\u00e9 meados de junho, influenciando o ritmo das negocia\u00e7\u00f5es no curto prazo.<\/p>\n<h2 class=\"wp-block-heading\" id=\"h-precos-no-brasil\">Pre\u00e7os no Brasil <\/h2>\n<ul class=\"wp-block-list\">\n<li><strong>S\u00e3o Paulo (SP): <\/strong>R$ 360,25 (na modalidade a prazo)<\/li>\n<li> <strong>Goi\u00e1s (GO): <\/strong>R$ 343,75<\/li>\n<li><strong>Minas Gerais (MG): <\/strong>R$ 342,35<\/li>\n<li> <strong>Mato Grosso do Sul (MS): <\/strong>R$ 351,36<\/li>\n<li> <strong>Mato Grosso (MT): <\/strong>R$ 358,04<\/li>\n<\/ul>\n<h2 class=\"wp-block-heading\" id=\"h-atacado\">Atacado <\/h2>\n<p>No mercado atacadista, os pre\u00e7os da carne bovina permaneceram acomodados ao longo da segunda-feira. O ambiente de neg\u00f3cios ainda indica pouco espa\u00e7o para reajustes no restante do m\u00eas, refletindo a menor demanda t\u00edpica da segunda quinzena. Al\u00e9m disso, a carne bovina perde competitividade frente a outras prote\u00ednas, especialmente a carne de frango, que apresenta pre\u00e7os mais acess\u00edveis ao consumidor.<\/p>\n<p>Os cortes seguem est\u00e1veis. O quarto dianteiro \u00e9 negociado a R$ 23,50 por quilo, o quarto traseiro a R$ 28,50 por quilo e a ponta de agulha a R$ 21,50 por quilo.<\/p>\n<h2 class=\"wp-block-heading\" id=\"h-cambio\">C\u00e2mbio<\/h2>\n<p>No c\u00e2mbio, o d\u00f3lar comercial encerrou o dia em leve queda de 0,32%, sendo cotado a R$ 4,9821 para venda e R$ 4,9801 para compra. Durante a sess\u00e3o, a moeda norte-americana oscilou entre a m\u00ednima de R$ 4,9642 e a m\u00e1xima de R$ 4,9827.<\/p>\n<p>As informa\u00e7\u00f5es s\u00e3o da <a href=\"https:\/\/safras.com.br\/\">Safras &amp; Mercado<\/a>.<audio autoplay=\"\"><\/audio><\/p>\n<p>O post <a href=\"https:\/\/www.canalrural.com.br\/agricultura\/mercado-do-boi-gordo-inicia-semana-com-pressao-de-baixa-em-parte-do-pais\/\">Mercado do boi gordo inicia semana com press\u00e3o de baixa em parte do pa\u00eds<\/a> apareceu primeiro em <a href=\"https:\/\/www.canalrural.com.br\">Canal Rural<\/a>.<\/p>\n<p><br \/>\n<br \/><a href=\"https:\/\/www.canalrural.com.br\/agricultura\/mercado-do-boi-gordo-inicia-semana-com-pressao-de-baixa-em-parte-do-pais\/\">Source link <\/a><\/p>\n","protected":false},"excerpt":{"rendered":"<p>Foto: Secretaria de Agricultura e Abastecimento do Estado de S\u00e3o Paulo O mercado f\u00edsico do boi gordo abriu a semana<\/p>\n","protected":false},"author":1,"featured_media":28226,"comment_status":"open","ping_status":"open","sticky":false,"template":"","format":"standard","meta":{"_monsterinsights_skip_tracking":false,"_monsterinsights_sitenote_active":false,"_monsterinsights_sitenote_note":"","_monsterinsights_sitenote_category":0,"_uf_show_specific_survey":0,"_uf_disable_surveys":false,"footnotes":""},"categories":[1],"tags":[],"class_list":["post-30171","post","type-post","status-publish","format-standard","has-post-thumbnail","hentry","category-news"],"_links":{"self":[{"href":"https:\/\/agromt.news\/index.php?rest_route=\/wp\/v2\/posts\/30171"}],"collection":[{"href":"https:\/\/agromt.news\/index.php?rest_route=\/wp\/v2\/posts"}],"about":[{"href":"https:\/\/agromt.news\/index.php?rest_route=\/wp\/v2\/types\/post"}],"author":[{"embeddable":true,"href":"https:\/\/agromt.news\/index.php?rest_route=\/wp\/v2\/users\/1"}],"replies":[{"embeddable":true,"href":"https:\/\/agromt.news\/index.php?rest_route=%2Fwp%2Fv2%2Fcomments&post=30171"}],"version-history":[{"count":0,"href":"https:\/\/agromt.news\/index.php?rest_route=\/wp\/v2\/posts\/30171\/revisions"}],"wp:featuredmedia":[{"embeddable":true,"href":"https:\/\/agromt.news\/index.php?rest_route=\/wp\/v2\/media\/28226"}],"wp:attachment":[{"href":"https:\/\/agromt.news\/index.php?rest_route=%2Fwp%2Fv2%2Fmedia&parent=30171"}],"wp:term":[{"taxonomy":"category","embeddable":true,"href":"https:\/\/agromt.news\/index.php?rest_route=%2Fwp%2Fv2%2Fcategories&post=30171"},{"taxonomy":"post_tag","embeddable":true,"href":"https:\/\/agromt.news\/index.php?rest_route=%2Fwp%2Fv2%2Ftags&post=30171"}],"curies":[{"name":"wp","href":"https:\/\/api.w.org\/{rel}","templated":true}]}}