{"id":30167,"date":"2026-04-27T17:59:24","date_gmt":"2026-04-27T21:59:24","guid":{"rendered":"https:\/\/agromt.news\/?p=30167"},"modified":"2026-04-27T17:59:24","modified_gmt":"2026-04-27T21:59:24","slug":"maio-sera-chuvoso-inicio-do-mes-tera-precipitacoes-de-ate-200-mm-e-tempo-seco-em-algumas-regioes-saiba-onde","status":"publish","type":"post","link":"https:\/\/agromt.news\/?p=30167","title":{"rendered":"Maio ser\u00e1 chuvoso? In\u00edcio do m\u00eas ter\u00e1 precipita\u00e7\u00f5es de at\u00e9 200 mm e tempo seco em algumas regi\u00f5es; saiba onde"},"content":{"rendered":"<p> <br \/>\n<\/p>\n<div>\n<figure><img decoding=\"async\" src=\"https:\/\/agromt.news\/wp-content\/uploads\/2026\/03\/Zona-de-Convergencia-Intertropical-traz-chuvas-para-o-Brasil-e.jpg\" alt=\"gurada-chuva aberto em temporal\" \/><figcaption>Foto: Pixabay<\/figcaption><\/figure>\n<\/div>\n<p>A <a href=\"https:\/\/www.canalrural.com.br\/?s=previs%C3%A3o+do+tempo\">previs\u00e3o do tempo<\/a> para os pr\u00f3ximos dias indica um contraste importante nas condi\u00e7\u00f5es clim\u00e1ticas em diferentes regi\u00f5es do Brasil. Entre 28 de abril e 2 de maio, o tempo firme se estabelece sobre o Brasil central, abrangendo desde o centro-norte de S\u00e3o Paulo at\u00e9 o sul do Maranh\u00e3o. Essa condi\u00e7\u00e3o \u00e9 caracterizada pela aus\u00eancia de chuvas, favorecendo dias mais abertos e secos.<\/p>\n<ul class=\"wp-block-list\">\n<li><strong><em>Fique por dentro das principais not\u00edcias sobre a soja:<a href=\"https:\/\/chat.whatsapp.com\/BmMRwA0TZ2DHGyhzoaVEWu\"> acesse a comunidade Soja Brasil no WhatsApp! <\/a><\/em><\/strong><\/li>\n<\/ul>\n<p>Por outro lado, os maiores volumes de chuva se concentram no Norte do pa\u00eds e avan\u00e7am at\u00e9 \u00e1reas do Norte do Nordeste. Estados como Amazonas, Cear\u00e1, Rio Grande do Norte e regi\u00f5es do Maranh\u00e3o devem registrar precipita\u00e7\u00f5es mais intensas ao longo desse per\u00edodo. Nessas localidades, a presen\u00e7a de instabilidades mant\u00e9m o tempo carregado, com pancadas frequentes e acumulados elevados.<\/p>\n<h2 class=\"wp-block-heading\" id=\"h-sambaiba-ma\">Samba\u00edba (MA) <\/h2>\n<p>No Maranh\u00e3o, o cen\u00e1rio apresenta varia\u00e7\u00f5es importantes. Em Samba\u00edba, por exemplo, onde ainda h\u00e1 \u00e1reas de soja em fase de colheita, a previs\u00e3o indica aus\u00eancia de chuvas n\u00e3o apenas nos pr\u00f3ximos cinco dias, mas tamb\u00e9m ao longo dos pr\u00f3ximos 30 dias. Essa condi\u00e7\u00e3o favorece diretamente os trabalhos no campo, permitindo o avan\u00e7o das opera\u00e7\u00f5es de colheita sem interrup\u00e7\u00f5es. Em contrapartida, o solo mais seco pode prejudicar o desenvolvimento de culturas que ainda dependem de umidade.<\/p>\n<h2 class=\"wp-block-heading\" id=\"h-3-a-7-de-maio\">3 a 7 de maio <\/h2>\n<p>J\u00e1 no per\u00edodo entre 3 e 7 de maio, o padr\u00e3o se mant\u00e9m semelhante, com destaque para chuvas ainda mais intensas na regi\u00e3o Norte. O norte do Amazonas pode registrar acumulados superiores a 200 mm, indicando um cen\u00e1rio de precipita\u00e7\u00f5es volumosas. O Par\u00e1 e o norte do Maranh\u00e3o tamb\u00e9m seguem com previs\u00e3o de chuvas.<\/p>\n<p>Enquanto isso, a regi\u00e3o Centro-Oeste permanece com chuvas mais irregulares e volumes reduzidos, refor\u00e7ando a tend\u00eancia de tempo mais seco. <\/p>\n<p>O post <a href=\"https:\/\/www.canalrural.com.br\/agricultura\/projeto-soja-brasil\/maio-sera-chuvoso-inicio-do-mes-tera-precipitacoes-de-ate-200-mm-e-tempo-seco-em-algumas-regioes-saiba-onde\/\">Maio ser\u00e1 chuvoso? In\u00edcio do m\u00eas ter\u00e1 precipita\u00e7\u00f5es de at\u00e9 200 mm e tempo seco em algumas regi\u00f5es; saiba onde<\/a> apareceu primeiro em <a href=\"https:\/\/www.canalrural.com.br\">Canal Rural<\/a>.<\/p>\n<p><br \/>\n<br \/><a href=\"https:\/\/www.canalrural.com.br\/agricultura\/projeto-soja-brasil\/maio-sera-chuvoso-inicio-do-mes-tera-precipitacoes-de-ate-200-mm-e-tempo-seco-em-algumas-regioes-saiba-onde\/\">Source link <\/a><\/p>\n","protected":false},"excerpt":{"rendered":"<p>Foto: Pixabay A previs\u00e3o do tempo para os pr\u00f3ximos dias indica um contraste importante nas condi\u00e7\u00f5es clim\u00e1ticas em diferentes regi\u00f5es<\/p>\n","protected":false},"author":1,"featured_media":27756,"comment_status":"open","ping_status":"open","sticky":false,"template":"","format":"standard","meta":{"_monsterinsights_skip_tracking":false,"_monsterinsights_sitenote_active":false,"_monsterinsights_sitenote_note":"","_monsterinsights_sitenote_category":0,"_uf_show_specific_survey":0,"_uf_disable_surveys":false,"footnotes":""},"categories":[1],"tags":[],"class_list":["post-30167","post","type-post","status-publish","format-standard","has-post-thumbnail","hentry","category-news"],"_links":{"self":[{"href":"https:\/\/agromt.news\/index.php?rest_route=\/wp\/v2\/posts\/30167"}],"collection":[{"href":"https:\/\/agromt.news\/index.php?rest_route=\/wp\/v2\/posts"}],"about":[{"href":"https:\/\/agromt.news\/index.php?rest_route=\/wp\/v2\/types\/post"}],"author":[{"embeddable":true,"href":"https:\/\/agromt.news\/index.php?rest_route=\/wp\/v2\/users\/1"}],"replies":[{"embeddable":true,"href":"https:\/\/agromt.news\/index.php?rest_route=%2Fwp%2Fv2%2Fcomments&post=30167"}],"version-history":[{"count":0,"href":"https:\/\/agromt.news\/index.php?rest_route=\/wp\/v2\/posts\/30167\/revisions"}],"wp:featuredmedia":[{"embeddable":true,"href":"https:\/\/agromt.news\/index.php?rest_route=\/wp\/v2\/media\/27756"}],"wp:attachment":[{"href":"https:\/\/agromt.news\/index.php?rest_route=%2Fwp%2Fv2%2Fmedia&parent=30167"}],"wp:term":[{"taxonomy":"category","embeddable":true,"href":"https:\/\/agromt.news\/index.php?rest_route=%2Fwp%2Fv2%2Fcategories&post=30167"},{"taxonomy":"post_tag","embeddable":true,"href":"https:\/\/agromt.news\/index.php?rest_route=%2Fwp%2Fv2%2Ftags&post=30167"}],"curies":[{"name":"wp","href":"https:\/\/api.w.org\/{rel}","templated":true}]}}