{"id":30165,"date":"2026-04-27T17:45:21","date_gmt":"2026-04-27T21:45:21","guid":{"rendered":"https:\/\/agromt.news\/?p=30165"},"modified":"2026-04-27T17:45:21","modified_gmt":"2026-04-27T21:45:21","slug":"pasto-mal-manejado-custa-mais-caro-que-confinamento-alerta-especialista","status":"publish","type":"post","link":"https:\/\/agromt.news\/?p=30165","title":{"rendered":"Pasto mal manejado custa mais caro que confinamento, alerta especialista"},"content":{"rendered":"<p> <br \/>\n<\/p>\n<div>\n<figure><img decoding=\"async\" src=\"https:\/\/agromt.news\/wp-content\/uploads\/2026\/04\/Pasto-mal-manejado-custa-mais-caro-que-confinamento-alerta-especialista.jpg\" alt=\"Foto: Divulga\u00e7\u00e3o.\" \/><figcaption>Foto: Divulga\u00e7\u00e3o. <\/figcaption><\/figure>\n<\/div>\n<p>Nesta segunda-feira (27), o programa <em>Giro do Boi<\/em> promoveu um debate sobre a efici\u00eancia no uso das gram\u00edneas tropicais, um tema crucial para a rentabilidade da pecu\u00e1ria intensiva. O mestre em tecnologia de alimentos Ivan J\u00fanior, gerente executivo de marcas da Friboi, destacou a voca\u00e7\u00e3o brasileira para o \u201cboi verde\u201d como um diferencial competitivo no mercado global.<\/p>\n<p>Ivan J\u00fanior alertou que o manejo inadequado do pasto, sem a devida aten\u00e7\u00e3o a altura e aduba\u00e7\u00e3o, pode gerar custos de produ\u00e7\u00e3o invis\u00edveis que ultrapassam os gastos de um confinamento eficiente. A frase central do dia, &#8220;pasto mal manejado custa mais caro que um confinamento eficiente&#8221;, reflete a mudan\u00e7a de mentalidade necess\u00e1ria entre os produtores.<\/p>\n<p>Confira:<\/p>\n<h2 class=\"wp-block-heading\" id=\"h-importancia-do-manejo-adequado\">Import\u00e2ncia do manejo adequado<\/h2>\n<p>Segundo o especialista, ao ignorar as alturas de entrada e sa\u00edda do gado, o produtor compromete a rebrota e a qualidade nutricional do pasto, o que atrasa o ciclo do animal e aumenta o custo fixo por arroba produzida. A Termina\u00e7\u00e3o Intensiva a Pasto (TIP) \u00e9 apresentada como uma solu\u00e7\u00e3o que combina a economia do capim com a velocidade do gr\u00e3o, possibilitando uma produ\u00e7\u00e3o de arroba mais barata e com melhores margens, desde que a forragem seja tratada com rigor.<\/p>\n<p>O uso estrat\u00e9gico de suplementos, como o <a href=\"https:\/\/www.canalrural.com.br\/pecuaria\/ddg-o-ouro-da-pecuaria-que-revoluciona-a-nutricao-animal\/\" target=\"_blank\" rel=\"noreferrer noopener\">DDG<\/a>, permite que o Brasil ofere\u00e7a carca\u00e7as com acabamento de gr\u00e3o, mantendo a sustentabilidade e os benef\u00edcios nutricionais das pastagens. O manejo correto das pastagens tropicais n\u00e3o apenas melhora a rentabilidade do produtor, mas tamb\u00e9m a qualidade da prote\u00edna final, criando o denominado &#8220;terroir&#8221; brasileiro.<\/p>\n<ul class=\"wp-block-list\">\n<li><em>Veja em primeira m\u00e3o tudo sobre agricultura, pecu\u00e1ria, economia e previs\u00e3o do tempo:<\/em><a href=\"https:\/\/news.google.com\/publications\/CAAqBwgKMPKZlQswq_mqAw?hl=pt-BR&amp;gl=BR&amp;ceid=BR%3Apt-419\"> <em>siga o Canal Rural no Google News!<\/em><\/a><\/li>\n<\/ul>\n<h2 class=\"wp-block-heading\" id=\"h-qualidade-da-carne-brasileira\">Qualidade da carne brasileira<\/h2>\n<p>Estudos indicam que o gado criado a pasto apresenta maior concentra\u00e7\u00e3o de antioxidantes e um equil\u00edbrio mais adequado entre \u00d4mega-3 e \u00d4mega-6 para o consumo humano. A gordura amarelada da carne brasileira, resultante do ac\u00famulo de betacarotenos presentes no capim verde, torna-se um selo visual da cria\u00e7\u00e3o natural do animal.<\/p>\n<p>Enquanto mercados como o americano buscam matura\u00e7\u00f5es artificiais, a carne de pasto brasileira j\u00e1 possui um sabor naturalmente mais intenso. O Brasil, antes conhecido como exportador de &#8220;carne ingrediente&#8221;, agora compete no mercado gourmet com marcas premium que exigem const\u00e2ncia e padroniza\u00e7\u00e3o.<\/p>\n<h2 class=\"wp-block-heading\" id=\"h-estrategia-para-a-producao\">Estrat\u00e9gia para a produ\u00e7\u00e3o<\/h2>\n<p>A pecu\u00e1ria intensiva a pasto \u00e9 vista como um grande avan\u00e7o na produ\u00e7\u00e3o brasileira. Ivan J\u00fanior resumiu que o lucro est\u00e1 na associa\u00e7\u00e3o estrat\u00e9gica entre recria a campo e termina\u00e7\u00e3o suplementada. O manejo eficaz das gram\u00edneas tropicais permite ao produtor entregar o \u201cboi verde\u201d que o mercado mundial deseja, com a maciez requerida pelo setor gourmet.<\/p>\n<p>Com informa\u00e7\u00f5es de: <a href=\"https:\/\/girodoboi.canalrural.com.br\/pecuaria\/pasto-mal-manejado-custa-mais-caro-que-um-confinamento-diz-especialista\/\" rel=\"nofollow\">girodoboi.canalrural.com.br<\/a>.<\/p>\n<p>Publicado com aux\u00edlio de intelig\u00eancia artificial e revis\u00e3o da Reda\u00e7\u00e3o Canal Rural.<\/p>\n<p>O post <a href=\"https:\/\/www.canalrural.com.br\/pecuaria\/pasto-mal-manejado-custa-mais-caro-que-confinamento-alerta-especialista\/\">Pasto mal manejado custa mais caro que confinamento, alerta especialista<\/a> apareceu primeiro em <a href=\"https:\/\/www.canalrural.com.br\">Canal Rural<\/a>.<\/p>\n<p><br \/>\n<br \/><a href=\"https:\/\/www.canalrural.com.br\/pecuaria\/pasto-mal-manejado-custa-mais-caro-que-confinamento-alerta-especialista\/\">Source link <\/a><\/p>\n","protected":false},"excerpt":{"rendered":"<p>Foto: Divulga\u00e7\u00e3o. Nesta segunda-feira (27), o programa Giro do Boi promoveu um debate sobre a efici\u00eancia no uso das gram\u00edneas<\/p>\n","protected":false},"author":1,"featured_media":30166,"comment_status":"open","ping_status":"open","sticky":false,"template":"","format":"standard","meta":{"_monsterinsights_skip_tracking":false,"_monsterinsights_sitenote_active":false,"_monsterinsights_sitenote_note":"","_monsterinsights_sitenote_category":0,"_uf_show_specific_survey":0,"_uf_disable_surveys":false,"footnotes":""},"categories":[1],"tags":[],"class_list":["post-30165","post","type-post","status-publish","format-standard","has-post-thumbnail","hentry","category-news"],"_links":{"self":[{"href":"https:\/\/agromt.news\/index.php?rest_route=\/wp\/v2\/posts\/30165"}],"collection":[{"href":"https:\/\/agromt.news\/index.php?rest_route=\/wp\/v2\/posts"}],"about":[{"href":"https:\/\/agromt.news\/index.php?rest_route=\/wp\/v2\/types\/post"}],"author":[{"embeddable":true,"href":"https:\/\/agromt.news\/index.php?rest_route=\/wp\/v2\/users\/1"}],"replies":[{"embeddable":true,"href":"https:\/\/agromt.news\/index.php?rest_route=%2Fwp%2Fv2%2Fcomments&post=30165"}],"version-history":[{"count":0,"href":"https:\/\/agromt.news\/index.php?rest_route=\/wp\/v2\/posts\/30165\/revisions"}],"wp:featuredmedia":[{"embeddable":true,"href":"https:\/\/agromt.news\/index.php?rest_route=\/wp\/v2\/media\/30166"}],"wp:attachment":[{"href":"https:\/\/agromt.news\/index.php?rest_route=%2Fwp%2Fv2%2Fmedia&parent=30165"}],"wp:term":[{"taxonomy":"category","embeddable":true,"href":"https:\/\/agromt.news\/index.php?rest_route=%2Fwp%2Fv2%2Fcategories&post=30165"},{"taxonomy":"post_tag","embeddable":true,"href":"https:\/\/agromt.news\/index.php?rest_route=%2Fwp%2Fv2%2Ftags&post=30165"}],"curies":[{"name":"wp","href":"https:\/\/api.w.org\/{rel}","templated":true}]}}