{"id":30159,"date":"2026-04-27T17:03:25","date_gmt":"2026-04-27T21:03:25","guid":{"rendered":"https:\/\/agromt.news\/?p=30159"},"modified":"2026-04-27T17:03:25","modified_gmt":"2026-04-27T21:03:25","slug":"frente-fria-provoca-queda-de-temperaturas-em-varias-regioes-do-brasil","status":"publish","type":"post","link":"https:\/\/agromt.news\/?p=30159","title":{"rendered":"Frente fria provoca queda de temperaturas em v\u00e1rias regi\u00f5es do Brasil"},"content":{"rendered":"<p> <br \/>\n<\/p>\n<div>\n<figure><img decoding=\"async\" src=\"https:\/\/agromt.news\/wp-content\/uploads\/2026\/04\/Frente-fria-provoca-queda-de-temperaturas-em-varias-regioes-do.jpg\" alt=\"\" \/><\/figure>\n<\/div>\n<p>A semana come\u00e7a com uma frente fria que derruba as temperaturas em v\u00e1rias regi\u00f5es do Brasil, especialmente no Rio Grande do Sul, onde uma massa de ar frio e seco provoca instabilidades. A previs\u00e3o \u00e9 de que as temperaturas fiquem bastante baixas, com possibilidade de geadas em algumas \u00e1reas.<\/p>\n<h2>Temperaturas no Sul do Brasil<\/h2>\n<p>No Rio Grande do Sul, as temperaturas devem registrar m\u00ednimas de at\u00e9 5\u00baC, especialmente em S\u00e3o Jos\u00e9 dos Ausentes, um munic\u00edpio conhecido pela produ\u00e7\u00e3o de batata e pecu\u00e1ria leiteira. A previs\u00e3o para esta ter\u00e7a-feira \u00e9 de:<\/p>\n<ul>\n<li>M\u00ednima: 5\u00baC<\/li>\n<li>M\u00e1xima: 19\u00baC<\/li>\n<\/ul>\n<p>Em Caxias do Sul, a m\u00ednima deve ser de 6\u00baC, enquanto em Gramado a m\u00ednima ser\u00e1 de 8\u00baC, com m\u00e1ximas de 18\u00baC e 21\u00baC, respectivamente.<\/p>\n<h2>Instabilidades e chuvas<\/h2>\n<p>A frente fria tamb\u00e9m traz instabilidades que podem resultar em temporais em S\u00e3o Paulo, Paran\u00e1 e Santa Catarina. A previs\u00e3o \u00e9 de chuvas ao longo da segunda-feira, especialmente nas \u00e1reas de Mato Grosso e no norte do pa\u00eds, com destaque para o estado do Amazonas.<\/p>\n<h2>Previs\u00e3o para os pr\u00f3ximos dias<\/h2>\n<p>Os pr\u00f3ximos dias devem ser marcados por temperaturas mais frias, com uma tend\u00eancia de queda nas m\u00e1ximas em S\u00e3o Jos\u00e9 dos Ausentes entre os dias 8 e 13 de maio. Al\u00e9m disso, as chuvas devem se concentrar at\u00e9 o fim da primeira quinzena de maio, com uma expectativa de que se tornem mais irregulares ap\u00f3s esse per\u00edodo.<\/p>\n<p>O post <a href=\"https:\/\/www.canalrural.com.br\/videos\/frente-fria-provoca-queda-de-temperaturas-em-varias-regioes-do-brasil\/\">Frente fria provoca queda de temperaturas em v\u00e1rias regi\u00f5es do Brasil<\/a> apareceu primeiro em <a href=\"https:\/\/www.canalrural.com.br\">Canal Rural<\/a>.<\/p>\n<p><br \/>\n<br \/><a href=\"https:\/\/www.canalrural.com.br\/videos\/frente-fria-provoca-queda-de-temperaturas-em-varias-regioes-do-brasil\/\">Source link <\/a><\/p>\n","protected":false},"excerpt":{"rendered":"<p>A semana come\u00e7a com uma frente fria que derruba as temperaturas em v\u00e1rias regi\u00f5es do Brasil, especialmente no Rio Grande<\/p>\n","protected":false},"author":1,"featured_media":30160,"comment_status":"open","ping_status":"open","sticky":false,"template":"","format":"standard","meta":{"_monsterinsights_skip_tracking":false,"_monsterinsights_sitenote_active":false,"_monsterinsights_sitenote_note":"","_monsterinsights_sitenote_category":0,"_uf_show_specific_survey":0,"_uf_disable_surveys":false,"footnotes":""},"categories":[1],"tags":[],"class_list":["post-30159","post","type-post","status-publish","format-standard","has-post-thumbnail","hentry","category-news"],"_links":{"self":[{"href":"https:\/\/agromt.news\/index.php?rest_route=\/wp\/v2\/posts\/30159"}],"collection":[{"href":"https:\/\/agromt.news\/index.php?rest_route=\/wp\/v2\/posts"}],"about":[{"href":"https:\/\/agromt.news\/index.php?rest_route=\/wp\/v2\/types\/post"}],"author":[{"embeddable":true,"href":"https:\/\/agromt.news\/index.php?rest_route=\/wp\/v2\/users\/1"}],"replies":[{"embeddable":true,"href":"https:\/\/agromt.news\/index.php?rest_route=%2Fwp%2Fv2%2Fcomments&post=30159"}],"version-history":[{"count":0,"href":"https:\/\/agromt.news\/index.php?rest_route=\/wp\/v2\/posts\/30159\/revisions"}],"wp:featuredmedia":[{"embeddable":true,"href":"https:\/\/agromt.news\/index.php?rest_route=\/wp\/v2\/media\/30160"}],"wp:attachment":[{"href":"https:\/\/agromt.news\/index.php?rest_route=%2Fwp%2Fv2%2Fmedia&parent=30159"}],"wp:term":[{"taxonomy":"category","embeddable":true,"href":"https:\/\/agromt.news\/index.php?rest_route=%2Fwp%2Fv2%2Fcategories&post=30159"},{"taxonomy":"post_tag","embeddable":true,"href":"https:\/\/agromt.news\/index.php?rest_route=%2Fwp%2Fv2%2Ftags&post=30159"}],"curies":[{"name":"wp","href":"https:\/\/api.w.org\/{rel}","templated":true}]}}