{"id":30152,"date":"2026-04-27T16:07:29","date_gmt":"2026-04-27T20:07:29","guid":{"rendered":"https:\/\/agromt.news\/?p=30152"},"modified":"2026-04-27T16:07:29","modified_gmt":"2026-04-27T20:07:29","slug":"31a-edicao-da-agrishow-reune-200-mil-visitantes-e-800-marcas-em-ribeirao-preto","status":"publish","type":"post","link":"https:\/\/agromt.news\/?p=30152","title":{"rendered":"31\u00aa edi\u00e7\u00e3o da Agrishow re\u00fane 200 mil visitantes e 800 marcas em Ribeir\u00e3o Preto"},"content":{"rendered":"<p> <br \/>\n<\/p>\n<div>\n<figure><img decoding=\"async\" src=\"https:\/\/agromt.news\/wp-content\/uploads\/2026\/04\/31a-edicao-da-Agrishow-reune-200-mil-visitantes-e-800.jpg\" alt=\"\" \/><\/figure>\n<\/div>\n<p>A 31\u00aa edi\u00e7\u00e3o da Agrishow teve in\u00edcio hoje em Ribeir\u00e3o Preto, interior de S\u00e3o Paulo, e deve atrair cerca de 200 mil visitantes ao longo da semana. Considerada a maior feira de tecnologia agr\u00edcola da Am\u00e9rica Latina, o evento re\u00fane mais de 800 marcas expositoras em uma \u00e1rea de aproximadamente 520.000 m\u00b2.<\/p>\n<h2>Expectativas de neg\u00f3cios<\/h2>\n<p>Os organizadores esperam que a feira movimente bilh\u00f5es de reais em neg\u00f3cios. Na \u00faltima edi\u00e7\u00e3o, foram registradas inten\u00e7\u00f5es de neg\u00f3cios que somaram R$ 14,6 bilh\u00f5es, um crescimento de 7% em rela\u00e7\u00e3o ao ano anterior.<\/p>\n<h2>Abertura oficial<\/h2>\n<p>A abertura oficial da Agrishow contou com a presen\u00e7a de autoridades, incluindo o vice-presidente Geraldo Alckmin e o novo ministro da Agricultura, Andr\u00e9 de Paula. Durante a solenidade, o setor agropecu\u00e1rio destacou as expectativas para os pr\u00f3ximos anos, em meio a desafios como o custo de produ\u00e7\u00e3o e o acesso ao cr\u00e9dito rural.<\/p>\n<h2>Desafios do setor agropecu\u00e1rio<\/h2>\n<ul>\n<li>Safras recordes, mas com margens baixas ou negativas.<\/li>\n<li>Taxas de juros incompat\u00edveis com a atividade agropecu\u00e1ria.<\/li>\n<li>Queda na disponibilidade de seguros rurais a n\u00edvel nacional.<\/li>\n<\/ul>\n<p>O secret\u00e1rio da Agricultura de S\u00e3o Paulo, Geraldo Melo Filho, ressaltou a necessidade de a\u00e7\u00f5es focadas e realistas para enfrentar os desafios do setor, como a viabiliza\u00e7\u00e3o de taxas de juros mais acess\u00edveis e est\u00edmulos \u00e0 produ\u00e7\u00e3o.<\/p>\n<p>O post <a href=\"https:\/\/www.canalrural.com.br\/videos\/31a-edicao-da-agrishow-reune-200-mil-visitantes-e-800-marcas-em-ribeirao-preto\/\">31\u00aa edi\u00e7\u00e3o da Agrishow re\u00fane 200 mil visitantes e 800 marcas em Ribeir\u00e3o Preto<\/a> apareceu primeiro em <a href=\"https:\/\/www.canalrural.com.br\">Canal Rural<\/a>.<\/p>\n<p><br \/>\n<br \/><a href=\"https:\/\/www.canalrural.com.br\/videos\/31a-edicao-da-agrishow-reune-200-mil-visitantes-e-800-marcas-em-ribeirao-preto\/\">Source link <\/a><\/p>\n","protected":false},"excerpt":{"rendered":"<p>A 31\u00aa edi\u00e7\u00e3o da Agrishow teve in\u00edcio hoje em Ribeir\u00e3o Preto, interior de S\u00e3o Paulo, e deve atrair cerca de<\/p>\n","protected":false},"author":1,"featured_media":30153,"comment_status":"open","ping_status":"open","sticky":false,"template":"","format":"standard","meta":{"_monsterinsights_skip_tracking":false,"_monsterinsights_sitenote_active":false,"_monsterinsights_sitenote_note":"","_monsterinsights_sitenote_category":0,"_uf_show_specific_survey":0,"_uf_disable_surveys":false,"footnotes":""},"categories":[1],"tags":[],"class_list":["post-30152","post","type-post","status-publish","format-standard","has-post-thumbnail","hentry","category-news"],"_links":{"self":[{"href":"https:\/\/agromt.news\/index.php?rest_route=\/wp\/v2\/posts\/30152"}],"collection":[{"href":"https:\/\/agromt.news\/index.php?rest_route=\/wp\/v2\/posts"}],"about":[{"href":"https:\/\/agromt.news\/index.php?rest_route=\/wp\/v2\/types\/post"}],"author":[{"embeddable":true,"href":"https:\/\/agromt.news\/index.php?rest_route=\/wp\/v2\/users\/1"}],"replies":[{"embeddable":true,"href":"https:\/\/agromt.news\/index.php?rest_route=%2Fwp%2Fv2%2Fcomments&post=30152"}],"version-history":[{"count":0,"href":"https:\/\/agromt.news\/index.php?rest_route=\/wp\/v2\/posts\/30152\/revisions"}],"wp:featuredmedia":[{"embeddable":true,"href":"https:\/\/agromt.news\/index.php?rest_route=\/wp\/v2\/media\/30153"}],"wp:attachment":[{"href":"https:\/\/agromt.news\/index.php?rest_route=%2Fwp%2Fv2%2Fmedia&parent=30152"}],"wp:term":[{"taxonomy":"category","embeddable":true,"href":"https:\/\/agromt.news\/index.php?rest_route=%2Fwp%2Fv2%2Fcategories&post=30152"},{"taxonomy":"post_tag","embeddable":true,"href":"https:\/\/agromt.news\/index.php?rest_route=%2Fwp%2Fv2%2Ftags&post=30152"}],"curies":[{"name":"wp","href":"https:\/\/api.w.org\/{rel}","templated":true}]}}