{"id":30133,"date":"2026-04-27T14:01:32","date_gmt":"2026-04-27T18:01:32","guid":{"rendered":"https:\/\/agromt.news\/?p=30133"},"modified":"2026-04-27T14:01:32","modified_gmt":"2026-04-27T18:01:32","slug":"presidente-da-fpa-critica-politica-de-credito-e-seguro-rural-do-governo-federal-na-agrishow","status":"publish","type":"post","link":"https:\/\/agromt.news\/?p=30133","title":{"rendered":"Presidente da FPA critica pol\u00edtica de cr\u00e9dito e seguro rural do governo federal na Agrishow"},"content":{"rendered":"<p> <br \/>\n<\/p>\n<div>\n<figure><img decoding=\"async\" src=\"https:\/\/agromt.news\/wp-content\/uploads\/2026\/04\/Presidente-da-FPA-critica-politica-de-credito-e-seguro-rural.jpg\" alt=\"mercado de carbono, fpa, lupion\" \/><figcaption>Foto: FPA\/divulga\u00e7\u00e3o<\/figcaption><\/figure>\n<\/div>\n<p>O presidente da Frente Parlamentar da Agropecu\u00e1ria (FPA), deputado federal Pedro Lupion (Republicanos-PR), voltou a criticar, neste domingo (26), a condu\u00e7\u00e3o da pol\u00edtica federal para o agroneg\u00f3cio. <\/p>\n<p>Em declara\u00e7\u00e3o durante evento do governo de S\u00e3o Paulo na Agrishow, em Ribeir\u00e3o Preto (SP), o parlamentar relacionou o cen\u00e1rio atual a dificuldades no acesso ao cr\u00e9dito rural, \u00e0 menor previsibilidade para a safra e \u00e0 redu\u00e7\u00e3o de mecanismos de seguro.<\/p>\n<p>Ao abordar o ambiente econ\u00f4mico do setor, Lupion afirmou que o agro enfrenta um \u201cmomento dif\u00edcil\u201d, marcado por fatores externos e internos. Segundo ele, os efeitos de guerras e da geopol\u00edtica se somam, no mercado dom\u00e9stico, \u00e0 inseguran\u00e7a jur\u00eddica, \u00e0 imprevisibilidade e \u00e0s restri\u00e7\u00f5es de financiamento.<\/p>\n<p>No cr\u00e9dito rural, o presidente da FPA disse que os recursos subvencionados pelo governo representaram menos de 20% do financiamento da \u00faltima safra. De acordo com ele, os outros 80% vieram do cr\u00e9dito privado, com uso de instrumentos criados nas chamadas Leis do Agro 1 e 2. Lupion tamb\u00e9m afirmou que os juros reais para o produtor rural passam de 20%, o que, segundo ele, limita tanto o custeio da produ\u00e7\u00e3o quanto os investimentos nas propriedades.<\/p>\n<ul class=\"wp-block-list\">\n<li>Acompanhe os pre\u00e7os das principais commodities do agro, como soja, milho e boi, com atualiza\u00e7\u00e3o direta das principais pra\u00e7as do Brasil: <a href=\"https:\/\/www.canalrural.com.br\/cotacoes\/\" target=\"_blank\" rel=\"noopener noreferrer\"><strong>acesse a p\u00e1gina de cota\u00e7\u00f5es do Canal Rural!<\/strong><\/a><\/li>\n<\/ul>\n<p>O parlamentar citou ainda aumento do endividamento no campo e maior exig\u00eancia de garantias pelas institui\u00e7\u00f5es financeiras, com destaque para a aliena\u00e7\u00e3o fiduci\u00e1ria. Na avalia\u00e7\u00e3o dele, esse ambiente amplia o custo do cr\u00e9dito e reduz a capacidade de planejamento do produtor.<\/p>\n<p>Sobre prote\u00e7\u00e3o da produ\u00e7\u00e3o, Lupion declarou que houve zero de subven\u00e7\u00e3o federal ao seguro rural nas safras 2024\/2025 e 2025\/2026. Tamb\u00e9m criticou o corte de 60% no Programa de Garantia da Atividade Agropecu\u00e1ria (Proagro), voltado \u00e0 agricultura familiar. O deputado afirmou ainda que o uso de recursos do Programa de Subven\u00e7\u00e3o ao Seguro Rural ser\u00e1 investigado pelo Tribunal de Contas da Uni\u00e3o (TCU).<\/p>\n<p class=\"news-source\"><strong>Fonte:<\/strong> <a href=\"ftp:\/\/ftp.ae.com.br\/1.65.1.2026-04-27.4.INCLUIR.5087.xml\" target=\"_blank\" rel=\"noopener noreferrer\">Estad\u00e3o Conte\u00fado<\/a><\/p>\n<p>O post <a href=\"https:\/\/www.canalrural.com.br\/politica\/presidente-da-fpa-critica-politica-de-credito-e-seguro-rural-do-governo-federal-na-agrishow\/\">Presidente da FPA critica pol\u00edtica de cr\u00e9dito e seguro rural do governo federal na Agrishow<\/a> apareceu primeiro em <a href=\"https:\/\/www.canalrural.com.br\">Canal Rural<\/a>.<\/p>\n<p><br \/>\n<br \/><a href=\"https:\/\/www.canalrural.com.br\/politica\/presidente-da-fpa-critica-politica-de-credito-e-seguro-rural-do-governo-federal-na-agrishow\/\">Source link <\/a><\/p>\n","protected":false},"excerpt":{"rendered":"<p>Foto: FPA\/divulga\u00e7\u00e3o O presidente da Frente Parlamentar da Agropecu\u00e1ria (FPA), deputado federal Pedro Lupion (Republicanos-PR), voltou a criticar, neste domingo<\/p>\n","protected":false},"author":1,"featured_media":30134,"comment_status":"open","ping_status":"open","sticky":false,"template":"","format":"standard","meta":{"_monsterinsights_skip_tracking":false,"_monsterinsights_sitenote_active":false,"_monsterinsights_sitenote_note":"","_monsterinsights_sitenote_category":0,"_uf_show_specific_survey":0,"_uf_disable_surveys":false,"footnotes":""},"categories":[1],"tags":[],"class_list":["post-30133","post","type-post","status-publish","format-standard","has-post-thumbnail","hentry","category-news"],"_links":{"self":[{"href":"https:\/\/agromt.news\/index.php?rest_route=\/wp\/v2\/posts\/30133"}],"collection":[{"href":"https:\/\/agromt.news\/index.php?rest_route=\/wp\/v2\/posts"}],"about":[{"href":"https:\/\/agromt.news\/index.php?rest_route=\/wp\/v2\/types\/post"}],"author":[{"embeddable":true,"href":"https:\/\/agromt.news\/index.php?rest_route=\/wp\/v2\/users\/1"}],"replies":[{"embeddable":true,"href":"https:\/\/agromt.news\/index.php?rest_route=%2Fwp%2Fv2%2Fcomments&post=30133"}],"version-history":[{"count":0,"href":"https:\/\/agromt.news\/index.php?rest_route=\/wp\/v2\/posts\/30133\/revisions"}],"wp:featuredmedia":[{"embeddable":true,"href":"https:\/\/agromt.news\/index.php?rest_route=\/wp\/v2\/media\/30134"}],"wp:attachment":[{"href":"https:\/\/agromt.news\/index.php?rest_route=%2Fwp%2Fv2%2Fmedia&parent=30133"}],"wp:term":[{"taxonomy":"category","embeddable":true,"href":"https:\/\/agromt.news\/index.php?rest_route=%2Fwp%2Fv2%2Fcategories&post=30133"},{"taxonomy":"post_tag","embeddable":true,"href":"https:\/\/agromt.news\/index.php?rest_route=%2Fwp%2Fv2%2Ftags&post=30133"}],"curies":[{"name":"wp","href":"https:\/\/api.w.org\/{rel}","templated":true}]}}