{"id":30130,"date":"2026-04-27T13:44:40","date_gmt":"2026-04-27T17:44:40","guid":{"rendered":"https:\/\/agromt.news\/?p=30130"},"modified":"2026-04-27T13:44:40","modified_gmt":"2026-04-27T17:44:40","slug":"brasil-anuncia-investimento-de-r-465-milhoes-na-cadeia-leiteira","status":"publish","type":"post","link":"https:\/\/agromt.news\/?p=30130","title":{"rendered":"Brasil anuncia investimento de R$ 465 milh\u00f5es na cadeia leiteira"},"content":{"rendered":"<p> <br \/>\n<\/p>\n<div>\n<p style=\"text-align:justify\">O Governo do Brasil anunciou nesta segunda-feira (27) novas pol\u00edticas para fortalecer a cadeia leiteira da agricultura familiar em todo o pa\u00eds, com investimentos que somam R$ 465 milh\u00f5es. Do total, R$ 450 milh\u00f5es ser\u00e3o destinados ao Programa de Transfer\u00eancia de Embri\u00f5es da Agricultura Familiar (Pronaf Mais Leite). Tamb\u00e9m foi firmado um contrato de R$ 15 milh\u00f5es para a constru\u00e7\u00e3o da primeira agroind\u00fastria de leite em p\u00f3 no estado de S\u00e3o Paulo. Os an\u00fancios ocorreram em Andradina (SP), com a presen\u00e7a do vice-presidente Geraldo Alckmin e da ministra do Desenvolvimento Agr\u00e1rio e Agricultura Familiar, Fernanda Machiaveli.&#13;\n<\/p>\n<p style=\"text-align:justify\">Alckmin destacou a implementa\u00e7\u00e3o da primeira agroind\u00fastria de leite em p\u00f3 na Coapar. \u201cEu estive aqui h\u00e1 quatro anos e vi o quanto a Coapar cresceu, fabricando queijo, iogurte, manteiga e agora ser\u00e1 a primeira f\u00e1brica a produzir leite em p\u00f3 no nosso estado. E vejam a import\u00e2ncia da agroind\u00fastria: ela agrega valor. \u00c9 pegar um produto da terra e fazer manufatura. A Coapar \u00e9 um exemplo de sucesso. Aqui ficam duas li\u00e7\u00f5es: a do associativismo e a do cooperativismo\u201d, declarou.<\/p>\n<p style=\"text-align:justify\">Segundo a ministra Fernanda Machiaveli, a cadeia leiteira tem forte presen\u00e7a da agricultura familiar. \u201cN\u00f3s temos v\u00e1rios motivos para celebrar. O leite \u00e9 uma cadeia produtiva constitu\u00edda majoritariamente nas pequenas propriedades dos assentamentos da reforma agr\u00e1ria e nas propriedades da agricultura familiar\u201d, afirmou. O Brasil possui cerca de 1,17 milh\u00e3o de propriedades rurais voltadas \u00e0 produ\u00e7\u00e3o de leite, sendo aproximadamente 950 mil ligadas \u00e0 agricultura familiar.<br \/>&#13;<br \/>\nDurante o evento, o Banco do Brasil, o governo federal e a Coapar assinaram contrato para a constru\u00e7\u00e3o da unidade industrial. O investimento de R$ 15 milh\u00f5es permitir\u00e1 substituir a produ\u00e7\u00e3o terceirizada, com capacidade de processar 25 mil litros de leite por dia.&#13;\n<\/p>\n<p style=\"text-align:justify\">O vice-presidente da cooperativa, Lourival Placido de Paula, relembrou a trajet\u00f3ria da organiza\u00e7\u00e3o. \u201cA primeira coopera\u00e7\u00e3o que fizemos foi quando montamos o acampamento e entramos debaixo do barraco de lona. Isso aqui \u00e9 uma resist\u00eancia. A Coapar \u00e9 a resist\u00eancia dos pequenos, daqueles que n\u00e3o t\u00eam nada: o produtor que tem 15 litros de leite por dia, 20 litros, 50 litros, o que tem 100, o que tem 200. Todos em assentamento, para resistir contra os grandes e mostrar que unidos, juntos, podemos muito mais. Podemos construir um pa\u00eds melhor a partir da uni\u00e3o e do desenvolvimento pelos quais lutamos e que queremos\u201d, afirmou.<br \/>&#13;<br \/>\nRepresentante do Movimento dos Trabalhadores Rurais Sem Terra, Gilmar Mauro tamb\u00e9m comentou a iniciativa. \u201cNeste dia, ser\u00e1 assinado o contrato da primeira ind\u00fastria de leite em p\u00f3 do estado de S\u00e3o Paulo. N\u00e3o tem outra, vai ser a primeira, aqui na Coapar. N\u00f3s entendemos, e \u00e9 preciso dizer que se hoje estamos produzindo comida para o povo brasileiro, aqui e em todo o Brasil, e somos bem vistos nas nossas feiras, \u00e9 sempre bom lembrar uma coisa: tudo isso come\u00e7ou com a ocupa\u00e7\u00e3o do latif\u00fandio. Porque se n\u00e3o tiv\u00e9ssemos ocupado o latif\u00fandio, n\u00e3o ter\u00edamos hoje uma Copar\u201d, disse.<\/p>\n<p style=\"text-align:justify\">No \u00e2mbito do programa Terra da Gente, o governo assinou decretos de desapropria\u00e7\u00e3o por interesse social de \u00e1reas em Americana (SP) e Santa Quit\u00e9ria (CE), que devem beneficiar mais de 100 fam\u00edlias. Tamb\u00e9m foram liberados mais de R$ 155 milh\u00f5es para pagamento de cr\u00e9ditos a mais de 9 mil benefici\u00e1rios em todo o pa\u00eds. Desde 2023, mais de 230 mil fam\u00edlias foram inclu\u00eddas no Programa Nacional de Reforma Agr\u00e1ria (PRNA).&#13;\n<\/p>\n<p style=\"text-align:justify\">Al\u00e9m disso, foram anunciadas medidas complementares, como a destina\u00e7\u00e3o de R$ 100 milh\u00f5es em leite em p\u00f3 pelo Programa de Aquisi\u00e7\u00e3o de Alimentos (PAA) para Cozinhas Solid\u00e1rias, o lan\u00e7amento de chamada p\u00fablica de Assist\u00eancia T\u00e9cnica e Extens\u00e3o Rural (Ater), via Anater, no valor de R$ 30 milh\u00f5es, e uma nova linha de cr\u00e9dito do Pronaf voltada a cooperativas de leite, com volume total de R$ 150 milh\u00f5es.<\/p>\n<\/p><\/div>\n<p><script data-cfasync=\"false\">\n    !function (f, b, e, v, n, t, s) {\n        if (f.fbq) return; n = f.fbq = function () {\n            n.callMethod ?\n                n.callMethod.apply(n, arguments) : n.queue.push(arguments)\n        };\n        if (!f._fbq) f._fbq = n; n.push = n; n.loaded = !0; n.version = '2.0';\n        n.queue = []; t = b.createElement(e); t.async = !0;\n        t.src = v; s = b.getElementsByTagName(e)[0];\n        s.parentNode.insertBefore(t, s)\n    }(window, document, 'script',\n        'https:\/\/connect.facebook.net\/en_US\/fbevents.js');\n    fbq('init', '522546078623747');\n    fbq('track', 'PageView');\n<\/script><br \/>\n<br \/><br \/>\n<br \/><a href=\"https:\/\/www.agrolink.com.br\/noticias\/governo-do-brasil-anuncia-r--465-milhoes-de-investimentos-na-cadeia-leiteira-produzida-pela-agricultura-familiar_513546.html\">Source link <\/a><\/p>\n","protected":false},"excerpt":{"rendered":"<p>O Governo do Brasil anunciou nesta segunda-feira (27) novas pol\u00edticas para fortalecer a cadeia leiteira da agricultura familiar em todo<\/p>\n","protected":false},"author":1,"featured_media":7665,"comment_status":"open","ping_status":"open","sticky":false,"template":"","format":"standard","meta":{"_monsterinsights_skip_tracking":false,"_monsterinsights_sitenote_active":false,"_monsterinsights_sitenote_note":"","_monsterinsights_sitenote_category":0,"_uf_show_specific_survey":0,"_uf_disable_surveys":false,"footnotes":""},"categories":[8,1,14],"tags":[],"class_list":["post-30130","post","type-post","status-publish","format-standard","has-post-thumbnail","hentry","category-agro","category-news","category-politica-agro"],"_links":{"self":[{"href":"https:\/\/agromt.news\/index.php?rest_route=\/wp\/v2\/posts\/30130"}],"collection":[{"href":"https:\/\/agromt.news\/index.php?rest_route=\/wp\/v2\/posts"}],"about":[{"href":"https:\/\/agromt.news\/index.php?rest_route=\/wp\/v2\/types\/post"}],"author":[{"embeddable":true,"href":"https:\/\/agromt.news\/index.php?rest_route=\/wp\/v2\/users\/1"}],"replies":[{"embeddable":true,"href":"https:\/\/agromt.news\/index.php?rest_route=%2Fwp%2Fv2%2Fcomments&post=30130"}],"version-history":[{"count":0,"href":"https:\/\/agromt.news\/index.php?rest_route=\/wp\/v2\/posts\/30130\/revisions"}],"wp:featuredmedia":[{"embeddable":true,"href":"https:\/\/agromt.news\/index.php?rest_route=\/wp\/v2\/media\/7665"}],"wp:attachment":[{"href":"https:\/\/agromt.news\/index.php?rest_route=%2Fwp%2Fv2%2Fmedia&parent=30130"}],"wp:term":[{"taxonomy":"category","embeddable":true,"href":"https:\/\/agromt.news\/index.php?rest_route=%2Fwp%2Fv2%2Fcategories&post=30130"},{"taxonomy":"post_tag","embeddable":true,"href":"https:\/\/agromt.news\/index.php?rest_route=%2Fwp%2Fv2%2Ftags&post=30130"}],"curies":[{"name":"wp","href":"https:\/\/api.w.org\/{rel}","templated":true}]}}