{"id":30124,"date":"2026-04-27T11:41:27","date_gmt":"2026-04-27T15:41:27","guid":{"rendered":"https:\/\/agromt.news\/?p=30124"},"modified":"2026-04-27T11:41:27","modified_gmt":"2026-04-27T15:41:27","slug":"brasil-adere-a-programa-de-pesquisa-para-agricultura-sustentavel-da-ocde","status":"publish","type":"post","link":"https:\/\/agromt.news\/?p=30124","title":{"rendered":"Brasil adere a programa de pesquisa para agricultura sustent\u00e1vel da OCDE"},"content":{"rendered":"<p> <br \/>\n<\/p>\n<div>\n<figure><img decoding=\"async\" src=\"https:\/\/agromt.news\/wp-content\/uploads\/2026\/04\/Brasil-adere-a-programa-de-pesquisa-para-agricultura-sustentavel-da.jpg\" alt=\"terra ao fundo desfocada, com a palma da m\u00e3o com um punhado de terra em cima\" \/><figcaption>Foto: Freepik<\/figcaption><\/figure>\n<\/div>\n<p>O governo brasileiro formalizou a ades\u00e3o ao Programa de Pesquisa Cooperativa da Organiza\u00e7\u00e3o para a Coopera\u00e7\u00e3o e Desenvolvimento Econ\u00f4mico <a href=\"https:\/\/www.canalrural.com.br\/tag\/ocde\/\">(OCDE)<\/a> para Agricultura e Sistemas Alimentares Sustent\u00e1veis, conforme informou o Minist\u00e9rio da Agricultura e Pecu\u00e1ria (Mapa) em nota.<\/p>\n<ul class=\"wp-block-list\">\n<li><em>Veja em primeira m\u00e3o tudo sobre agricultura, pecu\u00e1ria, economia e previs\u00e3o do tempo: <\/em><a href=\"https:\/\/news.google.com\/publications\/CAAqBwgKMPKZlQswq_mqAw?hl=pt-BR&amp;gl=BR&amp;ceid=BR%3Apt-419\"><em>siga o Canal Rural no Google News!<\/em><\/a><\/li>\n<\/ul>\n<p>A carta de ades\u00e3o foi entregue durante reuni\u00e3o na sede da organiza\u00e7\u00e3o, em Paris, ocorrida na \u00faltima sexta-feira (24), com a participa\u00e7\u00e3o do secret\u00e1rio de Com\u00e9rcio e Rela\u00e7\u00f5es Internacionais do Minist\u00e9rio da Agricultura, Lu\u00eds Rua, e do representante do Brasil junto \u00e0s Organiza\u00e7\u00f5es Internacionais Econ\u00f4micas em Paris, o embaixador Sarquis J. B. Sarquis. <\/p>\n<p>Pela OCDE, participaram o secret\u00e1rio-geral adjunto, Yasushi Masaki, e a diretora de Com\u00e9rcio e Agricultura, Marion Jansen.<\/p>\n<p>Segundo a pasta, a entrada do Brasil no programa refor\u00e7a a contribui\u00e7\u00e3o do pa\u00eds em pesquisa agropecu\u00e1ria, especialmente em agricultura tropical. <\/p>\n<p>&#8220;O Brasil conta com uma rede de institui\u00e7\u00f5es de pesquisa, universidades e centros de excel\u00eancia, com destaque para a Empresa Brasileira de Pesquisa Agropecu\u00e1ria (Embrapa), cuja atua\u00e7\u00e3o tem sido parte central dos ganhos de produtividade e sustentabilidade da agricultura nacional. A participa\u00e7\u00e3o no programa permitir\u00e1 ao Brasil ampliar sua presen\u00e7a nas discuss\u00f5es da OCDE sobre agricultura, seguran\u00e7a alimentar, sustentabilidade e inova\u00e7\u00e3o&#8221;, disse o minist\u00e9rio na nota.<\/p>\n<p>H\u00e1 expectativa de que a ades\u00e3o gere redu\u00e7\u00e3o de custos de coopera\u00e7\u00e3o internacional, com acesso \u00e0 rede de interc\u00e2mbio cient\u00edfico, bolsas de pesquisa, confer\u00eancias, workshops e simp\u00f3sios apoiados pelo programa.<\/p>\n<p>O post <a href=\"https:\/\/www.canalrural.com.br\/agricultura\/brasil-adere-a-programa-de-pesquisa-para-agricultura-sustentavel-da-ocde\/\">Brasil adere a programa de pesquisa para agricultura sustent\u00e1vel da OCDE<\/a> apareceu primeiro em <a href=\"https:\/\/www.canalrural.com.br\">Canal Rural<\/a>.<\/p>\n<p><br \/>\n<br \/><a href=\"https:\/\/www.canalrural.com.br\/agricultura\/brasil-adere-a-programa-de-pesquisa-para-agricultura-sustentavel-da-ocde\/\">Source link <\/a><\/p>\n","protected":false},"excerpt":{"rendered":"<p>Foto: Freepik O governo brasileiro formalizou a ades\u00e3o ao Programa de Pesquisa Cooperativa da Organiza\u00e7\u00e3o para a Coopera\u00e7\u00e3o e Desenvolvimento<\/p>\n","protected":false},"author":1,"featured_media":30125,"comment_status":"open","ping_status":"open","sticky":false,"template":"","format":"standard","meta":{"_monsterinsights_skip_tracking":false,"_monsterinsights_sitenote_active":false,"_monsterinsights_sitenote_note":"","_monsterinsights_sitenote_category":0,"_uf_show_specific_survey":0,"_uf_disable_surveys":false,"footnotes":""},"categories":[1],"tags":[],"class_list":["post-30124","post","type-post","status-publish","format-standard","has-post-thumbnail","hentry","category-news"],"_links":{"self":[{"href":"https:\/\/agromt.news\/index.php?rest_route=\/wp\/v2\/posts\/30124"}],"collection":[{"href":"https:\/\/agromt.news\/index.php?rest_route=\/wp\/v2\/posts"}],"about":[{"href":"https:\/\/agromt.news\/index.php?rest_route=\/wp\/v2\/types\/post"}],"author":[{"embeddable":true,"href":"https:\/\/agromt.news\/index.php?rest_route=\/wp\/v2\/users\/1"}],"replies":[{"embeddable":true,"href":"https:\/\/agromt.news\/index.php?rest_route=%2Fwp%2Fv2%2Fcomments&post=30124"}],"version-history":[{"count":0,"href":"https:\/\/agromt.news\/index.php?rest_route=\/wp\/v2\/posts\/30124\/revisions"}],"wp:featuredmedia":[{"embeddable":true,"href":"https:\/\/agromt.news\/index.php?rest_route=\/wp\/v2\/media\/30125"}],"wp:attachment":[{"href":"https:\/\/agromt.news\/index.php?rest_route=%2Fwp%2Fv2%2Fmedia&parent=30124"}],"wp:term":[{"taxonomy":"category","embeddable":true,"href":"https:\/\/agromt.news\/index.php?rest_route=%2Fwp%2Fv2%2Fcategories&post=30124"},{"taxonomy":"post_tag","embeddable":true,"href":"https:\/\/agromt.news\/index.php?rest_route=%2Fwp%2Fv2%2Ftags&post=30124"}],"curies":[{"name":"wp","href":"https:\/\/api.w.org\/{rel}","templated":true}]}}