{"id":30121,"date":"2026-04-27T11:13:30","date_gmt":"2026-04-27T15:13:30","guid":{"rendered":"https:\/\/agromt.news\/?p=30121"},"modified":"2026-04-27T11:13:30","modified_gmt":"2026-04-27T15:13:30","slug":"de-olho-no-clima-mercado-do-milho-segue-cauteloso-diz-cepea","status":"publish","type":"post","link":"https:\/\/agromt.news\/?p=30121","title":{"rendered":"De olho no clima, mercado do milho segue cauteloso, diz Cepea"},"content":{"rendered":"<p> <br \/>\n<\/p>\n<div>\n<figure><img decoding=\"async\" src=\"https:\/\/agromt.news\/wp-content\/uploads\/2026\/03\/Milho-sobe-na-semana-com-apoio-do-etanol-e-atencao.jpeg\" alt=\"milho\" \/><figcaption>Foto: Embrapa\/Semeali Sementes<\/figcaption><\/figure>\n<\/div>\n<p>A colheita da safra de ver\u00e3o do milho brasileiro est\u00e1 em momentos finais. Enquanto isso, o plantio da segunda safra est\u00e1 praticamente finalizado, segundo o Centro de Estudos Avan\u00e7ados em Economia Aplicada (Cepea). Pesquisadores relatam que existe agora uma preocupa\u00e7\u00e3o em rela\u00e7\u00e3o ao clima das pr\u00f3ximas semanas, visto que a previs\u00e3o \u00e9 de tempo seco e quente, fatores que podem influenciar nas lavouras.<\/p>\n<p>Ainda de acordo com o centro de estudos, a previs\u00e3o para essa segunda safra \u00e9 realmente menor comparada a do ano anterior, mesmo sendo elevada. Apesar disso, a irregularidade das chuvas nos \u00faltimos dias e as altas temperaturas na regi\u00e3o Centro-Oeste e no estado do Paran\u00e1, tem deixado produtores em alerta.<\/p>\n<ul class=\"wp-block-list\">\n<li><em>Veja em primeira m\u00e3o tudo sobre agricultura, pecu\u00e1ria, economia e previs\u00e3o do tempo:<\/em><a href=\"https:\/\/news.google.com\/publications\/CAAqLQgKIidDQklTRndnTWFoTUtFV05oYm1Gc2NuVnlZV3d1WTI5dExtSnlLQUFQAQ?hl=pt-BR&amp;gl=BR&amp;ceid=BR:pt-419\" target=\"_blank\" rel=\"noreferrer noopener\"><em> siga o Canal Rural no Google News!<\/em><\/a><\/li>\n<\/ul>\n<p>Em rela\u00e7\u00e3o as movimenta\u00e7\u00f5es do mercado, no spot, a baixa demanda marca a \u00faltima semana. Negocia\u00e7\u00f5es ainda seguem limitadas, com compras apenas para quantidades pontuais e com pouca urg\u00eancia de resposi\u00e7\u00e3o. Compradores seguem de olho na boa oferta prevista para as pr\u00f3ximas datas e aguardam uma queda nos pre\u00e7os.<\/p>\n<p>Em compensa\u00e7\u00e3o, vendedores limitaram o volume no spot, no aguardo de uma rea\u00e7\u00e3o nas cota\u00e7\u00f5es do cereal, fundamentados nas previs\u00f5es de clima para as semanas seguintes.<\/p>\n<p>*Sob supervis\u00e3o de Hildeberto Jr.<\/p>\n<\/p>\n<p>O post <a href=\"https:\/\/www.canalrural.com.br\/agricultura\/milho\/de-olho-no-clima-mercado-do-milho-segue-cauteloso-diz-cepea\/\">De olho no clima, mercado do milho segue cauteloso, diz Cepea<\/a> apareceu primeiro em <a href=\"https:\/\/www.canalrural.com.br\">Canal Rural<\/a>.<\/p>\n<p><br \/>\n<br \/><a href=\"https:\/\/www.canalrural.com.br\/agricultura\/milho\/de-olho-no-clima-mercado-do-milho-segue-cauteloso-diz-cepea\/\">Source link <\/a><\/p>\n","protected":false},"excerpt":{"rendered":"<p>Foto: Embrapa\/Semeali Sementes A colheita da safra de ver\u00e3o do milho brasileiro est\u00e1 em momentos finais. Enquanto isso, o plantio<\/p>\n","protected":false},"author":1,"featured_media":27741,"comment_status":"open","ping_status":"open","sticky":false,"template":"","format":"standard","meta":{"_monsterinsights_skip_tracking":false,"_monsterinsights_sitenote_active":false,"_monsterinsights_sitenote_note":"","_monsterinsights_sitenote_category":0,"_uf_show_specific_survey":0,"_uf_disable_surveys":false,"footnotes":""},"categories":[1],"tags":[],"class_list":["post-30121","post","type-post","status-publish","format-standard","has-post-thumbnail","hentry","category-news"],"_links":{"self":[{"href":"https:\/\/agromt.news\/index.php?rest_route=\/wp\/v2\/posts\/30121"}],"collection":[{"href":"https:\/\/agromt.news\/index.php?rest_route=\/wp\/v2\/posts"}],"about":[{"href":"https:\/\/agromt.news\/index.php?rest_route=\/wp\/v2\/types\/post"}],"author":[{"embeddable":true,"href":"https:\/\/agromt.news\/index.php?rest_route=\/wp\/v2\/users\/1"}],"replies":[{"embeddable":true,"href":"https:\/\/agromt.news\/index.php?rest_route=%2Fwp%2Fv2%2Fcomments&post=30121"}],"version-history":[{"count":0,"href":"https:\/\/agromt.news\/index.php?rest_route=\/wp\/v2\/posts\/30121\/revisions"}],"wp:featuredmedia":[{"embeddable":true,"href":"https:\/\/agromt.news\/index.php?rest_route=\/wp\/v2\/media\/27741"}],"wp:attachment":[{"href":"https:\/\/agromt.news\/index.php?rest_route=%2Fwp%2Fv2%2Fmedia&parent=30121"}],"wp:term":[{"taxonomy":"category","embeddable":true,"href":"https:\/\/agromt.news\/index.php?rest_route=%2Fwp%2Fv2%2Fcategories&post=30121"},{"taxonomy":"post_tag","embeddable":true,"href":"https:\/\/agromt.news\/index.php?rest_route=%2Fwp%2Fv2%2Ftags&post=30121"}],"curies":[{"name":"wp","href":"https:\/\/api.w.org\/{rel}","templated":true}]}}