{"id":30114,"date":"2026-04-27T10:03:33","date_gmt":"2026-04-27T14:03:33","guid":{"rendered":"https:\/\/agromt.news\/?p=30114"},"modified":"2026-04-27T10:03:33","modified_gmt":"2026-04-27T14:03:33","slug":"agrishow-vice-presidente-da-fpa-defende-projeto-de-renegociacao-de-dividas-rurais","status":"publish","type":"post","link":"https:\/\/agromt.news\/?p=30114","title":{"rendered":"Agrishow: vice-presidente da FPA defende projeto de renegocia\u00e7\u00e3o de d\u00edvidas rurais"},"content":{"rendered":"<p> <br \/>\n<\/p>\n<div>\n<figure><img decoding=\"async\" src=\"https:\/\/agromt.news\/wp-content\/uploads\/2026\/04\/Agrishow-vice-presidente-da-FPA-defende-projeto-de-renegociacao-de-dividas.jpeg\" alt=\"Arnaldo Jardim, COP30\" \/><figcaption>Reprodu\u00e7\u00e3o Canal Rural<\/figcaption><\/figure>\n<\/div>\n<p>O vice-presidente da Frente Parlamentar da Agricultura (FPA) na C\u00e2mara dos Deputados, Arnaldo Jardim, defendeu no domingo (26) a cria\u00e7\u00e3o de um projeto de renegocia\u00e7\u00e3o das d\u00edvidas do setor rural. A declara\u00e7\u00e3o foi feita durante a 31\u00aa edi\u00e7\u00e3o da Agrishow, em Ribeir\u00e3o Preto (SP), na presen\u00e7a do vice-presidente da Rep\u00fablica, Geraldo Alckmin, ministros e representantes do agroneg\u00f3cio.<\/p>\n<p>Ao tratar do tema, Jardim afirmou que a proposta n\u00e3o envolve perd\u00e3o de d\u00e9bitos, mas a revis\u00e3o das condi\u00e7\u00f5es de pagamento para permitir a continuidade da atividade produtiva. Segundo o deputado, a demanda \u00e9 para que produtores consigam cumprir compromissos financeiros em condi\u00e7\u00f5es compat\u00edveis com a realidade do setor.<\/p>\n<p>O parlamentar disse que a renegocia\u00e7\u00e3o vem sendo debatida no Congresso Nacional e citou uma proposta apresentada pelo senador Renan Calheiros. De acordo com Jardim, ele e o deputado Pedro Lupion devem rediscutir os termos do projeto ao longo desta semana. At\u00e9 o momento, por\u00e9m, n\u00e3o foram detalhados publicamente os crit\u00e9rios, prazos, taxas ou o universo de produtores que poder\u00e1 ser atendido.<\/p>\n<ul class=\"wp-block-list\">\n<li>Receba no seu celular atualiza\u00e7\u00f5es em tempo real, enquetes interativas e tudo o que impacta o dia a dia no campo: <a href=\"https:\/\/whatsapp.com\/channel\/0029Va9VnZxGk1FplZjiW43k\" target=\"_blank\" rel=\"noopener noreferrer\"><strong>entre agora no Whatsapp do Canal Rural!<\/strong><\/a><\/li>\n<\/ul>\n<p>Na mesma fala, o deputado vinculou a discuss\u00e3o do endividamento ao avan\u00e7o do seguro rural. Segundo ele, a cobertura atual n\u00e3o passa de 7,8% da \u00e1rea plantada no pa\u00eds. Na avalia\u00e7\u00e3o apresentada por Jardim, uma pol\u00edtica de seguro mais abrangente reduziria a necessidade de renegocia\u00e7\u00f5es em momentos de perda de produ\u00e7\u00e3o ou maior press\u00e3o sobre a renda no campo.<\/p>\n<p>O parlamentar tamb\u00e9m informou que h\u00e1 um projeto j\u00e1 aprovado no Senado com foco no tema e que a proposta aguarda delibera\u00e7\u00e3o na C\u00e2mara dos Deputados, sob relatoria de Pedro Lupion. N\u00e3o foram informados, no evento, prazos para vota\u00e7\u00e3o.<\/p>\n<p>A discuss\u00e3o sobre d\u00edvidas e seguro rural tende a avan\u00e7ar no Congresso nas pr\u00f3ximas semanas, segundo Jardim. O andamento depender\u00e1 da defini\u00e7\u00e3o dos termos da renegocia\u00e7\u00e3o e da tramita\u00e7\u00e3o das propostas j\u00e1 em an\u00e1lise na C\u00e2mara.<\/p>\n<p class=\"news-source\"><strong>Fonte:<\/strong> <a href=\"ftp:\/\/ftp.ae.com.br\/1.65.1.2026-04-27.-6.INCLUIR.25441.xml\" target=\"_blank\" rel=\"noopener noreferrer\">Estad\u00e3o Conte\u00fado<\/a><\/p>\n<p>O post <a href=\"https:\/\/www.canalrural.com.br\/politica\/agrishow-vice-presidente-da-fpa-defende-projeto-de-renegociacao-de-dividas-rurais\/\">Agrishow: vice-presidente da FPA defende projeto de renegocia\u00e7\u00e3o de d\u00edvidas rurais<\/a> apareceu primeiro em <a href=\"https:\/\/www.canalrural.com.br\">Canal Rural<\/a>.<\/p>\n<p><br \/>\n<br \/><a href=\"https:\/\/www.canalrural.com.br\/politica\/agrishow-vice-presidente-da-fpa-defende-projeto-de-renegociacao-de-dividas-rurais\/\">Source link <\/a><\/p>\n","protected":false},"excerpt":{"rendered":"<p>Reprodu\u00e7\u00e3o Canal Rural O vice-presidente da Frente Parlamentar da Agricultura (FPA) na C\u00e2mara dos Deputados, Arnaldo Jardim, defendeu no domingo<\/p>\n","protected":false},"author":1,"featured_media":30115,"comment_status":"open","ping_status":"open","sticky":false,"template":"","format":"standard","meta":{"_monsterinsights_skip_tracking":false,"_monsterinsights_sitenote_active":false,"_monsterinsights_sitenote_note":"","_monsterinsights_sitenote_category":0,"_uf_show_specific_survey":0,"_uf_disable_surveys":false,"footnotes":""},"categories":[1],"tags":[],"class_list":["post-30114","post","type-post","status-publish","format-standard","has-post-thumbnail","hentry","category-news"],"_links":{"self":[{"href":"https:\/\/agromt.news\/index.php?rest_route=\/wp\/v2\/posts\/30114"}],"collection":[{"href":"https:\/\/agromt.news\/index.php?rest_route=\/wp\/v2\/posts"}],"about":[{"href":"https:\/\/agromt.news\/index.php?rest_route=\/wp\/v2\/types\/post"}],"author":[{"embeddable":true,"href":"https:\/\/agromt.news\/index.php?rest_route=\/wp\/v2\/users\/1"}],"replies":[{"embeddable":true,"href":"https:\/\/agromt.news\/index.php?rest_route=%2Fwp%2Fv2%2Fcomments&post=30114"}],"version-history":[{"count":0,"href":"https:\/\/agromt.news\/index.php?rest_route=\/wp\/v2\/posts\/30114\/revisions"}],"wp:featuredmedia":[{"embeddable":true,"href":"https:\/\/agromt.news\/index.php?rest_route=\/wp\/v2\/media\/30115"}],"wp:attachment":[{"href":"https:\/\/agromt.news\/index.php?rest_route=%2Fwp%2Fv2%2Fmedia&parent=30114"}],"wp:term":[{"taxonomy":"category","embeddable":true,"href":"https:\/\/agromt.news\/index.php?rest_route=%2Fwp%2Fv2%2Fcategories&post=30114"},{"taxonomy":"post_tag","embeddable":true,"href":"https:\/\/agromt.news\/index.php?rest_route=%2Fwp%2Fv2%2Ftags&post=30114"}],"curies":[{"name":"wp","href":"https:\/\/api.w.org\/{rel}","templated":true}]}}