{"id":30111,"date":"2026-04-27T09:07:37","date_gmt":"2026-04-27T13:07:37","guid":{"rendered":"https:\/\/agromt.news\/?p=30111"},"modified":"2026-04-27T09:07:37","modified_gmt":"2026-04-27T13:07:37","slug":"agrishow-2026-o-peso-da-cadeira-vazia","status":"publish","type":"post","link":"https:\/\/agromt.news\/?p=30111","title":{"rendered":"Agrishow 2026: o peso da cadeira vazia"},"content":{"rendered":"<p> <br \/>\n<\/p>\n<div>\n<figure><img decoding=\"async\" src=\"https:\/\/agromt.news\/wp-content\/uploads\/2025\/07\/Brasil-nao-aceitara-nada-que-lhe-seja-imposto-diz-Lula.jpg\" alt=\"presidente Lula\" \/><figcaption>Foto: Ricardo Stuckert\/PR<\/figcaption><\/figure>\n<\/div>\n<p>A abertura da 31\u00aa edi\u00e7\u00e3o da Agrishow, em Ribeir\u00e3o Preto, repete um cen\u00e1rio que se tornou comum: o v\u00e1cuo deixado pelo presidente da Rep\u00fablica. No maior palco tecnol\u00f3gico do setor, o sil\u00eancio do Planalto \u00e9 preenchido pelo discurso da oposi\u00e7\u00e3o.<\/p>\n<ul class=\"wp-block-list\">\n<li><em>Veja em primeira m\u00e3o tudo sobre agricultura, pecu\u00e1ria, economia e previs\u00e3o do tempo:<\/em><a href=\"https:\/\/news.google.com\/publications\/CAAqBwgKMPKZlQswq_mqAw?hl=pt-BR&amp;gl=BR&amp;ceid=BR%3Apt-419\" target=\"_blank\" rel=\"noreferrer noopener\"><em>\u00a0siga o Canal Rural no Google News!<\/em><\/a><\/li>\n<\/ul>\n<p>Enquanto o vice-presidente Geraldo Alckmin representa o governo, os holofotes se voltam para o governador Tarc\u00edsio de Freitas e o senador Fl\u00e1vio Bolsonaro. Eles capitalizam sobre a principal dor do setor: a inseguran\u00e7a no campo.<\/p>\n<h2 class=\"wp-block-heading\" id=\"h-memoria-do-desconvite\">Mem\u00f3ria do &#8220;desconvite&#8221;<\/h2>\n<p>A rela\u00e7\u00e3o entre Lula e o agroneg\u00f3cio congelou em 2023, ap\u00f3s o pol\u00eamico &#8220;desconvite&#8221; ao ministro Carlos F\u00e1varo. Na \u00e9poca, Lula chamou organizadores de &#8220;fascistas&#8221;, criando uma cicatriz que o setor n\u00e3o esqueceu.<\/p>\n<p>Essa m\u00e1goa n\u00e3o \u00e9 apenas pol\u00edtica, \u00e9 ideol\u00f3gica. O produtor v\u00ea com temor a proximidade hist\u00f3rica do governo com o Movimento dos Sem Terra (MST) e o incentivo a agendas que colidem com o direito de propriedade.<\/p>\n<h2 class=\"wp-block-heading\" id=\"h-invasoes-e-a-inseguranca-juridica\">Invas\u00f5es e a inseguran\u00e7a jur\u00eddica<\/h2>\n<p>Um dos maiores pontos de atrito \u00e9 a preocupa\u00e7\u00e3o com a concess\u00e3o de terras ind\u00edgenas e a onda de invas\u00f5es de propriedades produtivas. Para o produtor, o apoio de Lula a esses movimentos \u00e9 um sinal de alerta sobre a estabilidade jur\u00eddica no campo.<\/p>\n<p>O setor enxerga uma coniv\u00eancia que amea\u00e7a o direito de propriedade. Enquanto o governo foca na reforma agr\u00e1ria, o m\u00e9dio e o grande produtor temem perder o controle de suas terras para novas demarca\u00e7\u00f5es ou ocupa\u00e7\u00f5es lideradas por movimentos sociais.<\/p>\n<h2 class=\"wp-block-heading\" id=\"h-o-divorcio-entre-o-bolso-e-o-coracao\">O div\u00f3rcio entre o bolso e o cora\u00e7\u00e3o<\/h2>\n<p>O paradoxo \u00e9 evidente: o governo injeta recursos, mas o foco tem endere\u00e7o certo. O Plano Safra da Agricultura Familiar 25\/26 atingiu o recorde de R$ 89 bilh\u00f5es, priorizando quem garante a comida no prato do brasileiro.<\/p>\n<p>Infelizmente, n\u00e3o h\u00e1 como atender plenamente ao grande produtor, pois os recursos estatais s\u00e3o finitos e a prioridade social do atual governo fala mais alto. Diante da escassez or\u00e7ament\u00e1ria, o governo fez uma escolha clara pela base social da pir\u00e2mide produtiva.<\/p>\n<h2 class=\"wp-block-heading\" id=\"h-a-forca-do-pequeno\">A for\u00e7a do pequeno<\/h2>\n<p>A Agricultura Familiar representa 77% dos estabelecimentos do pa\u00eds e produz quase 85% da produ\u00e7\u00e3o nacional de alimentos b\u00e1sicos. Enquanto o grande foco na exporta\u00e7\u00e3o para mover o PIB, o pequeno garante a seguran\u00e7a alimentar interna.<\/p>\n<p>Entretanto, ao ignorar a Agrishow para evitar vaias, Lula entrega o microfone para quem promete &#8220;toler\u00e2ncia zero&#8221; com invas\u00f5es. No agro, quem n\u00e3o garante a seguran\u00e7a da terra, dificilmente conquista a confian\u00e7a de quem nela trabalha.<\/p>\n<h2 class=\"wp-block-heading\" id=\"h-oportunidade-perdida\">Oportunidade perdida?<\/h2>\n<p>A cadeira vazia em Ribeir\u00e3o Preto simboliza um governo que optou por um lado. No entanto, o comportamento hostil de parte do agroneg\u00f3cio tamb\u00e9m pode ser lido como um grande erro estrat\u00e9gico. Ao fechar as portas para o di\u00e1logo e transformar uma feira de tecnologia em um palanque puramente pol\u00edtico, o setor arrisca perder a chance de negociar melhorias estruturais e garantias jur\u00eddicas diretamente com quem det\u00e9m a caneta.<\/p>\n<p>Enquanto a pol\u00edtica tratar o campo apenas como palco de disputas e o setor responder com intransig\u00eancia, a reconcilia\u00e7\u00e3o ser\u00e1 imposs\u00edvel. No campo, a confian\u00e7a \u00e9 como a safra: demora a crescer, mas pode ser prejudicada em uma \u00fanica tempestade pol\u00edtica.<\/p>\n<div class=\"wp-block-media-text is-stacked-on-mobile\">\n<figure class=\"wp-block-media-text__media\"><img fetchpriority=\"high\" decoding=\"async\" width=\"683\" height=\"1024\" src=\"https:\/\/agromt.news\/wp-content\/uploads\/2025\/12\/1766405079_938_Confusao-a-vista-petroleo-venezuelano-apreendido-pelos-EUA-pode-pertencer.jpg\" alt=\"Miguel Daoud\" class=\"wp-image-4095706 size-full\" \/><\/figure>\n<div class=\"wp-block-media-text__content\">\n<p class=\"has-text-align-center\">*<em><strong>Miguel Daoud<\/strong>&nbsp;\u00e9 comentarista de Economia e Pol\u00edtica&nbsp;do Canal Rural<\/em><\/p>\n<p><\/p>\n<\/div>\n<\/div>\n<hr class=\"wp-block-separator has-alpha-channel-opacity\" \/>\n<p><em>O&nbsp;<strong>Canal Rural<\/strong>&nbsp;n\u00e3o se responsabiliza pelas opini\u00f5es e conceitos emitidos nos textos desta sess\u00e3o, sendo os conte\u00fados de inteira responsabilidade de seus autores. A empresa se reserva o direito de fazer ajustes no texto para adequa\u00e7\u00e3o \u00e0s normas de publica\u00e7\u00e3o.<\/em><\/p>\n<\/p>\n<\/p>\n<p>O post <a href=\"https:\/\/www.canalrural.com.br\/opiniao-noticias\/agrishow-2026-o-peso-da-cadeira-vazia\/\">Agrishow 2026: o peso da cadeira vazia<\/a> apareceu primeiro em <a href=\"https:\/\/www.canalrural.com.br\">Canal Rural<\/a>.<\/p>\n<p><br \/>\n<br \/><a href=\"https:\/\/www.canalrural.com.br\/opiniao-noticias\/agrishow-2026-o-peso-da-cadeira-vazia\/\">Source link <\/a><\/p>\n","protected":false},"excerpt":{"rendered":"<p>Foto: Ricardo Stuckert\/PR A abertura da 31\u00aa edi\u00e7\u00e3o da Agrishow, em Ribeir\u00e3o Preto, repete um cen\u00e1rio que se tornou comum:<\/p>\n","protected":false},"author":1,"featured_media":30112,"comment_status":"open","ping_status":"open","sticky":false,"template":"","format":"standard","meta":{"_monsterinsights_skip_tracking":false,"_monsterinsights_sitenote_active":false,"_monsterinsights_sitenote_note":"","_monsterinsights_sitenote_category":0,"_uf_show_specific_survey":0,"_uf_disable_surveys":false,"footnotes":""},"categories":[1],"tags":[],"class_list":["post-30111","post","type-post","status-publish","format-standard","has-post-thumbnail","hentry","category-news"],"_links":{"self":[{"href":"https:\/\/agromt.news\/index.php?rest_route=\/wp\/v2\/posts\/30111"}],"collection":[{"href":"https:\/\/agromt.news\/index.php?rest_route=\/wp\/v2\/posts"}],"about":[{"href":"https:\/\/agromt.news\/index.php?rest_route=\/wp\/v2\/types\/post"}],"author":[{"embeddable":true,"href":"https:\/\/agromt.news\/index.php?rest_route=\/wp\/v2\/users\/1"}],"replies":[{"embeddable":true,"href":"https:\/\/agromt.news\/index.php?rest_route=%2Fwp%2Fv2%2Fcomments&post=30111"}],"version-history":[{"count":0,"href":"https:\/\/agromt.news\/index.php?rest_route=\/wp\/v2\/posts\/30111\/revisions"}],"wp:featuredmedia":[{"embeddable":true,"href":"https:\/\/agromt.news\/index.php?rest_route=\/wp\/v2\/media\/30112"}],"wp:attachment":[{"href":"https:\/\/agromt.news\/index.php?rest_route=%2Fwp%2Fv2%2Fmedia&parent=30111"}],"wp:term":[{"taxonomy":"category","embeddable":true,"href":"https:\/\/agromt.news\/index.php?rest_route=%2Fwp%2Fv2%2Fcategories&post=30111"},{"taxonomy":"post_tag","embeddable":true,"href":"https:\/\/agromt.news\/index.php?rest_route=%2Fwp%2Fv2%2Ftags&post=30111"}],"curies":[{"name":"wp","href":"https:\/\/api.w.org\/{rel}","templated":true}]}}