{"id":30109,"date":"2026-04-27T08:53:30","date_gmt":"2026-04-27T12:53:30","guid":{"rendered":"https:\/\/agromt.news\/?p=30109"},"modified":"2026-04-27T08:53:30","modified_gmt":"2026-04-27T12:53:30","slug":"boletim-focus-mantem-selic-de-2026-em-13-e-taxa-de-2027-em-11","status":"publish","type":"post","link":"https:\/\/agromt.news\/?p=30109","title":{"rendered":"Boletim Focus mant\u00e9m Selic de 2026 em 13% e taxa de 2027 em 11%"},"content":{"rendered":"<p> <br \/>\n<\/p>\n<div>\n<figure><img decoding=\"async\" src=\"https:\/\/agromt.news\/wp-content\/uploads\/2026\/04\/Boletim-Focus-mantem-Selic-de-2026-em-13-e-taxa.png\" alt=\"Focus mant\u00e9m Selic de 2026 em 13% e taxa de 2027 em 11%\" \/><\/figure>\n<\/div>\n<p>A mediana das proje\u00e7\u00f5es do relat\u00f3rio Focus para a taxa b\u00e1sica de juros no fim de 2026 permaneceu em 13,0% nesta segunda-feira (27), segundo o Banco Central (BC). Para 2027, a estimativa seguiu em 11,0%. Os n\u00fameros foram divulgados \u00e0s v\u00e9speras da decis\u00e3o do Comit\u00ea de Pol\u00edtica Monet\u00e1ria (Copom), marcada para esta quarta-feira (29), em um ambiente de incerteza inflacion\u00e1ria e revis\u00e3o das expectativas do mercado.<\/p>\n<p>No caso de 2026, a proje\u00e7\u00e3o est\u00e1 acima da registrada um m\u00eas antes, quando a mediana era de 12,50%. Considerando apenas as 110 estimativas atualizadas nos \u00faltimos cinco dias \u00fateis, o percentual tamb\u00e9m ficou em 13,0%, o que indica manuten\u00e7\u00e3o da leitura mais recente entre os agentes consultados.<\/p>\n<p>Para 2027, a mediana seguiu em 11,0%, ante 10,50% observados um m\u00eas antes. Entre as 107 proje\u00e7\u00f5es revisadas nos \u00faltimos cinco dias \u00fateis, a estimativa tamb\u00e9m permaneceu em 11,0%. J\u00e1 para horizontes mais longos, o Focus manteve a Selic de 2028 em 10,0% pela 14\u00aa semana seguida. Para 2029, a taxa caiu de 9,88% para 9,75%.<\/p>\n<ul class=\"wp-block-list\">\n<li>Quer ficar por dentro da previs\u00e3o do tempo e dos alertas meteorol\u00f3gicos? <a href=\"https:\/\/tempo.canalrural.com.br\/\" target=\"_blank\" rel=\"noopener noreferrer\"><strong>Acesse a p\u00e1gina do tempo do Canal Rural e planeje-se!<\/strong><\/a><\/li>\n<\/ul>\n<p>Na \u00faltima reuni\u00e3o, realizada em 18 de mar\u00e7o, o Copom reduziu a Selic de 15,0% para 14,75% ao ano, em corte de 0,25 ponto porcentual. Foi a primeira redu\u00e7\u00e3o em quase dois anos. Na ocasi\u00e3o, o colegiado indicou aumento das incertezas, citando os efeitos do conflito no Oriente M\u00e9dio e o fechamento do Estreito de Ormuz sobre o petr\u00f3leo.<\/p>\n<p>O presidente do Banco Central, Gabriel Gal\u00edpolo, afirmou em entrevista coletiva na quarta-feira (26 de mar\u00e7o) que a postura conservadora da autoridade monet\u00e1ria ao longo de 2025 buscaria ampliar o tempo de avalia\u00e7\u00e3o dos efeitos da alta do petr\u00f3leo sobre os pre\u00e7os dom\u00e9sticos.<\/p>\n<p>Na pesquisa Proje\u00e7\u00f5es Broadcast, 33 de 37 institui\u00e7\u00f5es financeiras esperavam novo corte de 0,25 ponto nesta semana, para 14,50% ao ano. Esse conjunto de estimativas serve de refer\u00eancia para cr\u00e9dito, custo financeiro e decis\u00f5es de investimento, mas o efeito pr\u00e1tico depender\u00e1 do comunicado do Copom e da evolu\u00e7\u00e3o da infla\u00e7\u00e3o.<\/p>\n<p>Com as medianas de 2026 e 2027 estabilizadas em patamares mais altos do que os observados um m\u00eas atr\u00e1s, o mercado mant\u00e9m a leitura de juros elevados por per\u00edodo prolongado. O pr\u00f3ximo sinal t\u00e9cnico vir\u00e1 da decis\u00e3o e da comunica\u00e7\u00e3o do Copom nesta quarta-feira (29).<\/p>\n<p class=\"news-source\"><strong>Fonte:<\/strong> <a href=\"ftp:\/\/ftp.ae.com.br\/1.41.1.2026.04.27.26.EC.xml\" target=\"_blank\" rel=\"noopener noreferrer\">Estad\u00e3o Conte\u00fado<\/a><\/p>\n<p>O post <a href=\"https:\/\/www.canalrural.com.br\/economia\/boletim-focus-mantem-selic-de-2026-em-13-e-taxa-de-2027-em-11\/\">Boletim Focus mant\u00e9m Selic de 2026 em 13% e taxa de 2027 em 11%<\/a> apareceu primeiro em <a href=\"https:\/\/www.canalrural.com.br\">Canal Rural<\/a>.<\/p>\n<p><br \/>\n<br \/><a href=\"https:\/\/www.canalrural.com.br\/economia\/boletim-focus-mantem-selic-de-2026-em-13-e-taxa-de-2027-em-11\/\">Source link <\/a><\/p>\n","protected":false},"excerpt":{"rendered":"<p>A mediana das proje\u00e7\u00f5es do relat\u00f3rio Focus para a taxa b\u00e1sica de juros no fim de 2026 permaneceu em 13,0%<\/p>\n","protected":false},"author":1,"featured_media":30110,"comment_status":"open","ping_status":"open","sticky":false,"template":"","format":"standard","meta":{"_monsterinsights_skip_tracking":false,"_monsterinsights_sitenote_active":false,"_monsterinsights_sitenote_note":"","_monsterinsights_sitenote_category":0,"_uf_show_specific_survey":0,"_uf_disable_surveys":false,"footnotes":""},"categories":[1],"tags":[],"class_list":["post-30109","post","type-post","status-publish","format-standard","has-post-thumbnail","hentry","category-news"],"_links":{"self":[{"href":"https:\/\/agromt.news\/index.php?rest_route=\/wp\/v2\/posts\/30109"}],"collection":[{"href":"https:\/\/agromt.news\/index.php?rest_route=\/wp\/v2\/posts"}],"about":[{"href":"https:\/\/agromt.news\/index.php?rest_route=\/wp\/v2\/types\/post"}],"author":[{"embeddable":true,"href":"https:\/\/agromt.news\/index.php?rest_route=\/wp\/v2\/users\/1"}],"replies":[{"embeddable":true,"href":"https:\/\/agromt.news\/index.php?rest_route=%2Fwp%2Fv2%2Fcomments&post=30109"}],"version-history":[{"count":0,"href":"https:\/\/agromt.news\/index.php?rest_route=\/wp\/v2\/posts\/30109\/revisions"}],"wp:featuredmedia":[{"embeddable":true,"href":"https:\/\/agromt.news\/index.php?rest_route=\/wp\/v2\/media\/30110"}],"wp:attachment":[{"href":"https:\/\/agromt.news\/index.php?rest_route=%2Fwp%2Fv2%2Fmedia&parent=30109"}],"wp:term":[{"taxonomy":"category","embeddable":true,"href":"https:\/\/agromt.news\/index.php?rest_route=%2Fwp%2Fv2%2Fcategories&post=30109"},{"taxonomy":"post_tag","embeddable":true,"href":"https:\/\/agromt.news\/index.php?rest_route=%2Fwp%2Fv2%2Ftags&post=30109"}],"curies":[{"name":"wp","href":"https:\/\/api.w.org\/{rel}","templated":true}]}}