{"id":30107,"date":"2026-04-27T08:39:21","date_gmt":"2026-04-27T12:39:21","guid":{"rendered":"https:\/\/agromt.news\/?p=30107"},"modified":"2026-04-27T08:39:21","modified_gmt":"2026-04-27T12:39:21","slug":"liderancas-do-agro-criticam-proposta-sobre-fim-da-escala-6x1-durante-abertura-da-expozebu","status":"publish","type":"post","link":"https:\/\/agromt.news\/?p=30107","title":{"rendered":"Lideran\u00e7as do agro criticam proposta sobre fim da escala 6\u00d71 durante abertura da Expozebu"},"content":{"rendered":"<p> <br \/>\n<\/p>\n<div>\n<figure><img decoding=\"async\" src=\"https:\/\/agromt.news\/wp-content\/uploads\/2026\/04\/Liderancas-do-agro-criticam-proposta-sobre-fim-da-escala-6\u00d71.png\" alt=\"Lideran\u00e7as do agro criticam proposta sobre escala 6x1 durante abertura da Expozebu\" \/><\/figure>\n<\/div>\n<p>Lideran\u00e7as do agroneg\u00f3cio concentraram cr\u00edticas \u00e0 proposta de mudan\u00e7a na escala de trabalho 6&#215;1 no s\u00e1bado (25), durante a abertura da Expozebu, em Uberaba (MG). O tema foi tratado por dirigentes de entidades do setor, que pediram discuss\u00e3o mais ampla sobre impactos na economia e na atividade produtiva. A manifesta\u00e7\u00e3o ocorre na mesma semana em que a Comiss\u00e3o de Constitui\u00e7\u00e3o e Justi\u00e7a (CCJ) da C\u00e2mara aprovou a admissibilidade de uma Proposta de Emenda \u00e0 Constitui\u00e7\u00e3o (PEC) sobre o assunto.<\/p>\n<p>Na cerim\u00f4nia, o presidente da Associa\u00e7\u00e3o Brasileira dos Criadores de Zebu (ABCZ), Arnaldo Manuel de Souza Machado Borges, afirmou que a discuss\u00e3o precisa considerar \u201ctodas as consequ\u00eancias poss\u00edveis para o bom funcionamento da economia e do setor produtivo do Brasil\u201d. Segundo ele, a proposta exige an\u00e1lise t\u00e9cnica e posicionamento do Congresso Nacional.<\/p>\n<p>O presidente da Federa\u00e7\u00e3o da Agricultura e Pecu\u00e1ria do Estado de S\u00e3o Paulo (Faesp), Tirso Meirelles, tamb\u00e9m criticou a prioridade dada ao tema diante de outros gargalos estruturais. Ao citar transporte, seguran\u00e7a e quest\u00f5es fiscais, o dirigente defendeu planejamento de longo prazo e maior participa\u00e7\u00e3o da sociedade no debate.<\/p>\n<ul class=\"wp-block-list\">\n<li>Acompanhe os pre\u00e7os das principais commodities do agro, como soja, milho e boi, com atualiza\u00e7\u00e3o direta das principais pra\u00e7as do Brasil: <a href=\"https:\/\/www.canalrural.com.br\/cotacoes\/\" target=\"_blank\" rel=\"noopener noreferrer\"><strong>acesse a p\u00e1gina de cota\u00e7\u00f5es do Canal Rural!<\/strong><\/a><\/li>\n<\/ul>\n<p>A tramita\u00e7\u00e3o legislativa ganhou novo passo nesta semana, com a aprova\u00e7\u00e3o da admissibilidade da PEC na CCJ da C\u00e2mara. Essa etapa analisa apenas a constitucionalidade do texto, sem entrar no m\u00e9rito da proposta. O conte\u00fado detalhado da PEC e eventuais regras de transi\u00e7\u00e3o n\u00e3o foram informados no material dispon\u00edvel.<\/p>\n<p>Do ponto de vista pr\u00e1tico, a discuss\u00e3o envolve a organiza\u00e7\u00e3o da jornada em atividades com necessidade de opera\u00e7\u00e3o cont\u00ednua, como segmentos da produ\u00e7\u00e3o agropecu\u00e1ria, frigor\u00edficos, transporte e servi\u00e7os de apoio no campo. Segundo as entidades, eventuais mudan\u00e7as podem afetar escalas de trabalho, custo operacional e planejamento de m\u00e3o de obra, tema que ainda depende da reda\u00e7\u00e3o final e da tramita\u00e7\u00e3o legislativa.<\/p>\n<p>Ap\u00f3s a an\u00e1lise de admissibilidade, a PEC ainda precisa passar pelas pr\u00f3ximas etapas da C\u00e2mara. O avan\u00e7o do debate tende a concentrar aten\u00e7\u00e3o de entidades do agro, do setor produtivo e do Congresso sobre os efeitos regulat\u00f3rios e econ\u00f4micos da proposta.<\/p>\n<p class=\"news-source\"><strong>Fonte:<\/strong> <a href=\"ftp:\/\/ftp.ae.com.br\/1.65.1.2026-04-27.-4.INCLUIR.20889.xml\" target=\"_blank\" rel=\"noopener noreferrer\">Estad\u00e3o Conte\u00fado<\/a><\/p>\n<p>O post <a href=\"https:\/\/www.canalrural.com.br\/politica\/liderancas-do-agro-criticam-proposta-sobre-fim-da-escala-6x1-durante-abertura-da-expozebu\/\">Lideran\u00e7as do agro criticam proposta sobre fim da escala 6&#215;1 durante abertura da Expozebu<\/a> apareceu primeiro em <a href=\"https:\/\/www.canalrural.com.br\">Canal Rural<\/a>.<\/p>\n<p><br \/>\n<br \/><a href=\"https:\/\/www.canalrural.com.br\/politica\/liderancas-do-agro-criticam-proposta-sobre-fim-da-escala-6x1-durante-abertura-da-expozebu\/\">Source link <\/a><\/p>\n","protected":false},"excerpt":{"rendered":"<p>Lideran\u00e7as do agroneg\u00f3cio concentraram cr\u00edticas \u00e0 proposta de mudan\u00e7a na escala de trabalho 6&#215;1 no s\u00e1bado (25), durante a abertura<\/p>\n","protected":false},"author":1,"featured_media":30108,"comment_status":"open","ping_status":"open","sticky":false,"template":"","format":"standard","meta":{"_monsterinsights_skip_tracking":false,"_monsterinsights_sitenote_active":false,"_monsterinsights_sitenote_note":"","_monsterinsights_sitenote_category":0,"_uf_show_specific_survey":0,"_uf_disable_surveys":false,"footnotes":""},"categories":[1],"tags":[],"class_list":["post-30107","post","type-post","status-publish","format-standard","has-post-thumbnail","hentry","category-news"],"_links":{"self":[{"href":"https:\/\/agromt.news\/index.php?rest_route=\/wp\/v2\/posts\/30107"}],"collection":[{"href":"https:\/\/agromt.news\/index.php?rest_route=\/wp\/v2\/posts"}],"about":[{"href":"https:\/\/agromt.news\/index.php?rest_route=\/wp\/v2\/types\/post"}],"author":[{"embeddable":true,"href":"https:\/\/agromt.news\/index.php?rest_route=\/wp\/v2\/users\/1"}],"replies":[{"embeddable":true,"href":"https:\/\/agromt.news\/index.php?rest_route=%2Fwp%2Fv2%2Fcomments&post=30107"}],"version-history":[{"count":0,"href":"https:\/\/agromt.news\/index.php?rest_route=\/wp\/v2\/posts\/30107\/revisions"}],"wp:featuredmedia":[{"embeddable":true,"href":"https:\/\/agromt.news\/index.php?rest_route=\/wp\/v2\/media\/30108"}],"wp:attachment":[{"href":"https:\/\/agromt.news\/index.php?rest_route=%2Fwp%2Fv2%2Fmedia&parent=30107"}],"wp:term":[{"taxonomy":"category","embeddable":true,"href":"https:\/\/agromt.news\/index.php?rest_route=%2Fwp%2Fv2%2Fcategories&post=30107"},{"taxonomy":"post_tag","embeddable":true,"href":"https:\/\/agromt.news\/index.php?rest_route=%2Fwp%2Fv2%2Ftags&post=30107"}],"curies":[{"name":"wp","href":"https:\/\/api.w.org\/{rel}","templated":true}]}}