{"id":30105,"date":"2026-04-27T08:25:33","date_gmt":"2026-04-27T12:25:33","guid":{"rendered":"https:\/\/agromt.news\/?p=30105"},"modified":"2026-04-27T08:25:33","modified_gmt":"2026-04-27T12:25:33","slug":"cna-pede-ao-ministerio-da-agricultura-suspensao-de-pescado-do-vietna","status":"publish","type":"post","link":"https:\/\/agromt.news\/?p=30105","title":{"rendered":"CNA pede ao Minist\u00e9rio da Agricultura suspens\u00e3o de pescado do Vietn\u00e3"},"content":{"rendered":"<p> <br \/>\n<\/p>\n<div>\n<figure><img decoding=\"async\" src=\"https:\/\/agromt.news\/wp-content\/uploads\/2025\/10\/Acordo-entre-ministerios-busca-ampliar-consumo-de-pescado-na-merenda.jpeg\" alt=\"Pescados\" \/><figcaption>Foto: Minist\u00e9rio da Pesca e Aquicultura<\/figcaption><\/figure>\n<\/div>\n<p>A Confedera\u00e7\u00e3o da Agricultura e Pecu\u00e1ria do Brasil (CNA) pediu, nesta segunda-feira (27), ao Minist\u00e9rio da Agricultura e Pecu\u00e1ria (Mapa) a suspens\u00e3o das importa\u00e7\u00f5es de pescado do Vietn\u00e3 e a manuten\u00e7\u00e3o do embargo aos peixes do Equador. Em of\u00edcio enviado \u00e0 pasta, a entidade argumenta que h\u00e1 risco sanit\u00e1rio associado a enfermidades detectadas nesses pa\u00edses e defende a ado\u00e7\u00e3o de medidas de precau\u00e7\u00e3o para prote\u00e7\u00e3o da aquicultura nacional.<\/p>\n<p>Segundo a CNA, o pedido se baseia em \u201cevid\u00eancias cient\u00edficas\u201d sobre a presen\u00e7a de doen\u00e7as relevantes sem a devida notifica\u00e7\u00e3o \u00e0 Organiza\u00e7\u00e3o Mundial de Sa\u00fade Animal (OMSA). Entre os pontos citados pela entidade est\u00e3o o v\u00edrus da til\u00e1pia do lago (TiLV), identificado no Vietn\u00e3, e a Doen\u00e7a da Necrose Hepatopancre\u00e1tica Aguda (AHPND), registrada no Equador.<\/p>\n<p>A confedera\u00e7\u00e3o sustenta que essas enfermidades t\u00eam impacto produtivo elevado, com aumento de mortalidade e preju\u00edzos econ\u00f4micos \u00e0 cadeia aqu\u00edcola. De acordo com Francisco Farina, presidente da Comiss\u00e3o Nacional de Aquicultura da CNA, \u201ca eventual introdu\u00e7\u00e3o desses agentes no Brasil poderia comprometer a produ\u00e7\u00e3o e a seguran\u00e7a sanit\u00e1ria de toda a cadeia\u201d.<\/p>\n<ul class=\"wp-block-list\">\n<li>Receba no seu e-mail as not\u00edcias mais importantes do dia, an\u00e1lises de mercado e os principais fatos que movimentam o agroneg\u00f3cio: <a href=\"https:\/\/novidades.canalrural.com.br\/newsletter\" target=\"_blank\" rel=\"noopener noreferrer\"><strong>assine a newsletter do Canal Rural<\/strong><\/a><\/li>\n<\/ul>\n<p>O argumento da entidade inclui ainda a avalia\u00e7\u00e3o de que o Brasil n\u00e3o disp\u00f5e, neste momento, de planos de conting\u00eancia e protocolos consolidados de preven\u00e7\u00e3o, controle e erradica\u00e7\u00e3o para essas enfermidades. Para a CNA, a restri\u00e7\u00e3o solicitada n\u00e3o busca limitar o com\u00e9rcio internacional, mas assegurar equival\u00eancia sanit\u00e1ria entre o produto importado e as exig\u00eancias aplicadas aos produtores brasileiros.<\/p>\n<p>O tema tamb\u00e9m \u00e9 acompanhado pela Associa\u00e7\u00e3o Brasileira da Piscicultura (Peixe BR), que defende a suspens\u00e3o da autoriza\u00e7\u00e3o para importa\u00e7\u00e3o de til\u00e1pia do Vietn\u00e3. Em fevereiro de 2024, a entrada do produto havia sido suspensa de forma cautelar. Cerca de um ano depois, a medida foi revertida em meio \u00e0s negocia\u00e7\u00f5es para abertura do mercado vietnamita \u00e0 carne bovina brasileira.<\/p>\n<p>Na ocasi\u00e3o, o Mapa informou que uma an\u00e1lise de risco de importa\u00e7\u00e3o apontou risco \u201cnegligenci\u00e1vel\u201d para fil\u00e9s de til\u00e1pia destinados ao consumo humano e \u201cmuito baixo\u201d para peixe inteiro, cuja importa\u00e7\u00e3o segue desautorizada no Brasil.<\/p>\n<p>At\u00e9 o momento, o Minist\u00e9rio da Agricultura e Pecu\u00e1ria n\u00e3o anunciou nova decis\u00e3o sobre o pleito da CNA. A defini\u00e7\u00e3o poder\u00e1 influenciar os protocolos sanit\u00e1rios aplicados ao pescado importado e o n\u00edvel de prote\u00e7\u00e3o exigido para a produ\u00e7\u00e3o aqu\u00edcola brasileira.<\/p>\n<p class=\"news-source\"><strong>Fonte:<\/strong> <a href=\"ftp:\/\/ftp.ae.com.br\/1.65.1.2026-04-27.-3.INCLUIR.32103.xml\" target=\"_blank\" rel=\"noopener noreferrer\">Estad\u00e3o Conte\u00fado<\/a><\/p>\n<p>O post <a href=\"https:\/\/www.canalrural.com.br\/diversos\/cna-pede-ao-ministerio-da-agricultura-suspensao-de-pescado-do-vietna\/\">CNA pede ao Minist\u00e9rio da Agricultura suspens\u00e3o de pescado do Vietn\u00e3<\/a> apareceu primeiro em <a href=\"https:\/\/www.canalrural.com.br\">Canal Rural<\/a>.<\/p>\n<p><br \/>\n<br \/><a href=\"https:\/\/www.canalrural.com.br\/diversos\/cna-pede-ao-ministerio-da-agricultura-suspensao-de-pescado-do-vietna\/\">Source link <\/a><\/p>\n","protected":false},"excerpt":{"rendered":"<p>Foto: Minist\u00e9rio da Pesca e Aquicultura A Confedera\u00e7\u00e3o da Agricultura e Pecu\u00e1ria do Brasil (CNA) pediu, nesta segunda-feira (27), ao<\/p>\n","protected":false},"author":1,"featured_media":30106,"comment_status":"open","ping_status":"open","sticky":false,"template":"","format":"standard","meta":{"_monsterinsights_skip_tracking":false,"_monsterinsights_sitenote_active":false,"_monsterinsights_sitenote_note":"","_monsterinsights_sitenote_category":0,"_uf_show_specific_survey":0,"_uf_disable_surveys":false,"footnotes":""},"categories":[1],"tags":[],"class_list":["post-30105","post","type-post","status-publish","format-standard","has-post-thumbnail","hentry","category-news"],"_links":{"self":[{"href":"https:\/\/agromt.news\/index.php?rest_route=\/wp\/v2\/posts\/30105"}],"collection":[{"href":"https:\/\/agromt.news\/index.php?rest_route=\/wp\/v2\/posts"}],"about":[{"href":"https:\/\/agromt.news\/index.php?rest_route=\/wp\/v2\/types\/post"}],"author":[{"embeddable":true,"href":"https:\/\/agromt.news\/index.php?rest_route=\/wp\/v2\/users\/1"}],"replies":[{"embeddable":true,"href":"https:\/\/agromt.news\/index.php?rest_route=%2Fwp%2Fv2%2Fcomments&post=30105"}],"version-history":[{"count":0,"href":"https:\/\/agromt.news\/index.php?rest_route=\/wp\/v2\/posts\/30105\/revisions"}],"wp:featuredmedia":[{"embeddable":true,"href":"https:\/\/agromt.news\/index.php?rest_route=\/wp\/v2\/media\/30106"}],"wp:attachment":[{"href":"https:\/\/agromt.news\/index.php?rest_route=%2Fwp%2Fv2%2Fmedia&parent=30105"}],"wp:term":[{"taxonomy":"category","embeddable":true,"href":"https:\/\/agromt.news\/index.php?rest_route=%2Fwp%2Fv2%2Fcategories&post=30105"},{"taxonomy":"post_tag","embeddable":true,"href":"https:\/\/agromt.news\/index.php?rest_route=%2Fwp%2Fv2%2Ftags&post=30105"}],"curies":[{"name":"wp","href":"https:\/\/api.w.org\/{rel}","templated":true}]}}