{"id":30101,"date":"2026-04-27T07:56:43","date_gmt":"2026-04-27T11:56:43","guid":{"rendered":"https:\/\/agromt.news\/?p=30101"},"modified":"2026-04-27T07:56:43","modified_gmt":"2026-04-27T11:56:43","slug":"embrapa-completa-53-anos-como-pilar-da-ciencia-agropecuaria-brasileira","status":"publish","type":"post","link":"https:\/\/agromt.news\/?p=30101","title":{"rendered":"Embrapa completa 53 anos como pilar da ci\u00eancia agropecu\u00e1ria brasileira"},"content":{"rendered":"<p> <br \/>\n<\/p>\n<div>\n<p style=\"text-align:justify\">Neste 26 de abril de 2026, a Embrapa celebra 53 anos de atua\u00e7\u00e3o, consolidada como uma das institui\u00e7\u00f5es cient\u00edficas mais relevantes do pa\u00eds e refer\u00eancia global em agricultura tropical.<\/p>\n<p style=\"text-align:justify\">Criada oficialmente em 1973, a partir da Lei n\u00ba 5.851, a empresa nasceu com uma miss\u00e3o clara: desenvolver ci\u00eancia, tecnologia e inova\u00e7\u00e3o para transformar a agricultura brasileira. Mais de cinco d\u00e9cadas depois, os resultados desse projeto s\u00e3o vis\u00edveis na produtividade do campo, na seguran\u00e7a alimentar e no posicionamento do Brasil como pot\u00eancia agroambiental.&#13;\n<\/p>\n<p style=\"text-align:justify\">Ao longo desse per\u00edodo, a institui\u00e7\u00e3o protagonizou uma transforma\u00e7\u00e3o estrutural na agricultura nacional. Tecnologias desenvolvidas viabilizaram a ocupa\u00e7\u00e3o produtiva de \u00e1reas antes consideradas marginais, como o Cerrado, al\u00e9m de impulsionar ganhos de efici\u00eancia em diferentes cadeias produtivas.<\/p>\n<p style=\"text-align:justify\">A constru\u00e7\u00e3o de um projeto de Estado<\/p>\n<p style=\"text-align:justify\">A origem da empresa est\u00e1 diretamente associada \u00e0 vis\u00e3o estrat\u00e9gica do ent\u00e3o ministro da Agricultura, Luiz Fernando Cirne Lima, respons\u00e1vel por articular a cria\u00e7\u00e3o de uma companhia p\u00fablica voltada \u00e0 pesquisa agropecu\u00e1ria.<\/p>\n<p style=\"text-align:justify\">Nesse processo, tamb\u00e9m teve papel fundamental o primeiro presidente, Jos\u00e9 Irineu Cabral, que liderou a implanta\u00e7\u00e3o inicial e a estrutura\u00e7\u00e3o de suas bases t\u00e9cnicas e organizacionais. Seu trabalho foi decisivo para consolidar o modelo de pesquisa que sustentaria o crescimento ao longo das d\u00e9cadas seguintes.<\/p>\n<p style=\"text-align:justify\">Na sequ\u00eancia, nomes como Eliseu Roberto de Andrade Alves contribu\u00edram para a expans\u00e3o e consolida\u00e7\u00e3o da atua\u00e7\u00e3o em diferentes frentes da pesquisa agropecu\u00e1ria. Ao longo da trajet\u00f3ria, a organiza\u00e7\u00e3o se caracterizou por uma gest\u00e3o baseada em diretorias colegiadas, nas quais diferentes lideran\u00e7as executivas tiveram papel relevante na condu\u00e7\u00e3o estrat\u00e9gica.<\/p>\n<p style=\"text-align:justify\">Lideran\u00e7a atual e agenda de inova\u00e7\u00e3o<\/p>\n<p style=\"text-align:justify\">Atualmente, a empresa \u00e9 presidida por Silvia Massruh\u00e1, desde maio de 2023. A gest\u00e3o tem ampliado o foco em agricultura digital, intelig\u00eancia artificial, sustentabilidade e novas fronteiras tecnol\u00f3gicas, mantendo a organiza\u00e7\u00e3o alinhada \u00e0s demandas contempor\u00e2neas do agro.&#13;\n<\/p>\n<p style=\"text-align:justify\">Presidentes ao longo da hist\u00f3ria<\/p>\n<p style=\"text-align:justify\">Ao longo de seus 53 anos, a institui\u00e7\u00e3o foi conduzida por diferentes lideran\u00e7as que ajudaram a consolid\u00e1-la como refer\u00eancia global em pesquisa agropecu\u00e1ria tropical. Desde sua cria\u00e7\u00e3o, a gest\u00e3o tamb\u00e9m se caracterizou por um modelo de decis\u00f5es colegiadas, com participa\u00e7\u00e3o ativa das diretorias executivas.<\/p>\n<p style=\"text-align:justify\">Confira os presidentes ao longo da trajet\u00f3ria:<\/p>\n<p style=\"text-align:justify\">Jos\u00e9 Irineu Cabral (1973\u20131978)<br \/>&#13;<br \/>\nEliseu Roberto de Andrade Alves (1979\u20131984)<br \/>&#13;<br \/>\nLuiz Carlos Pinheiro Machado (1985)<br \/>&#13;<br \/>\nOrmuz Freitas Rivaldo (1986\u20131988)<br \/>&#13;<br \/>\nCarlos Magno Campos da Rocha (1989\u20131990)<br \/>&#13;<br \/>\nMurilo Xavier Flores (1990\u20131995)<br \/>&#13;<br \/>\nAlberto Duque Portugal (1995\u20132002)<br \/>&#13;<br \/>\nClayton Campanhola (2003\u20132005)<br \/>&#13;<br \/>\nSilvio Crestana (2005\u20132009)<br \/>&#13;<br \/>\nPedro Arraes (2009\u20132012)<br \/>&#13;<br \/>\nMaur\u00edcio Ant\u00f4nio Lopes (2012\u20132018)<br \/>&#13;<br \/>\nSebasti\u00e3o Barbosa (2018\u20132019)<br \/>&#13;<br \/>\nCelso Luiz Moretti (2019\u20132023)<br \/>&#13;<br \/>\nSilvia Massruh\u00e1 (2023\u2013atual)<\/p>\n<p style=\"text-align:justify\">Rede nacional e diversidade de atua\u00e7\u00e3o<\/p>\n<p style=\"text-align:justify\">Com mais de 40 unidades de pesquisa distribu\u00eddas pelo pa\u00eds, a empresa atua de forma abrangente, contemplando diferentes biomas e sistemas produtivos. Al\u00e9m de centros j\u00e1 reconhecidos, como Embrapa Soja, Embrapa Gado de Corte e Embrapa Cerrados, outras unidades desempenham papel estrat\u00e9gico na diversifica\u00e7\u00e3o da pesquisa nacional.<\/p>\n<p style=\"text-align:justify\">\u00c9 o caso da Embrapa Hortali\u00e7as, Embrapa Territorial, Embrapa Recursos Gen\u00e9ticos e Biotecnologia e da Embrapa Semi\u00e1rido, esta \u00faltima respons\u00e1vel por avan\u00e7os fundamentais na produ\u00e7\u00e3o de frutas irrigadas no Nordeste brasileiro, contribuindo para o desenvolvimento regional e a gera\u00e7\u00e3o de renda.&#13;\n<\/p>\n<p style=\"text-align:justify\">Essa capilaridade permite o desenvolvimento de solu\u00e7\u00f5es adaptadas \u00e0s diferentes realidades do pa\u00eds, abrangendo desde gen\u00e9tica e biotecnologia at\u00e9 manejo de solo, clima e agricultura de precis\u00e3o.<\/p>\n<p style=\"text-align:justify\">Impacto econ\u00f4mico e social<\/p>\n<p style=\"text-align:justify\">Os avan\u00e7os tecnol\u00f3gicos impulsionados ao longo das \u00faltimas d\u00e9cadas tamb\u00e9m tiveram reflexos diretos na economia e no consumo. Com o aumento da produtividade e da efici\u00eancia no campo, o pre\u00e7o real dos alimentos apresentou tend\u00eancia de queda ao longo dos anos, ampliando o poder de compra da popula\u00e7\u00e3o brasileira e contribuindo para a seguran\u00e7a alimentar.<\/p>\n<p style=\"text-align:justify\">Mais do que ganhos produtivos, trata-se de um impacto estrutural que conecta ci\u00eancia, economia e sociedade.<\/p>\n<p style=\"text-align:justify\">Um legado que projeta o futuro<\/p>\n<p style=\"text-align:justify\">Ao completar 53 anos, a institui\u00e7\u00e3o reafirma seu papel como um dos principais ativos estrat\u00e9gicos do Brasil. Sua trajet\u00f3ria demonstra como o investimento cont\u00ednuo em ci\u00eancia e inova\u00e7\u00e3o pode transformar realidades e posicionar o pa\u00eds de forma competitiva no cen\u00e1rio global.<\/p>\n<p style=\"text-align:justify\">Celebrar a Embrapa \u00e9 reconhecer um projeto de longo prazo que segue em evolu\u00e7\u00e3o, sustentado pelo conhecimento, pela pesquisa e pelo compromisso com o desenvolvimento do Brasil.<\/p>\n<\/p><\/div>\n<p><script data-cfasync=\"false\">\n    !function (f, b, e, v, n, t, s) {\n        if (f.fbq) return; n = f.fbq = function () {\n            n.callMethod ?\n                n.callMethod.apply(n, arguments) : n.queue.push(arguments)\n        };\n        if (!f._fbq) f._fbq = n; n.push = n; n.loaded = !0; n.version = '2.0';\n        n.queue = []; t = b.createElement(e); t.async = !0;\n        t.src = v; s = b.getElementsByTagName(e)[0];\n        s.parentNode.insertBefore(t, s)\n    }(window, document, 'script',\n        'https:\/\/connect.facebook.net\/en_US\/fbevents.js');\n    fbq('init', '522546078623747');\n    fbq('track', 'PageView');\n<\/script><br \/>\n<br \/><br \/>\n<br \/><a href=\"https:\/\/www.agrolink.com.br\/noticias\/embrapa-completa-53-anos-como-pilar-da-ciencia-agropecuaria-brasileira_513513.html\">Source link <\/a><\/p>\n","protected":false},"excerpt":{"rendered":"<p>Neste 26 de abril de 2026, a Embrapa celebra 53 anos de atua\u00e7\u00e3o, consolidada como uma das institui\u00e7\u00f5es cient\u00edficas mais<\/p>\n","protected":false},"author":1,"featured_media":30102,"comment_status":"open","ping_status":"open","sticky":false,"template":"","format":"standard","meta":{"_monsterinsights_skip_tracking":false,"_monsterinsights_sitenote_active":false,"_monsterinsights_sitenote_note":"","_monsterinsights_sitenote_category":0,"_uf_show_specific_survey":0,"_uf_disable_surveys":false,"footnotes":""},"categories":[8,1,14],"tags":[],"class_list":["post-30101","post","type-post","status-publish","format-standard","has-post-thumbnail","hentry","category-agro","category-news","category-politica-agro"],"_links":{"self":[{"href":"https:\/\/agromt.news\/index.php?rest_route=\/wp\/v2\/posts\/30101"}],"collection":[{"href":"https:\/\/agromt.news\/index.php?rest_route=\/wp\/v2\/posts"}],"about":[{"href":"https:\/\/agromt.news\/index.php?rest_route=\/wp\/v2\/types\/post"}],"author":[{"embeddable":true,"href":"https:\/\/agromt.news\/index.php?rest_route=\/wp\/v2\/users\/1"}],"replies":[{"embeddable":true,"href":"https:\/\/agromt.news\/index.php?rest_route=%2Fwp%2Fv2%2Fcomments&post=30101"}],"version-history":[{"count":0,"href":"https:\/\/agromt.news\/index.php?rest_route=\/wp\/v2\/posts\/30101\/revisions"}],"wp:featuredmedia":[{"embeddable":true,"href":"https:\/\/agromt.news\/index.php?rest_route=\/wp\/v2\/media\/30102"}],"wp:attachment":[{"href":"https:\/\/agromt.news\/index.php?rest_route=%2Fwp%2Fv2%2Fmedia&parent=30101"}],"wp:term":[{"taxonomy":"category","embeddable":true,"href":"https:\/\/agromt.news\/index.php?rest_route=%2Fwp%2Fv2%2Fcategories&post=30101"},{"taxonomy":"post_tag","embeddable":true,"href":"https:\/\/agromt.news\/index.php?rest_route=%2Fwp%2Fv2%2Ftags&post=30101"}],"curies":[{"name":"wp","href":"https:\/\/api.w.org\/{rel}","templated":true}]}}