{"id":30099,"date":"2026-04-27T07:29:21","date_gmt":"2026-04-27T11:29:21","guid":{"rendered":"https:\/\/agromt.news\/?p=30099"},"modified":"2026-04-27T07:29:21","modified_gmt":"2026-04-27T11:29:21","slug":"governo-anuncia-programa-de-r-10-bi-para-financiar-maquinas-agricolas-durante-a-agrishow","status":"publish","type":"post","link":"https:\/\/agromt.news\/?p=30099","title":{"rendered":"Governo anuncia programa de R$ 10 bi para financiar m\u00e1quinas agr\u00edcolas durante a Agrishow"},"content":{"rendered":"<p> <br \/>\n<\/p>\n<div>\n<figure><img decoding=\"async\" src=\"https:\/\/agromt.news\/wp-content\/uploads\/2026\/04\/Governo-anuncia-programa-de-R-10-bi-para-financiar-maquinas.jpg\" alt=\"Geraldo Alckmin\" \/><figcaption>Foto: Cadu Pinotti\/ Ag\u00eancia Brasil<\/figcaption><\/figure>\n<\/div>\n<p>O vice-presidente, Geraldo Alckmin, anunciou neste domingo (26), durante a abertura da 31\u00aa edi\u00e7\u00e3o da Agrishow 2026, em Ribeir\u00e3o Preto (SP), um programa de financiamento de m\u00e1quinas agr\u00edcolas com a promessa de reduzir os juros pagos pelos agricultores. O &#8220;Move Agr\u00edcola&#8221; prev\u00ea liberar, dentro de tr\u00eas semanas, um total de R$ 10 bilh\u00f5es, com taxa de &#8220;um d\u00edgito&#8221; &#8211; o porcentual n\u00e3o foi especificado.<\/p>\n<ul class=\"wp-block-list\">\n<li><em>Veja em primeira m\u00e3o tudo sobre agricultura, pecu\u00e1ria, economia e previs\u00e3o do tempo:<\/em><a href=\"https:\/\/news.google.com\/publications\/CAAqBwgKMPKZlQswq_mqAw?hl=pt-BR&amp;gl=BR&amp;ceid=BR%3Apt-419\" target=\"_blank\" rel=\"noreferrer noopener\"><em>\u00a0siga o Canal Rural no Google News!<\/em><\/a><\/li>\n<\/ul>\n<p>&#8220;O governo est\u00e1 estruturando o &#8216;Move Agr\u00edcola&#8217; para garantir cr\u00e9dito mais acess\u00edvel ao produtor e \u00e0 ind\u00fastria de m\u00e1quinas&#8221;, afirmou Alckmin. Segundo ele, a medida atende a uma demanda recorrente do setor, especialmente em um cen\u00e1rio de juros elevados.<\/p>\n<p>Os recursos ser\u00e3o operacionalizados pela Financiadora de Estudos e Projetos (Finep) em parceria com institui\u00e7\u00f5es financeiras. Alckmin declarou que o programa busca estimular a moderniza\u00e7\u00e3o do parque agr\u00edcola brasileiro e, com isso, ampliar a competitividade do Pa\u00eds.<\/p>\n<p>Al\u00e9m do novo programa, Alckmin sinalizou outras frentes de atua\u00e7\u00e3o do governo federal. Entre elas, a amplia\u00e7\u00e3o do seguro rural &#8211; considerado um dos gargalos estruturais do agro brasileiro. Atualmente, a cobertura atinge pouco mais de 7% da \u00e1rea plantada no Pa\u00eds.<\/p>\n<p>O vice-presidente reconheceu a limita\u00e7\u00e3o e afirmou que o governo pretende avan\u00e7ar no tema, mas com cautela fiscal. &#8220;Vamos melhorar o seguro rural com toda a responsabilidade fiscal&#8221;, disse, indicando que eventuais mudan\u00e7as depender\u00e3o do equil\u00edbrio das contas p\u00fablicas.<\/p>\n<p>Outro ponto sens\u00edvel abordado foi a renegocia\u00e7\u00e3o das d\u00edvidas do setor. Alckmin confirmou que o governo trabalha em um programa que contemple tanto produtores adimplentes quanto inadimplentes, com o objetivo de reequilibrar financeiramente a atividade no campo.<\/p>\n<p>O vice-presidente mencionou, ainda, medidas que podem beneficiar o agroneg\u00f3cio de forma indireta, como a amplia\u00e7\u00e3o da lista de produtos com tarifa de importa\u00e7\u00e3o zerada e a desonera\u00e7\u00e3o das exporta\u00e7\u00f5es prevista na reforma tribut\u00e1ria.<\/p>\n<h2 class=\"wp-block-heading\" id=\"h-reivindicacoes\"><b>Reivindica\u00e7\u00f5es<\/b><\/h2>\n<p>A cobran\u00e7a por medidas concretas partiu de lideran\u00e7as do setor presentes na cerim\u00f4nia de abertura da Agrishow. O deputado federal Arnaldo Jardim, vice-presidente da Frente Parlamentar da Agropecu\u00e1ria (FPA), refor\u00e7ou a necessidade de um modelo estruturado de renegocia\u00e7\u00e3o de d\u00edvidas.<\/p>\n<p>Segundo ele, n\u00e3o se trata de perdoar os produtores, mas de adotar a\u00e7\u00f5es que permitam a eles manter suas atividades. &#8220;\u00c9 indispens\u00e1vel que ele consiga pagar seus compromissos e retomar sua capacidade produtiva&#8221;, afirmou.<\/p>\n<p>Jardim tamb\u00e9m falou sobre a urg\u00eancia de ampliar o seguro rural, argumentando que uma cobertura mais robusta reduziria a necessidade de renegocia\u00e7\u00f5es frequentes. Ele lembrou que h\u00e1 projetos em tramita\u00e7\u00e3o no Congresso para fortalecer a pol\u00edtica de seguro, mas que ainda dependem de avan\u00e7os legislativos.<\/p>\n<h2 class=\"wp-block-heading\" id=\"h-plano-safra\"><b>Plano Safra<\/b><\/h2>\n<p>Em sua primeira participa\u00e7\u00e3o na Agrishow como ministro da Agricultura, Andr\u00e9 de Paula adotou um discurso focado na amplia\u00e7\u00e3o do cr\u00e9dito e na redu\u00e7\u00e3o dos custos financeiros. O ministro declarou que pretende buscar um novo recorde de recursos para o pr\u00f3ximo Plano Safra, mas que o volume, por si s\u00f3, n\u00e3o \u00e9 suficiente. &#8220;Mais importante do que o montante \u00e9 garantir taxas de juros que permitam ao produtor acessar esse cr\u00e9dito&#8221;, declarou.<\/p>\n<p>De Paula tamb\u00e9m se comprometeu a atuar pela aprova\u00e7\u00e3o do projeto de lei do seguro rural. Ele defendeu a constru\u00e7\u00e3o de um modelo sustent\u00e1vel, com mecanismos que garantam continuidade mesmo em cen\u00e1rios de restri\u00e7\u00e3o or\u00e7ament\u00e1ria.<\/p>\n<p>Outro ponto destacado foi a disposi\u00e7\u00e3o do minist\u00e9rio em dialogar sobre a renegocia\u00e7\u00e3o de d\u00edvidas. De acordo com o ministro, a pasta estar\u00e1 aberta a pensar em solu\u00e7\u00f5es em conjunto com o setor e o Congresso Nacional.<\/p>\n<h2 class=\"wp-block-heading\" id=\"h-nao-anuncio\"><b>&#8220;N\u00e3o-an\u00fancio&#8221;<\/b><\/h2>\n<p>Representantes do agroneg\u00f3cio, entre eles Tirso Meirelles, presidente da Federa\u00e7\u00e3o da Agricultura e Pecu\u00e1ria do Estado de S\u00e3o Paulo (Faesp), uma das entidades organizadoras da Agrishow, afirmam que havia uma expectativa de que o governo federal anunciasse medidas para atacar os &#8220;grandes problemas estruturantes do agro&#8221; e, por isso, ficou uma sensa\u00e7\u00e3o de frustra\u00e7\u00e3o.<\/p>\n<p>&#8220;Esper\u00e1vamos que fossem feitos an\u00fancios, mas estamos classificando como um &#8216;dia do n\u00e3o-an\u00fancio&#8217;&#8221;, disse \u00e0 reportagem. &#8220;O governo reconheceu a import\u00e2ncia de termos uma autossustenta\u00e7\u00e3o de fertilizantes, de termos cr\u00e9dito, de termos seguro, mas n\u00e3o houve nada pr\u00e1tico nesse sentido. N\u00e3o bastasse isso, colocaram a culpa dos juros altos na guerra (do Oriente M\u00e9dio). Sabemos que os juros n\u00e3o abaixam por causa da infla\u00e7\u00e3o&#8221;.<\/p>\n<p>Diante deste cen\u00e1rio, Meirelles diz que a principal orienta\u00e7\u00e3o aos agricultores ser\u00e1 a de evitar investimentos no momento, mas de focar em aumentar a produtividade das lavouras, a fim de reduzir as press\u00f5es dos custos.<\/p>\n<p> &#8220;Todos esses pontos que apontamos s\u00e3o no intuito de come\u00e7armos a criar um pa\u00eds que n\u00e3o perca as oportunidades que estamos perdendo. Precisamos, agora, criar um projeto Brasil, com planejamento para os pr\u00f3ximos 20 anos&#8221;.<\/p>\n<p>O post <a href=\"https:\/\/www.canalrural.com.br\/economia\/agrishow-alckmin-anuncia-programa-de-r-10-bi-para-financiar-maquinas-agricolas-setor-critica\/\">Governo anuncia programa de R$ 10 bi para financiar m\u00e1quinas agr\u00edcolas durante a Agrishow<\/a> apareceu primeiro em <a href=\"https:\/\/www.canalrural.com.br\">Canal Rural<\/a>.<\/p>\n<p><br \/>\n<br \/><a href=\"https:\/\/www.canalrural.com.br\/economia\/agrishow-alckmin-anuncia-programa-de-r-10-bi-para-financiar-maquinas-agricolas-setor-critica\/\">Source link <\/a><\/p>\n","protected":false},"excerpt":{"rendered":"<p>Foto: Cadu Pinotti\/ Ag\u00eancia Brasil O vice-presidente, Geraldo Alckmin, anunciou neste domingo (26), durante a abertura da 31\u00aa edi\u00e7\u00e3o da<\/p>\n","protected":false},"author":1,"featured_media":30100,"comment_status":"open","ping_status":"open","sticky":false,"template":"","format":"standard","meta":{"_monsterinsights_skip_tracking":false,"_monsterinsights_sitenote_active":false,"_monsterinsights_sitenote_note":"","_monsterinsights_sitenote_category":0,"_uf_show_specific_survey":0,"_uf_disable_surveys":false,"footnotes":""},"categories":[1],"tags":[],"class_list":["post-30099","post","type-post","status-publish","format-standard","has-post-thumbnail","hentry","category-news"],"_links":{"self":[{"href":"https:\/\/agromt.news\/index.php?rest_route=\/wp\/v2\/posts\/30099"}],"collection":[{"href":"https:\/\/agromt.news\/index.php?rest_route=\/wp\/v2\/posts"}],"about":[{"href":"https:\/\/agromt.news\/index.php?rest_route=\/wp\/v2\/types\/post"}],"author":[{"embeddable":true,"href":"https:\/\/agromt.news\/index.php?rest_route=\/wp\/v2\/users\/1"}],"replies":[{"embeddable":true,"href":"https:\/\/agromt.news\/index.php?rest_route=%2Fwp%2Fv2%2Fcomments&post=30099"}],"version-history":[{"count":0,"href":"https:\/\/agromt.news\/index.php?rest_route=\/wp\/v2\/posts\/30099\/revisions"}],"wp:featuredmedia":[{"embeddable":true,"href":"https:\/\/agromt.news\/index.php?rest_route=\/wp\/v2\/media\/30100"}],"wp:attachment":[{"href":"https:\/\/agromt.news\/index.php?rest_route=%2Fwp%2Fv2%2Fmedia&parent=30099"}],"wp:term":[{"taxonomy":"category","embeddable":true,"href":"https:\/\/agromt.news\/index.php?rest_route=%2Fwp%2Fv2%2Fcategories&post=30099"},{"taxonomy":"post_tag","embeddable":true,"href":"https:\/\/agromt.news\/index.php?rest_route=%2Fwp%2Fv2%2Ftags&post=30099"}],"curies":[{"name":"wp","href":"https:\/\/api.w.org\/{rel}","templated":true}]}}