{"id":30098,"date":"2026-04-27T07:15:05","date_gmt":"2026-04-27T11:15:05","guid":{"rendered":"https:\/\/agromt.news\/?p=30098"},"modified":"2026-04-27T07:15:05","modified_gmt":"2026-04-27T11:15:05","slug":"chegada-de-frente-fria-provoca-chuva-forte-em-algumas-regioes-do-pais","status":"publish","type":"post","link":"https:\/\/agromt.news\/?p=30098","title":{"rendered":"Chegada de frente fria provoca chuva forte em algumas regi\u00f5es do pa\u00eds"},"content":{"rendered":"<p> <br \/>\n<\/p>\n<div>\n<figure><img decoding=\"async\" src=\"https:\/\/agromt.news\/wp-content\/uploads\/2026\/03\/Chuvas-podem-ultrapassar-200-mm-em-duas-regioes-do-pais.jpg\" alt=\"\" \/><figcaption>Imagem gerada por IA para o Canal Rural<\/figcaption><\/figure>\n<\/div>\n<p>A segunda-feira (27) come\u00e7a com mudan\u00e7as importantes no clima em diferentes regi\u00f5es do Brasil. A atua\u00e7\u00e3o de uma frente fria e a entrada de uma massa de ar polar alteram o padr\u00e3o do tempo, principalmente no Sul e Sudeste, enquanto \u00e1reas do Norte e Nordeste seguem com chuva intensa.<\/p>\n<h2 class=\"wp-block-heading\" id=\"h-sul\">Sul<\/h2>\n<p>O tempo firme volta a predominar no Rio Grande do Sul e em Santa Catarina com o afastamento da frente fria e do ciclone para o oceano. Ainda assim, h\u00e1 previs\u00e3o de chuva fraca em \u00e1reas do litoral e do interior catarinense, por causa da umidade mar\u00edtima.<\/p>\n<ul class=\"wp-block-list\">\n<li><em>Veja em primeira m\u00e3o tudo sobre agricultura, pecu\u00e1ria, economia e previs\u00e3o do tempo:<\/em><a href=\"https:\/\/news.google.com\/publications\/CAAqBwgKMPKZlQswq_mqAw?hl=pt-BR&amp;gl=BR&amp;ceid=BR%3Apt-419\" target=\"_blank\" rel=\"noreferrer noopener\"><em>\u00a0siga o Canal Rural no Google News!<\/em><\/a><\/li>\n<\/ul>\n<p>No Paran\u00e1, o cen\u00e1rio \u00e9 diferente. A instabilidade segue presente desde cedo, com pancadas de chuva moderadas a fortes e possibilidade de trovoadas. Ao longo do dia, a chuva tende a se concentrar nas regi\u00f5es norte e nordeste do estado.<\/p>\n<p>A entrada de ar polar provoca queda nas temperaturas no territ\u00f3rio ga\u00facho e no sul catarinense, com sensa\u00e7\u00e3o de frio em algumas \u00e1reas. Tamb\u00e9m h\u00e1 risco de rajadas de vento no sul da regi\u00e3o e o mar permanece agitado no litoral.<\/p>\n<h2 class=\"wp-block-heading\" id=\"h-sudeste\">Sudeste<\/h2>\n<p>No Sudeste, a chuva aparece de forma isolada pela manh\u00e3, principalmente no litoral norte do Esp\u00edrito Santo e em pontos de S\u00e3o Paulo.<\/p>\n<p>Com o avan\u00e7o de uma nova frente fria ao longo do dia, as instabilidades se intensificam em grande parte de S\u00e3o Paulo, no sul de Minas Gerais e no Rio de Janeiro. H\u00e1 previs\u00e3o de pancadas moderadas a fortes, acompanhadas de trovoadas.<\/p>\n<p>At\u00e9 a noite, a chuva perde intensidade, mas ainda ocorre de forma localizada. As temperaturas seguem elevadas na maior parte da regi\u00e3o, embora possam cair onde houver maior presen\u00e7a de nuvens e precipita\u00e7\u00e3o.<\/p>\n<h2 class=\"wp-block-heading\" id=\"h-centro-oeste\">Centro-Oeste<\/h2>\n<p>No Centro-Oeste, o fluxo de umidade favorece a forma\u00e7\u00e3o de chuva desde as primeiras horas do dia, especialmente em Mato Grosso do Sul, onde h\u00e1 risco de temporais.<\/p>\n<p>Ao longo do dia, as instabilidades avan\u00e7am por boa parte do estado e tamb\u00e9m atingem \u00e1reas de Mato Grosso. Em Goi\u00e1s, a chuva ocorre de forma mais isolada, com predom\u00ednio de tempo firme em v\u00e1rias localidades.<\/p>\n<p>As temperaturas continuam altas, mas podem cair no sul de Mato Grosso do Sul devido ao aumento da nebulosidade.<\/p>\n<h2 class=\"wp-block-heading\" id=\"h-nordeste\">Nordeste<\/h2>\n<p>No Nordeste, chove no litoral entre o Rio Grande do Norte e Pernambuco, al\u00e9m de \u00e1reas do litoral da Bahia. A atua\u00e7\u00e3o da Zona de Converg\u00eancia Intertropical (ZCIT) intensifica as precipita\u00e7\u00f5es na faixa norte.<\/p>\n<p>Ao longo do dia, a chuva ganha for\u00e7a no Maranh\u00e3o, Piau\u00ed, Cear\u00e1 e Rio Grande do Norte, com risco de temporais isolados. Nas demais \u00e1reas, o tempo segue firme e com calor.<\/p>\n<h2 class=\"wp-block-heading\" id=\"h-norte\">Norte<\/h2>\n<p>Na regi\u00e3o Norte, a elevada umidade mant\u00e9m o padr\u00e3o de pancadas de chuva desde cedo. As instabilidades se intensificam ao longo do dia, com previs\u00e3o de chuva moderada a forte e risco de temporais.<\/p>\n<p>Os maiores volumes s\u00e3o esperados no Amazonas, Par\u00e1, Roraima e Amap\u00e1. O tempo permanece abafado em toda a regi\u00e3o.<\/p>\n<p>O post <a href=\"https:\/\/www.canalrural.com.br\/previsao-do-tempo\/chegada-de-frente-fria-provoca-chuva-forte-em-algumas-regioes-do-pais\/\">Chegada de frente fria provoca chuva forte em algumas regi\u00f5es do pa\u00eds<\/a> apareceu primeiro em <a href=\"https:\/\/www.canalrural.com.br\">Canal Rural<\/a>.<\/p>\n<p><br \/>\n<br \/><a href=\"https:\/\/www.canalrural.com.br\/previsao-do-tempo\/chegada-de-frente-fria-provoca-chuva-forte-em-algumas-regioes-do-pais\/\">Source link <\/a><\/p>\n","protected":false},"excerpt":{"rendered":"<p>Imagem gerada por IA para o Canal Rural A segunda-feira (27) come\u00e7a com mudan\u00e7as importantes no clima em diferentes regi\u00f5es<\/p>\n","protected":false},"author":1,"featured_media":27465,"comment_status":"open","ping_status":"open","sticky":false,"template":"","format":"standard","meta":{"_monsterinsights_skip_tracking":false,"_monsterinsights_sitenote_active":false,"_monsterinsights_sitenote_note":"","_monsterinsights_sitenote_category":0,"_uf_show_specific_survey":0,"_uf_disable_surveys":false,"footnotes":""},"categories":[1],"tags":[],"class_list":["post-30098","post","type-post","status-publish","format-standard","has-post-thumbnail","hentry","category-news"],"_links":{"self":[{"href":"https:\/\/agromt.news\/index.php?rest_route=\/wp\/v2\/posts\/30098"}],"collection":[{"href":"https:\/\/agromt.news\/index.php?rest_route=\/wp\/v2\/posts"}],"about":[{"href":"https:\/\/agromt.news\/index.php?rest_route=\/wp\/v2\/types\/post"}],"author":[{"embeddable":true,"href":"https:\/\/agromt.news\/index.php?rest_route=\/wp\/v2\/users\/1"}],"replies":[{"embeddable":true,"href":"https:\/\/agromt.news\/index.php?rest_route=%2Fwp%2Fv2%2Fcomments&post=30098"}],"version-history":[{"count":0,"href":"https:\/\/agromt.news\/index.php?rest_route=\/wp\/v2\/posts\/30098\/revisions"}],"wp:featuredmedia":[{"embeddable":true,"href":"https:\/\/agromt.news\/index.php?rest_route=\/wp\/v2\/media\/27465"}],"wp:attachment":[{"href":"https:\/\/agromt.news\/index.php?rest_route=%2Fwp%2Fv2%2Fmedia&parent=30098"}],"wp:term":[{"taxonomy":"category","embeddable":true,"href":"https:\/\/agromt.news\/index.php?rest_route=%2Fwp%2Fv2%2Fcategories&post=30098"},{"taxonomy":"post_tag","embeddable":true,"href":"https:\/\/agromt.news\/index.php?rest_route=%2Fwp%2Fv2%2Ftags&post=30098"}],"curies":[{"name":"wp","href":"https:\/\/api.w.org\/{rel}","templated":true}]}}