{"id":30094,"date":"2026-04-27T04:04:49","date_gmt":"2026-04-27T08:04:49","guid":{"rendered":"https:\/\/agromt.news\/?p=30094"},"modified":"2026-04-27T04:04:49","modified_gmt":"2026-04-27T08:04:49","slug":"safra-menor-expoe-fragilidade-no-setor-de-arroz","status":"publish","type":"post","link":"https:\/\/agromt.news\/?p=30094","title":{"rendered":"Safra menor exp\u00f5e fragilidade no setor de arroz"},"content":{"rendered":"<p> <br \/>\n<\/p>\n<div>\n<div class=\"row\">\n<div class=\"col-lg col-infos mt-0 mt-lg-0\">\n<div class=\"section-sub-title\">\n<p itemprop=\"description\">&#13;<br \/>\n                                O novo ciclo \u00e9 cercado por incertezas&#13;\n                            <\/p>\n<\/p><\/div>\n<div class=\"container\">\n<div class=\"row\">\n<div class=\"col-lg p-0\">\n<div>\n<div class=\"block-news-main-infos mt-3 text-start\">\n<p>                                            <strong class=\"fn\" itemprop=\"author\" style=\"color: rgb(112, 112, 112); \">&#13;<br \/>\n                                                <a href=\"https:\/\/www.agrolink.com.br\/noticias\/javascript:;\" class=\"text-uppercase\" target=\"_blank\" style=\"color: rgb(112, 112, 112); \" rel=\"noopener\">Agrolink<\/a>&#13;<br \/>\n&#13;<br \/>\n                                                    &#8211; Leonardo Gottems&#13;<br \/>\n&#13;<br \/>\n                                            <\/strong><br \/>\n                                        <\/p>\n<p>                                            <abbr><time datetime=\"2026 - 04 - 27T02:15\" itemprop=\"datePublished dateModified\"> Publicado em 27\/04\/2026 \u00e0s 02:15h.<\/time><\/abbr>\n                                    <\/div>\n<\/p><\/div>\n<\/p><\/div>\n<div class=\"col-lg p-0 text-lg-end\">\n<div>\n<div id=\"mdEnviarPagina\" class=\"modal fade\" role=\"dialog\">\n<div class=\"modal-dialog\">\n<div class=\"modal-content\">\n<div class=\"modal-body\">\n<p><strong>Estimado usu\u00e1rio.<\/strong><br \/>Preencha o formul\u00e1rio abaixo para remeter a p\u00e1gina.<\/p>\n<\/p><\/div>\n<\/p><\/div>\n<\/p><\/div>\n<\/div><\/div>\n<\/p><\/div>\n<\/p><\/div>\n<\/p><\/div>\n<\/p><\/div>\n<\/p><\/div>\n<div class=\"row justify-content-md-center mt-3\">\n<div class=\"col-lg-auto col-image block-news-main-image\">\n<p>                                <img decoding=\"async\" src=\"https:\/\/www.agrolink.com.br\/upload\/imagens-resizes\/ddb175e73f5846bd9ffdaad8064ab060_858x483.jpg\" class=\"lazyload img-fluid\" alt=\"O novo ciclo \u00e9 cercado por incertezas\"\/><br \/>\n                                                <span class=\"d-block mt-1\">O novo ciclo \u00e9 cercado por incertezas &#8211; Foto: Nadia Borges<\/span><\/p><\/div>\n<\/p><\/div>\n<div class=\"section-description section-description-noticias mt-3\">\n<p>A safra de <a href=\"https:\/\/www.agrolink.com.br\/culturas\/arroz\/?utm_source=agrolink-detalhe-noticia&amp;utm_medium=detalhe-noticia&amp;utm_campaign=links-internos\" target=\"_blank\" rel=\"noopener\">arroz<\/a> 2025\/26 no Rio Grande do Sul come\u00e7a sob um cen\u00e1rio de cautela, marcado por ajustes na \u00e1rea plantada e maior aten\u00e7\u00e3o \u00e0s condi\u00e7\u00f5es de mercado. As informa\u00e7\u00f5es s\u00e3o de Marcos Massoni, gerente de log\u00edstica. A redu\u00e7\u00e3o de 13% na \u00e1rea cultivada indica um movimento estrat\u00e9gico dos produtores diante de um ambiente econ\u00f4mico mais desafiador, com cr\u00e9dito restrito, juros elevados e impacto da queda do d\u00f3lar sobre a rentabilidade.&#13;\n<\/p>\n<p>O novo ciclo \u00e9 cercado por incertezas que influenciam diretamente as decis\u00f5es no campo. H\u00e1 indicativos de manuten\u00e7\u00e3o ou at\u00e9 nova retra\u00e7\u00e3o da \u00e1rea plantada, refletindo o aumento do endividamento e os pre\u00e7os considerados ainda baixos. Nesse contexto, muitos produtores optam por segurar a produ\u00e7\u00e3o, aguardando melhores oportunidades de comercializa\u00e7\u00e3o.<\/p>\n<p>O ritmo mais lento da colheita tamb\u00e9m contribui para esse comportamento. As exporta\u00e7\u00f5es mais intensas no in\u00edcio da safra reduziram a press\u00e3o por vendas imediatas, enquanto a soja surge como alternativa de gera\u00e7\u00e3o de caixa no curto prazo, garantindo maior flexibilidade ao produtor na gest\u00e3o do arroz.&#13;\n<\/p>\n<p>No mercado externo, as exporta\u00e7\u00f5es seguem essenciais para o equil\u00edbrio dos estoques e sustenta\u00e7\u00e3o dos pre\u00e7os. Ainda assim, os custos de produ\u00e7\u00e3o permanecem elevados, com destaque para os fertilizantes, pressionados por fatores globais como conflitos internacionais e encarecimento de insumos energ\u00e9ticos.<\/p>\n<p>A varia\u00e7\u00e3o do d\u00f3lar tem efeito direto sobre o setor, ao mesmo tempo em que reduz custos de insumos importados e limita a competitividade das exporta\u00e7\u00f5es. Dados recentes apontam produ\u00e7\u00e3o de 11,1 milh\u00f5es de toneladas, com \u00e1rea de 1,53 milh\u00e3o de hectares. O cen\u00e1rio refor\u00e7a a necessidade de planejamento e leitura estrat\u00e9gica para equilibrar custos e aproveitar oportunidades.<br \/>&#13;<br \/>\n\u00a0&#13;\n<\/p>\n<\/p><\/div>\n<\/p><\/div>\n<p><script data-cfasync=\"false\">\n    !function (f, b, e, v, n, t, s) {\n        if (f.fbq) return; n = f.fbq = function () {\n            n.callMethod ?\n                n.callMethod.apply(n, arguments) : n.queue.push(arguments)\n        };\n        if (!f._fbq) f._fbq = n; n.push = n; n.loaded = !0; n.version = '2.0';\n        n.queue = []; t = b.createElement(e); t.async = !0;\n        t.src = v; s = b.getElementsByTagName(e)[0];\n        s.parentNode.insertBefore(t, s)\n    }(window, document, 'script',\n        'https:\/\/connect.facebook.net\/en_US\/fbevents.js');\n    fbq('init', '522546078623747');\n    fbq('track', 'PageView');\n<\/script><br \/>\n<br \/><br \/>\n<br \/><a href=\"https:\/\/www.agrolink.com.br\/noticias\/safra-menor-expoe-fragilidade-no-setor-de-arroz_513497.html\">Source link <\/a><\/p>\n","protected":false},"excerpt":{"rendered":"<p>&#13; O novo ciclo \u00e9 cercado por incertezas&#13; &#13; Agrolink&#13; &#13; &#8211; Leonardo Gottems&#13; &#13; Publicado em 27\/04\/2026 \u00e0s 02:15h.<\/p>\n","protected":false},"author":1,"featured_media":12426,"comment_status":"open","ping_status":"open","sticky":false,"template":"","format":"standard","meta":{"_monsterinsights_skip_tracking":false,"_monsterinsights_sitenote_active":false,"_monsterinsights_sitenote_note":"","_monsterinsights_sitenote_category":0,"_uf_show_specific_survey":0,"_uf_disable_surveys":false,"footnotes":""},"categories":[8,1,14],"tags":[],"class_list":["post-30094","post","type-post","status-publish","format-standard","has-post-thumbnail","hentry","category-agro","category-news","category-politica-agro"],"_links":{"self":[{"href":"https:\/\/agromt.news\/index.php?rest_route=\/wp\/v2\/posts\/30094"}],"collection":[{"href":"https:\/\/agromt.news\/index.php?rest_route=\/wp\/v2\/posts"}],"about":[{"href":"https:\/\/agromt.news\/index.php?rest_route=\/wp\/v2\/types\/post"}],"author":[{"embeddable":true,"href":"https:\/\/agromt.news\/index.php?rest_route=\/wp\/v2\/users\/1"}],"replies":[{"embeddable":true,"href":"https:\/\/agromt.news\/index.php?rest_route=%2Fwp%2Fv2%2Fcomments&post=30094"}],"version-history":[{"count":0,"href":"https:\/\/agromt.news\/index.php?rest_route=\/wp\/v2\/posts\/30094\/revisions"}],"wp:featuredmedia":[{"embeddable":true,"href":"https:\/\/agromt.news\/index.php?rest_route=\/wp\/v2\/media\/12426"}],"wp:attachment":[{"href":"https:\/\/agromt.news\/index.php?rest_route=%2Fwp%2Fv2%2Fmedia&parent=30094"}],"wp:term":[{"taxonomy":"category","embeddable":true,"href":"https:\/\/agromt.news\/index.php?rest_route=%2Fwp%2Fv2%2Fcategories&post=30094"},{"taxonomy":"post_tag","embeddable":true,"href":"https:\/\/agromt.news\/index.php?rest_route=%2Fwp%2Fv2%2Ftags&post=30094"}],"curies":[{"name":"wp","href":"https:\/\/api.w.org\/{rel}","templated":true}]}}