{"id":30093,"date":"2026-04-27T00:12:01","date_gmt":"2026-04-27T04:12:01","guid":{"rendered":"https:\/\/agromt.news\/?p=30093"},"modified":"2026-04-27T00:12:01","modified_gmt":"2026-04-27T04:12:01","slug":"nova-safra-de-mandioca-apresenta-mudancas-no-cultivo","status":"publish","type":"post","link":"https:\/\/agromt.news\/?p=30093","title":{"rendered":"Nova safra de mandioca apresenta mudan\u00e7as no cultivo"},"content":{"rendered":"<p> <br \/>\n<\/p>\n<div>\n<div class=\"row\">\n<div class=\"col-lg col-infos mt-0 mt-lg-0\">\n<div class=\"section-sub-title\">\n<p itemprop=\"description\">&#13;<br \/>\n                                Produtores adotam novas variedades de mandioca&#13;\n                            <\/p>\n<\/p><\/div>\n<div class=\"container\">\n<div class=\"row\">\n<div class=\"col-lg p-0\">\n<div>\n<div class=\"block-news-main-infos mt-3 text-start\">\n<p>                                            <strong class=\"fn\" itemprop=\"author\" style=\"color: rgb(112, 112, 112); \">&#13;<br \/>\n                                                <a href=\"https:\/\/www.agrolink.com.br\/noticias\/javascript:;\" class=\"text-uppercase\" target=\"_blank\" style=\"color: rgb(112, 112, 112); \" rel=\"noopener\">Agrolink<\/a>&#13;<br \/>\n&#13;<br \/>\n                                                    &#8211; Seane Lennon&#13;<br \/>\n&#13;<br \/>\n                                            <\/strong><br \/>\n                                        <\/p>\n<p>                                            <abbr><time datetime=\"2026 - 04 - 24T18:22\" itemprop=\"datePublished dateModified\"> Publicado em 24\/04\/2026 \u00e0s 18:22h.<\/time><\/abbr>\n                                    <\/div>\n<\/p><\/div>\n<\/p><\/div>\n<div class=\"col-lg p-0 text-lg-end\">\n<div>\n<div id=\"mdEnviarPagina\" class=\"modal fade\" role=\"dialog\">\n<div class=\"modal-dialog\">\n<div class=\"modal-content\">\n<div class=\"modal-body\">\n<p><strong>Estimado usu\u00e1rio.<\/strong><br \/>Preencha o formul\u00e1rio abaixo para remeter a p\u00e1gina.<\/p>\n<\/p><\/div>\n<\/p><\/div>\n<\/p><\/div>\n<\/div><\/div>\n<\/p><\/div>\n<\/p><\/div>\n<\/p><\/div>\n<\/p><\/div>\n<\/p><\/div>\n<div class=\"row justify-content-md-center mt-3\">\n<div class=\"col-lg-auto col-image block-news-main-image\">\n<p>                                <img decoding=\"async\" src=\"https:\/\/www.agrolink.com.br\/upload\/imagens-resizes\/fd31d6f053e04264a1a04dcdd4fa8696_858x483.jpg\" class=\"lazyload img-fluid\"\/><br \/>\n                                                <span class=\"publicity-photo d-block mt-1\">Foto: Canva<\/span><\/p><\/div>\n<\/p><\/div>\n<div class=\"section-description section-description-noticias mt-3\">\n<p style=\"text-align:justify\">No Rio Grande do Sul, as lavouras de mandioca avan\u00e7am para fases decisivas do ciclo produtivo, com in\u00edcio da colheita em algumas regi\u00f5es.<\/p>\n<p style=\"text-align:justify\">Segundo o Informativo Conjuntural divulgado pela Emater\/RS-Ascar nesta quinta-feira (23), na regi\u00e3o administrativa de Santa Maria, a maior parte das \u00e1reas est\u00e1 em fase de enchimento das ra\u00edzes tuberosas e matura\u00e7\u00e3o, etapa que define o rendimento final da cultura. Em algumas propriedades, a colheita e a comercializa\u00e7\u00e3o j\u00e1 come\u00e7aram, com produ\u00e7\u00e3o direcionada principalmente a mercados locais e feiras. De acordo com o relat\u00f3rio, \u201ca produ\u00e7\u00e3o tem sido destinada principalmente a mercados locais e feiras, contribuindo para a gera\u00e7\u00e3o de renda aos produtores\u201d.&#13;\n<\/p>\n<p style=\"text-align:justify\">No aspecto fitossanit\u00e1rio, h\u00e1 registros de antracnose, doen\u00e7a que afeta a parte a\u00e9rea das plantas. Conforme a Emater\/RS-Ascar, \u201ch\u00e1 registros de incid\u00eancia de antracnose, doen\u00e7a que afeta predominantemente a parte a\u00e9rea das plantas\u201d.<\/p>\n<p style=\"text-align:justify\">Na regi\u00e3o de Soledade, a cultura est\u00e1 em in\u00edcio de colheita, embora parte das \u00e1reas ainda n\u00e3o tenha atingido o ponto ideal. O desenvolvimento das ra\u00edzes apresenta atraso em rela\u00e7\u00e3o ao esperado. Tradicionalmente, a variedade Vassourinha \u00e9 a mais cultivada, mas nesta safra houve mudan\u00e7a no perfil de plantio.&#13;\n<\/p>\n<p style=\"text-align:justify\">Segundo o levantamento, \u201ca escassez de mudas levou os produtores \u00e0 ado\u00e7\u00e3o de outras variedades\u201d. Em Mato Leit\u00e3o, essas novas cultivares v\u00eam sendo bem aceitas pelos consumidores, indicando adapta\u00e7\u00e3o ao mercado.<\/p>\n<\/p><\/div>\n<\/p><\/div>\n<p><script data-cfasync=\"false\">\n    !function (f, b, e, v, n, t, s) {\n        if (f.fbq) return; n = f.fbq = function () {\n            n.callMethod ?\n                n.callMethod.apply(n, arguments) : n.queue.push(arguments)\n        };\n        if (!f._fbq) f._fbq = n; n.push = n; n.loaded = !0; n.version = '2.0';\n        n.queue = []; t = b.createElement(e); t.async = !0;\n        t.src = v; s = b.getElementsByTagName(e)[0];\n        s.parentNode.insertBefore(t, s)\n    }(window, document, 'script',\n        'https:\/\/connect.facebook.net\/en_US\/fbevents.js');\n    fbq('init', '522546078623747');\n    fbq('track', 'PageView');\n<\/script><br \/>\n<br \/><br \/>\n<br \/><a href=\"https:\/\/www.agrolink.com.br\/noticias\/nova-safra-de-mandioca-apresenta-mudancas-no-cultivo_513493.html\">Source link <\/a><\/p>\n","protected":false},"excerpt":{"rendered":"<p>&#13; Produtores adotam novas variedades de mandioca&#13; &#13; Agrolink&#13; &#13; &#8211; Seane Lennon&#13; &#13; Publicado em 24\/04\/2026 \u00e0s 18:22h. Estimado<\/p>\n","protected":false},"author":1,"featured_media":10604,"comment_status":"open","ping_status":"open","sticky":false,"template":"","format":"standard","meta":{"_monsterinsights_skip_tracking":false,"_monsterinsights_sitenote_active":false,"_monsterinsights_sitenote_note":"","_monsterinsights_sitenote_category":0,"_uf_show_specific_survey":0,"_uf_disable_surveys":false,"footnotes":""},"categories":[8,1,14],"tags":[],"class_list":["post-30093","post","type-post","status-publish","format-standard","has-post-thumbnail","hentry","category-agro","category-news","category-politica-agro"],"_links":{"self":[{"href":"https:\/\/agromt.news\/index.php?rest_route=\/wp\/v2\/posts\/30093"}],"collection":[{"href":"https:\/\/agromt.news\/index.php?rest_route=\/wp\/v2\/posts"}],"about":[{"href":"https:\/\/agromt.news\/index.php?rest_route=\/wp\/v2\/types\/post"}],"author":[{"embeddable":true,"href":"https:\/\/agromt.news\/index.php?rest_route=\/wp\/v2\/users\/1"}],"replies":[{"embeddable":true,"href":"https:\/\/agromt.news\/index.php?rest_route=%2Fwp%2Fv2%2Fcomments&post=30093"}],"version-history":[{"count":0,"href":"https:\/\/agromt.news\/index.php?rest_route=\/wp\/v2\/posts\/30093\/revisions"}],"wp:featuredmedia":[{"embeddable":true,"href":"https:\/\/agromt.news\/index.php?rest_route=\/wp\/v2\/media\/10604"}],"wp:attachment":[{"href":"https:\/\/agromt.news\/index.php?rest_route=%2Fwp%2Fv2%2Fmedia&parent=30093"}],"wp:term":[{"taxonomy":"category","embeddable":true,"href":"https:\/\/agromt.news\/index.php?rest_route=%2Fwp%2Fv2%2Fcategories&post=30093"},{"taxonomy":"post_tag","embeddable":true,"href":"https:\/\/agromt.news\/index.php?rest_route=%2Fwp%2Fv2%2Ftags&post=30093"}],"curies":[{"name":"wp","href":"https:\/\/api.w.org\/{rel}","templated":true}]}}