{"id":30092,"date":"2026-04-26T22:15:24","date_gmt":"2026-04-27T02:15:24","guid":{"rendered":"https:\/\/agromt.news\/?p=30092"},"modified":"2026-04-26T22:15:24","modified_gmt":"2026-04-27T02:15:24","slug":"safra-de-uva-entra-na-etapa-pos-colheita","status":"publish","type":"post","link":"https:\/\/agromt.news\/?p=30092","title":{"rendered":"safra de uva entra na etapa p\u00f3s-colheita"},"content":{"rendered":"<p> <br \/>\n<\/p>\n<div>\n<div class=\"row\">\n<div class=\"col-lg col-infos mt-0 mt-lg-0\">\n<div class=\"section-sub-title\">\n<p itemprop=\"description\">&#13;<br \/>\n                                Colheita de uva avan\u00e7a para fase de vinifica\u00e7\u00e3o&#13;\n                            <\/p>\n<\/p><\/div>\n<div class=\"container\">\n<div class=\"row\">\n<div class=\"col-lg p-0\">\n<div>\n<div class=\"block-news-main-infos mt-3 text-start\">\n<p>                                            <strong class=\"fn\" itemprop=\"author\" style=\"color: rgb(112, 112, 112); \">&#13;<br \/>\n                                                <a href=\"https:\/\/www.agrolink.com.br\/noticias\/javascript:;\" class=\"text-uppercase\" target=\"_blank\" style=\"color: rgb(112, 112, 112); \" rel=\"noopener\">Agrolink<\/a>&#13;<br \/>\n&#13;<br \/>\n                                                    &#8211; Seane Lennon&#13;<br \/>\n&#13;<br \/>\n                                            <\/strong><br \/>\n                                        <\/p>\n<p>                                            <abbr><time datetime=\"2026 - 04 - 24T18:28\" itemprop=\"datePublished dateModified\"> Publicado em 24\/04\/2026 \u00e0s 18:28h.<\/time><\/abbr>\n                                    <\/div>\n<\/p><\/div>\n<\/p><\/div>\n<div class=\"col-lg p-0 text-lg-end\">\n<div>\n<div id=\"mdEnviarPagina\" class=\"modal fade\" role=\"dialog\">\n<div class=\"modal-dialog\">\n<div class=\"modal-content\">\n<div class=\"modal-body\">\n<p><strong>Estimado usu\u00e1rio.<\/strong><br \/>Preencha o formul\u00e1rio abaixo para remeter a p\u00e1gina.<\/p>\n<\/p><\/div>\n<\/p><\/div>\n<\/p><\/div>\n<\/div><\/div>\n<\/p><\/div>\n<\/p><\/div>\n<\/p><\/div>\n<\/p><\/div>\n<\/p><\/div>\n<div class=\"row justify-content-md-center mt-3\">\n<div class=\"col-lg-auto col-image block-news-main-image\">\n<p>                                <img decoding=\"async\" src=\"https:\/\/www.agrolink.com.br\/upload\/imagens-resizes\/d206fcd34e274af0a67b3ece14c978c1_858x483.jpg\" class=\"lazyload img-fluid\"\/><br \/>\n                                                <span class=\"publicity-photo d-block mt-1\">Foto: Divulga\u00e7\u00e3o<\/span><\/p><\/div>\n<\/p><\/div>\n<div class=\"section-description section-description-noticias mt-3\">\n<p style=\"text-align:justify\">No Rio Grande do Sul, a safra de <a href=\"https:\/\/www.agrolink.com.br\/culturas\/uva?utm_source=agrolink-detalhe-noticia&amp;utm_medium=detalhe-noticia&amp;utm_campaign=links-internos\" target=\"_blank\" rel=\"noopener\">uva<\/a>\u00a0avan\u00e7a para a fase p\u00f3s-colheita em diferentes regi\u00f5es, com atividades voltadas ao manejo dos vinhedos e \u00e0 vinifica\u00e7\u00e3o.\u00a0<\/p>\n<p style=\"text-align:justify\">Segundo o Informativo Conjuntural divulgado pela Emater\/RS-Ascar nesta quinta-feira (23), na regi\u00e3o administrativa de Caxias do Sul, produtores realizam coleta de amostras de solo para corre\u00e7\u00e3o da fertilidade, especialmente em \u00e1reas que registraram produ\u00e7\u00e3o acima da m\u00e9dia. Embora a colheita das uvas destinadas \u00e0 vinifica\u00e7\u00e3o j\u00e1 tenha sido conclu\u00edda, ainda h\u00e1 variedades de mesa em fase de colheita, com destaque para a It\u00e1lia. De acordo com o relat\u00f3rio, \u201co pre\u00e7o recebido pelo produtor de uvas de mesa varia de R$ 7,50 a R$ 12,00\/kg\u201d.&#13;\n<\/p>\n<p style=\"text-align:justify\">Na regi\u00e3o de Soledade, a colheita foi finalizada e a produ\u00e7\u00e3o segue para a etapa de processamento. Os vinhos coloniais elaborados a partir de uvas americanas est\u00e3o em fase de vinifica\u00e7\u00e3o em cantinas artesanais. Segundo a Emater\/RS-Ascar, \u201cos destaques da safra foram a boa sanidade e o elevado grau Brix, que se destacaram pela alta qualidade das uvas, al\u00e9m da expressiva produtividade\u201d.&#13;\n<\/p>\n<p style=\"text-align:justify\">O cen\u00e1rio indica transi\u00e7\u00e3o do campo para a ind\u00fastria, com continuidade das atividades ligadas ao processamento e \u00e0 comercializa\u00e7\u00e3o da produ\u00e7\u00e3o.<\/p>\n<\/p><\/div>\n<\/p><\/div>\n<p><script data-cfasync=\"false\">\n    !function (f, b, e, v, n, t, s) {\n        if (f.fbq) return; n = f.fbq = function () {\n            n.callMethod ?\n                n.callMethod.apply(n, arguments) : n.queue.push(arguments)\n        };\n        if (!f._fbq) f._fbq = n; n.push = n; n.loaded = !0; n.version = '2.0';\n        n.queue = []; t = b.createElement(e); t.async = !0;\n        t.src = v; s = b.getElementsByTagName(e)[0];\n        s.parentNode.insertBefore(t, s)\n    }(window, document, 'script',\n        'https:\/\/connect.facebook.net\/en_US\/fbevents.js');\n    fbq('init', '522546078623747');\n    fbq('track', 'PageView');\n<\/script><br \/>\n<br \/><br \/>\n<br \/><a href=\"https:\/\/www.agrolink.com.br\/noticias\/rio-grande-do-sul--safra-de-uva-entra-na-etapa-pos-colheita_513496.html\">Source link <\/a><\/p>\n","protected":false},"excerpt":{"rendered":"<p>&#13; Colheita de uva avan\u00e7a para fase de vinifica\u00e7\u00e3o&#13; &#13; Agrolink&#13; &#13; &#8211; Seane Lennon&#13; &#13; Publicado em 24\/04\/2026 \u00e0s<\/p>\n","protected":false},"author":1,"featured_media":6669,"comment_status":"open","ping_status":"open","sticky":false,"template":"","format":"standard","meta":{"_monsterinsights_skip_tracking":false,"_monsterinsights_sitenote_active":false,"_monsterinsights_sitenote_note":"","_monsterinsights_sitenote_category":0,"_uf_show_specific_survey":0,"_uf_disable_surveys":false,"footnotes":""},"categories":[8,1,14],"tags":[],"class_list":["post-30092","post","type-post","status-publish","format-standard","has-post-thumbnail","hentry","category-agro","category-news","category-politica-agro"],"_links":{"self":[{"href":"https:\/\/agromt.news\/index.php?rest_route=\/wp\/v2\/posts\/30092"}],"collection":[{"href":"https:\/\/agromt.news\/index.php?rest_route=\/wp\/v2\/posts"}],"about":[{"href":"https:\/\/agromt.news\/index.php?rest_route=\/wp\/v2\/types\/post"}],"author":[{"embeddable":true,"href":"https:\/\/agromt.news\/index.php?rest_route=\/wp\/v2\/users\/1"}],"replies":[{"embeddable":true,"href":"https:\/\/agromt.news\/index.php?rest_route=%2Fwp%2Fv2%2Fcomments&post=30092"}],"version-history":[{"count":0,"href":"https:\/\/agromt.news\/index.php?rest_route=\/wp\/v2\/posts\/30092\/revisions"}],"wp:featuredmedia":[{"embeddable":true,"href":"https:\/\/agromt.news\/index.php?rest_route=\/wp\/v2\/media\/6669"}],"wp:attachment":[{"href":"https:\/\/agromt.news\/index.php?rest_route=%2Fwp%2Fv2%2Fmedia&parent=30092"}],"wp:term":[{"taxonomy":"category","embeddable":true,"href":"https:\/\/agromt.news\/index.php?rest_route=%2Fwp%2Fv2%2Fcategories&post=30092"},{"taxonomy":"post_tag","embeddable":true,"href":"https:\/\/agromt.news\/index.php?rest_route=%2Fwp%2Fv2%2Ftags&post=30092"}],"curies":[{"name":"wp","href":"https:\/\/api.w.org\/{rel}","templated":true}]}}