{"id":30091,"date":"2026-04-26T20:19:22","date_gmt":"2026-04-27T00:19:22","guid":{"rendered":"https:\/\/agromt.news\/?p=30091"},"modified":"2026-04-26T20:19:22","modified_gmt":"2026-04-27T00:19:22","slug":"banco-publico-domina-divida-rural-em-mg","status":"publish","type":"post","link":"https:\/\/agromt.news\/?p=30091","title":{"rendered":"Banco p\u00fablico domina d\u00edvida rural em MG"},"content":{"rendered":"<p> <br \/>\n<\/p>\n<div>\n<p>A presen\u00e7a dominante da Caixa Econ\u00f4mica Federal no passivo do Grupo Agro Cerealli, em Coromandel, no cerrado mineiro, d\u00e1 o tom da recupera\u00e7\u00e3o judicial e coloca o cr\u00e9dito rural p\u00fablico no centro da reestrutura\u00e7\u00e3o. As informa\u00e7\u00f5es s\u00e3o de Rafael Fonseca Nogueira, Head de NPL &amp; Recupera\u00e7\u00e3o de Cr\u00e9dito.&#13;\n<\/p>\n<p>O grupo, formado pelos produtores Silvio C. S. e Romualdo S., respons\u00e1veis pela Fazenda Arcos S\u00e3o Jo\u00e3o, apresentou d\u00edvida total de R$ 40,8 milh\u00f5es. Desse montante, R$ 29,5 milh\u00f5es est\u00e3o concentrados na Caixa, distribu\u00eddos em 19 contratos de cr\u00e9dito rural, incluindo Pronamp, FCO, custeio e investimento. O banco responde sozinho por 72% do passivo informado.<\/p>\n<p>Essa concentra\u00e7\u00e3o altera o peso das negocia\u00e7\u00f5es. Em uma recupera\u00e7\u00e3o judicial na qual um banco p\u00fablico det\u00e9m mais de metade da d\u00edvida, a din\u00e2mica tende a ser diferente daquela observada em casos pulverizados entre bancos privados, cooperativas e fornecedores. A Caixa chega ao processo com poder relevante na forma\u00e7\u00e3o de maioria e com influ\u00eancia direta sobre os rumos da assembleia geral de credores.&#13;\n<\/p>\n<p>O pedido foi protocolado em 27 de janeiro de 2026 como tutela cautelar antecedente, mecanismo que permite suspender execu\u00e7\u00f5es por 60 dias para media\u00e7\u00e3o antes do pedido formal de recupera\u00e7\u00e3o. O deferimento ocorreu em 13 de abril de 2026, com Inoc\u00eancio de Paula Sociedade de Advogados nomeado administrador judicial.<\/p>\n<p>Al\u00e9m da Caixa, o quadro financeiro inclui a DLL, bra\u00e7o financeiro do Rabobank, como segundo maior credor, com R$ 3,8 milh\u00f5es em financiamentos de m\u00e1quinas. O cr\u00e9dito cooperativo tamb\u00e9m aparece na composi\u00e7\u00e3o do passivo, com Sicredi Planalto, credor de R$ 2,6 milh\u00f5es, e Unicred Evolu\u00e7\u00e3o, com R$ 600 mil.&#13;\n<\/p>\n<p>A lista ainda traz a Louis Dreyfus como credora em processo judicial de R$ 1,3 milh\u00e3o e a Agrolend com CPR-F, instrumento usado para antecipar receita futura da lavoura. Com o deferimento da RJ, o processo deve avan\u00e7ar para a publica\u00e7\u00e3o do Quadro Geral de Credores, habilita\u00e7\u00e3o dos cr\u00e9ditos, apresenta\u00e7\u00e3o do plano em at\u00e9 60 dias e assembleia, etapa em que a posi\u00e7\u00e3o da Caixa ser\u00e1 determinante.<br \/>&#13;<br \/>\n\u00a0<\/p>\n<\/p><\/div>\n<p><script data-cfasync=\"false\">\n    !function (f, b, e, v, n, t, s) {\n        if (f.fbq) return; n = f.fbq = function () {\n            n.callMethod ?\n                n.callMethod.apply(n, arguments) : n.queue.push(arguments)\n        };\n        if (!f._fbq) f._fbq = n; n.push = n; n.loaded = !0; n.version = '2.0';\n        n.queue = []; t = b.createElement(e); t.async = !0;\n        t.src = v; s = b.getElementsByTagName(e)[0];\n        s.parentNode.insertBefore(t, s)\n    }(window, document, 'script',\n        'https:\/\/connect.facebook.net\/en_US\/fbevents.js');\n    fbq('init', '522546078623747');\n    fbq('track', 'PageView');\n<\/script><br \/>\n<br \/><br \/>\n<br \/><a href=\"https:\/\/www.agrolink.com.br\/noticias\/banco-publico-domina-divida-rural-em-mg_513498.html\">Source link <\/a><\/p>\n","protected":false},"excerpt":{"rendered":"<p>A presen\u00e7a dominante da Caixa Econ\u00f4mica Federal no passivo do Grupo Agro Cerealli, em Coromandel, no cerrado mineiro, d\u00e1 o<\/p>\n","protected":false},"author":1,"featured_media":7514,"comment_status":"open","ping_status":"open","sticky":false,"template":"","format":"standard","meta":{"_monsterinsights_skip_tracking":false,"_monsterinsights_sitenote_active":false,"_monsterinsights_sitenote_note":"","_monsterinsights_sitenote_category":0,"_uf_show_specific_survey":0,"_uf_disable_surveys":false,"footnotes":""},"categories":[8,1,14],"tags":[],"class_list":["post-30091","post","type-post","status-publish","format-standard","has-post-thumbnail","hentry","category-agro","category-news","category-politica-agro"],"_links":{"self":[{"href":"https:\/\/agromt.news\/index.php?rest_route=\/wp\/v2\/posts\/30091"}],"collection":[{"href":"https:\/\/agromt.news\/index.php?rest_route=\/wp\/v2\/posts"}],"about":[{"href":"https:\/\/agromt.news\/index.php?rest_route=\/wp\/v2\/types\/post"}],"author":[{"embeddable":true,"href":"https:\/\/agromt.news\/index.php?rest_route=\/wp\/v2\/users\/1"}],"replies":[{"embeddable":true,"href":"https:\/\/agromt.news\/index.php?rest_route=%2Fwp%2Fv2%2Fcomments&post=30091"}],"version-history":[{"count":0,"href":"https:\/\/agromt.news\/index.php?rest_route=\/wp\/v2\/posts\/30091\/revisions"}],"wp:featuredmedia":[{"embeddable":true,"href":"https:\/\/agromt.news\/index.php?rest_route=\/wp\/v2\/media\/7514"}],"wp:attachment":[{"href":"https:\/\/agromt.news\/index.php?rest_route=%2Fwp%2Fv2%2Fmedia&parent=30091"}],"wp:term":[{"taxonomy":"category","embeddable":true,"href":"https:\/\/agromt.news\/index.php?rest_route=%2Fwp%2Fv2%2Fcategories&post=30091"},{"taxonomy":"post_tag","embeddable":true,"href":"https:\/\/agromt.news\/index.php?rest_route=%2Fwp%2Fv2%2Ftags&post=30091"}],"curies":[{"name":"wp","href":"https:\/\/api.w.org\/{rel}","templated":true}]}}