{"id":30090,"date":"2026-04-26T18:23:30","date_gmt":"2026-04-26T22:23:30","guid":{"rendered":"https:\/\/agromt.news\/?p=30090"},"modified":"2026-04-26T18:23:30","modified_gmt":"2026-04-26T22:23:30","slug":"exportacoes-de-graos-despencam","status":"publish","type":"post","link":"https:\/\/agromt.news\/?p=30090","title":{"rendered":"Exporta\u00e7\u00f5es de gr\u00e3os despencam"},"content":{"rendered":"<p> <br \/>\n<\/p>\n<div>\n<p>As exporta\u00e7\u00f5es de gr\u00e3os da Ucr\u00e2nia registraram queda relevante ao longo do atual ano comercial, refletindo mudan\u00e7as no cen\u00e1rio produtivo e log\u00edstico do pa\u00eds. O desempenho mais fraco ocorre em um contexto de press\u00f5es externas e ajustes de mercado, com impactos diretos sobre o ritmo de embarques e a forma\u00e7\u00e3o de pre\u00e7os.&#13;\n<\/p>\n<p>Durante os primeiros nove meses do ciclo, os embarques ucranianos ficaram 22% abaixo do volume registrado no mesmo per\u00edodo do ano anterior, segundo relat\u00f3rio do Servi\u00e7o Agr\u00edcola Estrangeiro do Departamento de Agricultura dos EUA. A an\u00e1lise aponta que o recuo est\u00e1 ligado a uma combina\u00e7\u00e3o de fatores, com destaque para os efeitos da guerra com a R\u00fassia, que continua concentrada no territ\u00f3rio ucraniano.<\/p>\n<p>De acordo com o \u00f3rg\u00e3o, os ataques \u00e0 infraestrutura, incluindo ferrovias, portos e a rede el\u00e9trica, reduziram a capacidade de escoamento em determinados momentos, dificultando o transporte entre as \u00e1reas de produ\u00e7\u00e3o e os terminais de exporta\u00e7\u00e3o.<\/p>\n<p>Outro ponto relevante foi o comportamento dos pre\u00e7os internacionais. Desde o in\u00edcio do ano comercial 2025-26, as cota\u00e7\u00f5es dos gr\u00e3os ficaram abaixo das registradas no ciclo anterior, cen\u00e1rio associado \u00e0 maior produ\u00e7\u00e3o global estimada e ao aumento dos estoques finais. Nesse ambiente, produtores ucranianos passaram a reter parte da produ\u00e7\u00e3o, favorecidos pela amplia\u00e7\u00e3o da capacidade de armazenagem nas propriedades desde o in\u00edcio do conflito.&#13;\n<\/p>\n<p>A entidade tamb\u00e9m destaca que as quotas de importa\u00e7\u00e3o adotadas pela Uni\u00e3o Europeia contribu\u00edram para redirecionar os embarques a mercados tradicionais, o que resultou em pre\u00e7os menos atrativos aos agricultores.<\/p>\n<p>Para o pr\u00f3ximo ciclo, a perspectiva \u00e9 de recupera\u00e7\u00e3o. A proje\u00e7\u00e3o indica avan\u00e7o significativo nas exporta\u00e7\u00f5es, com destaque para a cevada, que pode crescer 133%, al\u00e9m de aumentos de 26% no milho e 19% no trigo. A produ\u00e7\u00e3o total tamb\u00e9m tende a subir, impulsionada por rendimentos acima da m\u00e9dia, favorecidos pelas condi\u00e7\u00f5es clim\u00e1ticas positivas nesta primavera.<br \/>&#13;<br \/>\n\u00a0<\/p>\n<\/p><\/div>\n<p><script data-cfasync=\"false\">\n    !function (f, b, e, v, n, t, s) {\n        if (f.fbq) return; n = f.fbq = function () {\n            n.callMethod ?\n                n.callMethod.apply(n, arguments) : n.queue.push(arguments)\n        };\n        if (!f._fbq) f._fbq = n; n.push = n; n.loaded = !0; n.version = '2.0';\n        n.queue = []; t = b.createElement(e); t.async = !0;\n        t.src = v; s = b.getElementsByTagName(e)[0];\n        s.parentNode.insertBefore(t, s)\n    }(window, document, 'script',\n        'https:\/\/connect.facebook.net\/en_US\/fbevents.js');\n    fbq('init', '522546078623747');\n    fbq('track', 'PageView');\n<\/script><br \/>\n<br \/><br \/>\n<br \/><a href=\"https:\/\/www.agrolink.com.br\/noticias\/exportacoes-de-graos-despencam_513500.html\">Source link <\/a><\/p>\n","protected":false},"excerpt":{"rendered":"<p>As exporta\u00e7\u00f5es de gr\u00e3os da Ucr\u00e2nia registraram queda relevante ao longo do atual ano comercial, refletindo mudan\u00e7as no cen\u00e1rio produtivo<\/p>\n","protected":false},"author":1,"featured_media":1775,"comment_status":"open","ping_status":"open","sticky":false,"template":"","format":"standard","meta":{"_monsterinsights_skip_tracking":false,"_monsterinsights_sitenote_active":false,"_monsterinsights_sitenote_note":"","_monsterinsights_sitenote_category":0,"_uf_show_specific_survey":0,"_uf_disable_surveys":false,"footnotes":""},"categories":[8,1,14],"tags":[],"class_list":["post-30090","post","type-post","status-publish","format-standard","has-post-thumbnail","hentry","category-agro","category-news","category-politica-agro"],"_links":{"self":[{"href":"https:\/\/agromt.news\/index.php?rest_route=\/wp\/v2\/posts\/30090"}],"collection":[{"href":"https:\/\/agromt.news\/index.php?rest_route=\/wp\/v2\/posts"}],"about":[{"href":"https:\/\/agromt.news\/index.php?rest_route=\/wp\/v2\/types\/post"}],"author":[{"embeddable":true,"href":"https:\/\/agromt.news\/index.php?rest_route=\/wp\/v2\/users\/1"}],"replies":[{"embeddable":true,"href":"https:\/\/agromt.news\/index.php?rest_route=%2Fwp%2Fv2%2Fcomments&post=30090"}],"version-history":[{"count":0,"href":"https:\/\/agromt.news\/index.php?rest_route=\/wp\/v2\/posts\/30090\/revisions"}],"wp:featuredmedia":[{"embeddable":true,"href":"https:\/\/agromt.news\/index.php?rest_route=\/wp\/v2\/media\/1775"}],"wp:attachment":[{"href":"https:\/\/agromt.news\/index.php?rest_route=%2Fwp%2Fv2%2Fmedia&parent=30090"}],"wp:term":[{"taxonomy":"category","embeddable":true,"href":"https:\/\/agromt.news\/index.php?rest_route=%2Fwp%2Fv2%2Fcategories&post=30090"},{"taxonomy":"post_tag","embeddable":true,"href":"https:\/\/agromt.news\/index.php?rest_route=%2Fwp%2Fv2%2Ftags&post=30090"}],"curies":[{"name":"wp","href":"https:\/\/api.w.org\/{rel}","templated":true}]}}