{"id":30087,"date":"2026-04-26T17:13:29","date_gmt":"2026-04-26T21:13:29","guid":{"rendered":"https:\/\/agromt.news\/?p=30087"},"modified":"2026-04-26T17:13:29","modified_gmt":"2026-04-26T21:13:29","slug":"embrapa-leva-capacitacao-sobre-palmeiras-e-participa-de-feira-de-sementes-no-amazonas","status":"publish","type":"post","link":"https:\/\/agromt.news\/?p=30087","title":{"rendered":"Embrapa leva capacita\u00e7\u00e3o sobre palmeiras e participa de feira de sementes no Amazonas"},"content":{"rendered":"<p> <br \/>\n<\/p>\n<div>\n<figure><img decoding=\"async\" src=\"https:\/\/agromt.news\/wp-content\/uploads\/2026\/04\/Embrapa-leva-capacitacao-sobre-palmeiras-e-participa-de-feira-de.jpg\" alt=\"\" \/><figcaption>Cr\u00e9dito: Foto: Maria Jos\u00e9 Tupinamb\u00e1 | Embrapa<\/figcaption><\/figure>\n<\/div>\n<p>A <a href=\"https:\/\/www.embrapa.br\/amazonia-ocidental\">Embrapa Amaz\u00f4nia Ocidenta<\/a>l promove, nos dias 29 e 30 de abril, uma agenda t\u00e9cnica no Alto Solim\u00f5es (AM) voltada ao fortalecimento da agricultura familiar e do extrativismo sustent\u00e1vel. A programa\u00e7\u00e3o inclui o curso \u201cCultura do a\u00e7a\u00ed e outras palmeiras nativas\u201d e a participa\u00e7\u00e3o na I Feira de Troca de Sementes e Mudas da regi\u00e3o.<\/p>\n<p>O curso ser\u00e1 ministrado pelo pesquisador Edson Barcelos e tem como foco o manejo e o plantio de esp\u00e9cies como a\u00e7a\u00ed, buriti e bacaba. A proposta \u00e9 orientar produtores sobre t\u00e9cnicas que garantam sustentabilidade, preserva\u00e7\u00e3o das florestas nativas e gera\u00e7\u00e3o de renda. A atividade tamb\u00e9m busca fortalecer a seguran\u00e7a alimentar nas comunidades locais.<\/p>\n<ul class=\"wp-block-list\">\n<li><em>Veja em primeira m\u00e3o tudo sobre agricultura, pecu\u00e1ria, economia e previs\u00e3o do tempo:<\/em><a href=\"https:\/\/news.google.com\/publications\/CAAqBwgKMPKZlQswq_mqAw?hl=pt-BR&amp;gl=BR&amp;ceid=BR%3Apt-419\"><em>siga o Canal Rural no Google News!<\/em><\/a><\/li>\n<\/ul>\n<p>A capacita\u00e7\u00e3o \u00e9 direcionada a agricultores familiares, t\u00e9cnicos, estudantes e demais interessados. Em Benjamin Constant, o encontro ocorre no dia 29, no audit\u00f3rio da prefeitura, com apoio de institui\u00e7\u00f5es como o MDA, a Funai e o Idam. Em Tabatinga, no dia 30, a forma\u00e7\u00e3o ser\u00e1 realizada na comunidade Umaria\u00e7u II, com parceria de \u00f3rg\u00e3os locais e da Adaf.<\/p>\n<p>Paralelamente, a Embrapa participa da I Feira de Troca de Sementes e Mudas do Alto Solim\u00f5es, em Benjamin Constant, dentro do projeto \u201cM\u00e3os Guardi\u00e3s\u201d. A iniciativa incentiva o interc\u00e2mbio de sementes crioulas e mudas de fruteiras nativas, como o cupua\u00e7u, com foco na conserva\u00e7\u00e3o da biodiversidade e no fortalecimento da produ\u00e7\u00e3o local.<\/p>\n<p>Segundo a pesquisadora Aparecida Claret, a a\u00e7\u00e3o estimula o policultivo e a forma\u00e7\u00e3o de \u201cguardi\u00f5es de sementes\u201d, ampliando a diversidade produtiva e contribuindo para a gera\u00e7\u00e3o de renda em comunidades ind\u00edgenas e tradicionais da regi\u00e3o.<\/p>\n<p>Os interessados em participar da edi\u00e7\u00e3o em Benjamin Constant podem obter informa\u00e7\u00f5es sobre inscri\u00e7\u00f5es diretamente na sede da prefeitura ou com a Semap. <\/p>\n<p>O post <a href=\"https:\/\/www.canalrural.com.br\/agricultura\/embrapa-leva-capacitacao-sobre-palmeiras-e-participa-de-feira-de-sementes-no-amazonas\/\">Embrapa leva capacita\u00e7\u00e3o sobre palmeiras e participa de feira de sementes no Amazonas<\/a> apareceu primeiro em <a href=\"https:\/\/www.canalrural.com.br\">Canal Rural<\/a>.<\/p>\n<p><br \/>\n<br \/><a href=\"https:\/\/www.canalrural.com.br\/agricultura\/embrapa-leva-capacitacao-sobre-palmeiras-e-participa-de-feira-de-sementes-no-amazonas\/\">Source link <\/a><\/p>\n","protected":false},"excerpt":{"rendered":"<p>Cr\u00e9dito: Foto: Maria Jos\u00e9 Tupinamb\u00e1 | Embrapa A Embrapa Amaz\u00f4nia Ocidental promove, nos dias 29 e 30 de abril, uma<\/p>\n","protected":false},"author":1,"featured_media":30088,"comment_status":"open","ping_status":"open","sticky":false,"template":"","format":"standard","meta":{"_monsterinsights_skip_tracking":false,"_monsterinsights_sitenote_active":false,"_monsterinsights_sitenote_note":"","_monsterinsights_sitenote_category":0,"_uf_show_specific_survey":0,"_uf_disable_surveys":false,"footnotes":""},"categories":[1],"tags":[],"class_list":["post-30087","post","type-post","status-publish","format-standard","has-post-thumbnail","hentry","category-news"],"_links":{"self":[{"href":"https:\/\/agromt.news\/index.php?rest_route=\/wp\/v2\/posts\/30087"}],"collection":[{"href":"https:\/\/agromt.news\/index.php?rest_route=\/wp\/v2\/posts"}],"about":[{"href":"https:\/\/agromt.news\/index.php?rest_route=\/wp\/v2\/types\/post"}],"author":[{"embeddable":true,"href":"https:\/\/agromt.news\/index.php?rest_route=\/wp\/v2\/users\/1"}],"replies":[{"embeddable":true,"href":"https:\/\/agromt.news\/index.php?rest_route=%2Fwp%2Fv2%2Fcomments&post=30087"}],"version-history":[{"count":0,"href":"https:\/\/agromt.news\/index.php?rest_route=\/wp\/v2\/posts\/30087\/revisions"}],"wp:featuredmedia":[{"embeddable":true,"href":"https:\/\/agromt.news\/index.php?rest_route=\/wp\/v2\/media\/30088"}],"wp:attachment":[{"href":"https:\/\/agromt.news\/index.php?rest_route=%2Fwp%2Fv2%2Fmedia&parent=30087"}],"wp:term":[{"taxonomy":"category","embeddable":true,"href":"https:\/\/agromt.news\/index.php?rest_route=%2Fwp%2Fv2%2Fcategories&post=30087"},{"taxonomy":"post_tag","embeddable":true,"href":"https:\/\/agromt.news\/index.php?rest_route=%2Fwp%2Fv2%2Ftags&post=30087"}],"curies":[{"name":"wp","href":"https:\/\/api.w.org\/{rel}","templated":true}]}}