{"id":30086,"date":"2026-04-26T16:27:46","date_gmt":"2026-04-26T20:27:46","guid":{"rendered":"https:\/\/agromt.news\/?p=30086"},"modified":"2026-04-26T16:27:46","modified_gmt":"2026-04-26T20:27:46","slug":"diesel-pode-bater-recorde-historico-em-2026","status":"publish","type":"post","link":"https:\/\/agromt.news\/?p=30086","title":{"rendered":"Diesel pode bater recorde hist\u00f3rico em 2026"},"content":{"rendered":"<p> <br \/>\n<\/p>\n<div>\n<p>O consumo de combust\u00edveis no pa\u00eds deve seguir em expans\u00e3o em 2026, impulsionado principalmente pelas atividades produtivas e pelo transporte de cargas. A proje\u00e7\u00e3o indica crescimento tanto no diesel quanto nos biocombust\u00edveis, em linha com o ritmo da economia.&#13;\n<\/p>\n<p>Segundo relat\u00f3rio da StoneX, a demanda por diesel B deve atingir 70,8 milh\u00f5es de m\u00b3 em 2026, avan\u00e7o de 1,9% na compara\u00e7\u00e3o anual. O desempenho \u00e9 sustentado pela evolu\u00e7\u00e3o da colheita agr\u00edcola, aumento das exporta\u00e7\u00f5es e maior movimenta\u00e7\u00e3o no transporte rodovi\u00e1rio. A an\u00e1lise aponta que, apesar de um in\u00edcio de ano mais fraco, com recuo de 1,7% no primeiro bimestre, a tend\u00eancia \u00e9 de recupera\u00e7\u00e3o ao longo dos meses, apoiada pela retomada do fluxo log\u00edstico.<\/p>\n<p>\u201cA recupera\u00e7\u00e3o do consumo est\u00e1 diretamente ligada \u00e0 din\u00e2mica econ\u00f4mica do pa\u00eds, especialmente ao agro e \u00e0 log\u00edstica, que seguem puxando a demanda por combust\u00edveis\u201d, real\u00e7a o especialista de Intelig\u00eancia de Mercado, Bruno Cordeiro.<\/p>\n<p>O crescimento deve ser mais intenso nas regi\u00f5es Sudeste e Sul, impulsionado pela ind\u00fastria e pela produ\u00e7\u00e3o agr\u00edcola, enquanto o Centro-Oeste deve avan\u00e7ar de forma mais moderada. Na oferta, a produ\u00e7\u00e3o nacional de diesel A cresceu 4,5% no primeiro trimestre, o que deve reduzir as importa\u00e7\u00f5es para 17,2 milh\u00f5es de m\u00b3 no ano, com leve queda de 0,6%.&#13;\n<\/p>\n<p>No segmento de biocombust\u00edveis, a expans\u00e3o \u00e9 mais significativa. A demanda por biodiesel deve alcan\u00e7ar 10,4 milh\u00f5es de m\u00b3, alta de 7,2%, refletindo a amplia\u00e7\u00e3o da mistura para B15 e o aquecimento econ\u00f4mico. O \u00f3leo de soja segue como principal insumo, com participa\u00e7\u00e3o crescente. Em um cen\u00e1rio alternativo com ado\u00e7\u00e3o do B16, o volume pode chegar a 10,76 milh\u00f5es de m\u00b3.<\/p>\n<p>&#13;<br \/>\n\u00a0<\/p>\n<\/p><\/div>\n<p><script data-cfasync=\"false\">\n    !function (f, b, e, v, n, t, s) {\n        if (f.fbq) return; n = f.fbq = function () {\n            n.callMethod ?\n                n.callMethod.apply(n, arguments) : n.queue.push(arguments)\n        };\n        if (!f._fbq) f._fbq = n; n.push = n; n.loaded = !0; n.version = '2.0';\n        n.queue = []; t = b.createElement(e); t.async = !0;\n        t.src = v; s = b.getElementsByTagName(e)[0];\n        s.parentNode.insertBefore(t, s)\n    }(window, document, 'script',\n        'https:\/\/connect.facebook.net\/en_US\/fbevents.js');\n    fbq('init', '522546078623747');\n    fbq('track', 'PageView');\n<\/script><br \/>\n<br \/><br \/>\n<br \/><a href=\"https:\/\/www.agrolink.com.br\/noticias\/diesel-pode-bater-recorde-historico-em-2026_513501.html\">Source link <\/a><\/p>\n","protected":false},"excerpt":{"rendered":"<p>O consumo de combust\u00edveis no pa\u00eds deve seguir em expans\u00e3o em 2026, impulsionado principalmente pelas atividades produtivas e pelo transporte<\/p>\n","protected":false},"author":1,"featured_media":1625,"comment_status":"open","ping_status":"open","sticky":false,"template":"","format":"standard","meta":{"_monsterinsights_skip_tracking":false,"_monsterinsights_sitenote_active":false,"_monsterinsights_sitenote_note":"","_monsterinsights_sitenote_category":0,"_uf_show_specific_survey":0,"_uf_disable_surveys":false,"footnotes":""},"categories":[8,1,14],"tags":[],"class_list":["post-30086","post","type-post","status-publish","format-standard","has-post-thumbnail","hentry","category-agro","category-news","category-politica-agro"],"_links":{"self":[{"href":"https:\/\/agromt.news\/index.php?rest_route=\/wp\/v2\/posts\/30086"}],"collection":[{"href":"https:\/\/agromt.news\/index.php?rest_route=\/wp\/v2\/posts"}],"about":[{"href":"https:\/\/agromt.news\/index.php?rest_route=\/wp\/v2\/types\/post"}],"author":[{"embeddable":true,"href":"https:\/\/agromt.news\/index.php?rest_route=\/wp\/v2\/users\/1"}],"replies":[{"embeddable":true,"href":"https:\/\/agromt.news\/index.php?rest_route=%2Fwp%2Fv2%2Fcomments&post=30086"}],"version-history":[{"count":0,"href":"https:\/\/agromt.news\/index.php?rest_route=\/wp\/v2\/posts\/30086\/revisions"}],"wp:featuredmedia":[{"embeddable":true,"href":"https:\/\/agromt.news\/index.php?rest_route=\/wp\/v2\/media\/1625"}],"wp:attachment":[{"href":"https:\/\/agromt.news\/index.php?rest_route=%2Fwp%2Fv2%2Fmedia&parent=30086"}],"wp:term":[{"taxonomy":"category","embeddable":true,"href":"https:\/\/agromt.news\/index.php?rest_route=%2Fwp%2Fv2%2Fcategories&post=30086"},{"taxonomy":"post_tag","embeddable":true,"href":"https:\/\/agromt.news\/index.php?rest_route=%2Fwp%2Fv2%2Ftags&post=30086"}],"curies":[{"name":"wp","href":"https:\/\/api.w.org\/{rel}","templated":true}]}}