{"id":30082,"date":"2026-04-26T15:49:47","date_gmt":"2026-04-26T19:49:47","guid":{"rendered":"https:\/\/agromt.news\/?p=30082"},"modified":"2026-04-26T15:49:47","modified_gmt":"2026-04-26T19:49:47","slug":"faesp-classifica-abertura-da-agrishow-como-dia-do-nao-anuncio-e-defende-plano-de-longo-prazo-para-o-setor","status":"publish","type":"post","link":"https:\/\/agromt.news\/?p=30082","title":{"rendered":"Faesp classifica abertura da Agrishow como \u2018dia do n\u00e3o an\u00fancio\u2019 e defende plano de longo prazo para o setor"},"content":{"rendered":"<p> <br \/>\n<\/p>\n<div>\n<figure><img decoding=\"async\" src=\"https:\/\/agromt.news\/wp-content\/uploads\/2026\/04\/Faesp-classifica-abertura-da-Agrishow-como-\u2018dia-do-nao-anuncio.jpg\" alt=\"\" \/><figcaption>Cr\u00e9ditos: Agrishow <\/figcaption><\/figure>\n<\/div>\n<p>O presidente da Federa\u00e7\u00e3o da Agricultura e Pecu\u00e1ria do Estado de S\u00e3o Paulo (Faesp), Tirso Meirelles, afirmou que faltaram medidas concretas para o setor agropecu\u00e1rio durante a abertura da <a href=\"https:\/\/www.canalrural.com.br\/?s=Agrishow\">Agrishow <\/a>2026, realizada neste domingo (26), em Ribeir\u00e3o Preto (SP). Em pronunciamento, ele classificou a data como o &#8216;dia do n\u00e3o an\u00fancio&#8217;.<\/p>\n<p>Segundo Meirelles, o setor produtivo chegou \u00e0 feira com expectativa de medidas imediatas e estruturantes, mas encontrou novamente um conjunto de inten\u00e7\u00f5es e promessas j\u00e1 conhecidas, sem defini\u00e7\u00e3o de prazos ou mecanismos de execu\u00e7\u00e3o.<\/p>\n<p>\u201cHoje foi o &#8216;dia do n\u00e3o an\u00fancio&#8217;. Quando todo o setor produtivo esperava a consolida\u00e7\u00e3o de medidas efetivas, os representantes do governo federal vieram, mais uma vez, com promessas para renegocia\u00e7\u00e3o de d\u00edvidas, seguro rural e cr\u00e9dito mais justo e acess\u00edvel ao produtor rural. O produtor n\u00e3o precisa de mais promessas, mas de a\u00e7\u00f5es efetivas que tragam seguran\u00e7a jur\u00eddica para quem faz do Brasil o verdadeiro protagonista da seguran\u00e7a alimentar\u201d, afirmou.<\/p>\n<ul class=\"wp-block-list\">\n<li><em>Veja em primeira m\u00e3o tudo sobre agricultura, pecu\u00e1ria, economia e previs\u00e3o do tempo:<\/em><a href=\"https:\/\/news.google.com\/publications\/CAAqBwgKMPKZlQswq_mqAw?hl=pt-BR&amp;gl=BR&amp;ceid=BR%3Apt-419\"><em>siga o Canal Rural no Google News!<\/em><\/a><\/li>\n<\/ul>\n<h2 class=\"wp-block-heading\" id=\"h-criacao-de-um-plano-brasil\">Cria\u00e7\u00e3o de um &#8216;Plano Brasil&#8217;<\/h2>\n<p>O presidente tamb\u00e9m defendeu a cria\u00e7\u00e3o de um plano de Estado de longo prazo para o agroneg\u00f3cio. \u201c\u00c9 fundamental termos um plano de 10, 20 anos, ou seja, um \u2018Plano Brasil\u2019 que contemple solu\u00e7\u00f5es de curto, m\u00e9dio e longo prazo. O setor necessita de previsibilidade e de uma vis\u00e3o de Estado que ultrapasse governos, garantindo que o apoio ao produtor seja cont\u00ednuo e estrat\u00e9gico\u201d, refor\u00e7ou.<\/p>\n<h2 class=\"wp-block-heading\" id=\"h-mais-que-palavras-acoes\">Mais que palavras: a\u00e7\u00f5es<\/h2>\n<p>A Faesp refor\u00e7a que o sucesso do campo brasileiro depende da transforma\u00e7\u00e3o de discursos em a\u00e7\u00f5es concretas. Para a entidade, a seguran\u00e7a jur\u00eddica \u00e9 essencial para garantir que o produtor siga investindo e sustentando o abastecimento interno e as exporta\u00e7\u00f5es do pa\u00eds.<\/p>\n<p>Segundo Meirelles, a manuten\u00e7\u00e3o do protagonismo do Brasil na seguran\u00e7a alimentar global passa por um ambiente de neg\u00f3cios est\u00e1vel e por ferramentas de trabalho eficientes, e n\u00e3o por adiamentos ou cronogramas indefinidos.<\/p>\n<\/p>\n<\/p>\n<p>O post <a href=\"https:\/\/www.canalrural.com.br\/agricultura\/faesp-classifica-abertura-da-agrishow-como-dia-do-nao-anuncio-e-defende-plano-de-longo-prazo-para-o-setor\/\">Faesp classifica abertura da Agrishow como &#8216;dia do n\u00e3o an\u00fancio&#8217; e defende plano de longo prazo para o setor<\/a> apareceu primeiro em <a href=\"https:\/\/www.canalrural.com.br\">Canal Rural<\/a>.<\/p>\n<p><br \/>\n<br \/><a href=\"https:\/\/www.canalrural.com.br\/agricultura\/faesp-classifica-abertura-da-agrishow-como-dia-do-nao-anuncio-e-defende-plano-de-longo-prazo-para-o-setor\/\">Source link <\/a><\/p>\n","protected":false},"excerpt":{"rendered":"<p>Cr\u00e9ditos: Agrishow O presidente da Federa\u00e7\u00e3o da Agricultura e Pecu\u00e1ria do Estado de S\u00e3o Paulo (Faesp), Tirso Meirelles, afirmou que<\/p>\n","protected":false},"author":1,"featured_media":30083,"comment_status":"open","ping_status":"open","sticky":false,"template":"","format":"standard","meta":{"_monsterinsights_skip_tracking":false,"_monsterinsights_sitenote_active":false,"_monsterinsights_sitenote_note":"","_monsterinsights_sitenote_category":0,"_uf_show_specific_survey":0,"_uf_disable_surveys":false,"footnotes":""},"categories":[1],"tags":[],"class_list":["post-30082","post","type-post","status-publish","format-standard","has-post-thumbnail","hentry","category-news"],"_links":{"self":[{"href":"https:\/\/agromt.news\/index.php?rest_route=\/wp\/v2\/posts\/30082"}],"collection":[{"href":"https:\/\/agromt.news\/index.php?rest_route=\/wp\/v2\/posts"}],"about":[{"href":"https:\/\/agromt.news\/index.php?rest_route=\/wp\/v2\/types\/post"}],"author":[{"embeddable":true,"href":"https:\/\/agromt.news\/index.php?rest_route=\/wp\/v2\/users\/1"}],"replies":[{"embeddable":true,"href":"https:\/\/agromt.news\/index.php?rest_route=%2Fwp%2Fv2%2Fcomments&post=30082"}],"version-history":[{"count":0,"href":"https:\/\/agromt.news\/index.php?rest_route=\/wp\/v2\/posts\/30082\/revisions"}],"wp:featuredmedia":[{"embeddable":true,"href":"https:\/\/agromt.news\/index.php?rest_route=\/wp\/v2\/media\/30083"}],"wp:attachment":[{"href":"https:\/\/agromt.news\/index.php?rest_route=%2Fwp%2Fv2%2Fmedia&parent=30082"}],"wp:term":[{"taxonomy":"category","embeddable":true,"href":"https:\/\/agromt.news\/index.php?rest_route=%2Fwp%2Fv2%2Fcategories&post=30082"},{"taxonomy":"post_tag","embeddable":true,"href":"https:\/\/agromt.news\/index.php?rest_route=%2Fwp%2Fv2%2Ftags&post=30082"}],"curies":[{"name":"wp","href":"https:\/\/api.w.org\/{rel}","templated":true}]}}