{"id":30080,"date":"2026-04-26T14:31:31","date_gmt":"2026-04-26T18:31:31","guid":{"rendered":"https:\/\/agromt.news\/?p=30080"},"modified":"2026-04-26T14:31:31","modified_gmt":"2026-04-26T18:31:31","slug":"sinais-silenciosos-derrubam-producao-de-aves","status":"publish","type":"post","link":"https:\/\/agromt.news\/?p=30080","title":{"rendered":"Sinais silenciosos derrubam produ\u00e7\u00e3o de aves"},"content":{"rendered":"<p> <br \/>\n<\/p>\n<div>\n<div class=\"row\">\n<div class=\"col-lg col-infos mt-0 mt-lg-0\">\n<div class=\"section-sub-title\">\n<p itemprop=\"description\">&#13;<br \/>\n                                O controle passa por uma estrat\u00e9gia integrada&#13;\n                            <\/p>\n<\/p><\/div>\n<div class=\"container\">\n<div class=\"row\">\n<div class=\"col-lg p-0\">\n<div>\n<div class=\"block-news-main-infos mt-3 text-start\">\n<p>                                            <strong class=\"fn\" itemprop=\"author\" style=\"color: rgb(112, 112, 112); \">&#13;<br \/>\n                                                <a href=\"https:\/\/www.agrolink.com.br\/noticias\/javascript:;\" class=\"text-uppercase\" target=\"_blank\" style=\"color: rgb(112, 112, 112); \" rel=\"noopener\">Agrolink<\/a>&#13;<br \/>\n&#13;<br \/>\n                                                    &#8211; Leonardo Gottems&#13;<br \/>\n&#13;<br \/>\n                                            <\/strong><br \/>\n                                        <\/p>\n<p>                                            <abbr><time datetime=\"2026 - 04 - 25T08:11\" itemprop=\"datePublished dateModified\"> Publicado em 25\/04\/2026 \u00e0s 08:11h.<\/time><\/abbr>\n                                    <\/div>\n<\/p><\/div>\n<\/p><\/div>\n<div class=\"col-lg p-0 text-lg-end\">\n<div>\n<div id=\"mdEnviarPagina\" class=\"modal fade\" role=\"dialog\">\n<div class=\"modal-dialog\">\n<div class=\"modal-content\">\n<div class=\"modal-body\">\n<p><strong>Estimado usu\u00e1rio.<\/strong><br \/>Preencha o formul\u00e1rio abaixo para remeter a p\u00e1gina.<\/p>\n<\/p><\/div>\n<\/p><\/div>\n<\/p><\/div>\n<\/div><\/div>\n<\/p><\/div>\n<\/p><\/div>\n<\/p><\/div>\n<\/p><\/div>\n<\/p><\/div>\n<div class=\"row justify-content-md-center mt-3\">\n<div class=\"col-lg-auto col-image block-news-main-image\">\n<p>                                <img decoding=\"async\" src=\"https:\/\/www.agrolink.com.br\/upload\/imagens-resizes\/6c824167128b4239992b1d37d795aecb_858x483.jpg\" class=\"lazyload img-fluid\" alt=\"O controle passa por uma estrat\u00e9gia integrada\"\/><br \/>\n                                                <span class=\"d-block mt-1\">O controle passa por uma estrat\u00e9gia integrada &#8211; Foto: Divulga\u00e7\u00e3o<\/span><\/p><\/div>\n<\/p><\/div>\n<div class=\"section-description section-description-noticias mt-3\">\n<p>A queda de desempenho nos plant\u00e9is av\u00edcolas \u00e9 um dos principais sinais de alerta para problemas sanit\u00e1rios que impactam diretamente a produtividade. Entre os fatores mais recorrentes est\u00e3o as doen\u00e7as respirat\u00f3rias, que comprometem o consumo de ra\u00e7\u00e3o, o ganho de peso e aumentam as perdas no sistema produtivo.&#13;\n<\/p>\n<p>Segundo a Empresa Brasileira de Pesquisa Agropecu\u00e1ria (Embrapa), essas enfermidades geralmente n\u00e3o t\u00eam uma causa \u00fanica, sendo resultado da intera\u00e7\u00e3o entre v\u00edrus, bact\u00e9rias e fungos, muitas vezes associada a falhas de manejo e condi\u00e7\u00f5es inadequadas no ambiente do avi\u00e1rio. A redu\u00e7\u00e3o no desempenho costuma surgir antes mesmo dos sinais cl\u00ednicos mais evidentes.<\/p>\n<p>\u201cA queda de desempenho costuma ser um dos primeiros sinais de que algo est\u00e1 errado dentro do avi\u00e1rio. Redu\u00e7\u00e3o do consumo de ra\u00e7\u00e3o, crescimento abaixo do esperado e desuniformidade entre as aves s\u00e3o ind\u00edcios comuns. Geralmente, esses sinais v\u00eam acompanhados de sintomas mais evidentes, como espirros, secre\u00e7\u00e3o nasal, dificuldade para respirar, ru\u00eddos respirat\u00f3rios e apatia. Tais quadros podem estar associados a agentes patog\u00eanicos, presentes em desafios sanit\u00e1rios no campo\u201d, explica Gabriela Romanzini, coordenadora de produtos da MCassab Nutri\u00e7\u00e3o e Sa\u00fade Animal.&#13;\n<\/p>\n<p>O controle passa por uma estrat\u00e9gia integrada, que inclui biosseguridade, manejo adequado e monitoramento constante. A identifica\u00e7\u00e3o precoce \u00e9 essencial para reduzir impactos produtivos e preservar a sa\u00fade do lote.<\/p>\n<p>Entre as solu\u00e7\u00f5es dispon\u00edveis est\u00e1 o AuroPac ST, da MCassab, que combina diferentes princ\u00edpios ativos para atuar tanto no controle dos agentes infecciosos quanto na melhora da respira\u00e7\u00e3o. A associa\u00e7\u00e3o contribui para reduzir a carga bacteriana e facilitar a elimina\u00e7\u00e3o de secre\u00e7\u00f5es. \u201cA melhoria da fun\u00e7\u00e3o respirat\u00f3ria favorece a retomada do consumo de ra\u00e7\u00e3o, reduz o estresse fisiol\u00f3gico e impulsiona o ganho de peso das aves, resultando em lotes mais uniformes e produtivos, com menor mortalidade e menos condena\u00e7\u00f5es\u201d, finaliza.<br \/>&#13;<br \/>\n\u00a0<\/p>\n<\/p><\/div>\n<\/p><\/div>\n<p><script data-cfasync=\"false\">\n    !function (f, b, e, v, n, t, s) {\n        if (f.fbq) return; n = f.fbq = function () {\n            n.callMethod ?\n                n.callMethod.apply(n, arguments) : n.queue.push(arguments)\n        };\n        if (!f._fbq) f._fbq = n; n.push = n; n.loaded = !0; n.version = '2.0';\n        n.queue = []; t = b.createElement(e); t.async = !0;\n        t.src = v; s = b.getElementsByTagName(e)[0];\n        s.parentNode.insertBefore(t, s)\n    }(window, document, 'script',\n        'https:\/\/connect.facebook.net\/en_US\/fbevents.js');\n    fbq('init', '522546078623747');\n    fbq('track', 'PageView');\n<\/script><br \/>\n<br \/><br \/>\n<br \/><a href=\"https:\/\/www.agrolink.com.br\/noticias\/sinais-silenciosos-derrubam-producao-de-aves_513502.html\">Source link <\/a><\/p>\n","protected":false},"excerpt":{"rendered":"<p>&#13; O controle passa por uma estrat\u00e9gia integrada&#13; &#13; Agrolink&#13; &#13; &#8211; Leonardo Gottems&#13; &#13; Publicado em 25\/04\/2026 \u00e0s 08:11h.<\/p>\n","protected":false},"author":1,"featured_media":5269,"comment_status":"open","ping_status":"open","sticky":false,"template":"","format":"standard","meta":{"_monsterinsights_skip_tracking":false,"_monsterinsights_sitenote_active":false,"_monsterinsights_sitenote_note":"","_monsterinsights_sitenote_category":0,"_uf_show_specific_survey":0,"_uf_disable_surveys":false,"footnotes":""},"categories":[8,1,14],"tags":[],"class_list":["post-30080","post","type-post","status-publish","format-standard","has-post-thumbnail","hentry","category-agro","category-news","category-politica-agro"],"_links":{"self":[{"href":"https:\/\/agromt.news\/index.php?rest_route=\/wp\/v2\/posts\/30080"}],"collection":[{"href":"https:\/\/agromt.news\/index.php?rest_route=\/wp\/v2\/posts"}],"about":[{"href":"https:\/\/agromt.news\/index.php?rest_route=\/wp\/v2\/types\/post"}],"author":[{"embeddable":true,"href":"https:\/\/agromt.news\/index.php?rest_route=\/wp\/v2\/users\/1"}],"replies":[{"embeddable":true,"href":"https:\/\/agromt.news\/index.php?rest_route=%2Fwp%2Fv2%2Fcomments&post=30080"}],"version-history":[{"count":0,"href":"https:\/\/agromt.news\/index.php?rest_route=\/wp\/v2\/posts\/30080\/revisions"}],"wp:featuredmedia":[{"embeddable":true,"href":"https:\/\/agromt.news\/index.php?rest_route=\/wp\/v2\/media\/5269"}],"wp:attachment":[{"href":"https:\/\/agromt.news\/index.php?rest_route=%2Fwp%2Fv2%2Fmedia&parent=30080"}],"wp:term":[{"taxonomy":"category","embeddable":true,"href":"https:\/\/agromt.news\/index.php?rest_route=%2Fwp%2Fv2%2Fcategories&post=30080"},{"taxonomy":"post_tag","embeddable":true,"href":"https:\/\/agromt.news\/index.php?rest_route=%2Fwp%2Fv2%2Ftags&post=30080"}],"curies":[{"name":"wp","href":"https:\/\/api.w.org\/{rel}","templated":true}]}}