{"id":30078,"date":"2026-04-26T14:26:29","date_gmt":"2026-04-26T18:26:29","guid":{"rendered":"https:\/\/agromt.news\/?p=30078"},"modified":"2026-04-26T14:26:29","modified_gmt":"2026-04-26T18:26:29","slug":"a-agrishow-e-prova-de-resiliencia-passamos-por-safras-dificeis-mas-o-agro-brasileiro-nunca-parou-diz-presidente-da-feira","status":"publish","type":"post","link":"https:\/\/agromt.news\/?p=30078","title":{"rendered":"\u2018A Agrishow \u00e9 prova de resili\u00eancia. Passamos por safras dif\u00edceis, mas o agro brasileiro nunca parou\u2019, diz presidente da feira"},"content":{"rendered":"<p> <br \/>\n<\/p>\n<div>\n<figure><img decoding=\"async\" src=\"https:\/\/agromt.news\/wp-content\/uploads\/2026\/04\/\u2018A-Agrishow-e-prova-de-resiliencia-Passamos-por-safras-dificeis.jpg\" alt=\"\" \/><figcaption>Reprodu\u00e7\u00e3o Canal Rural<\/figcaption><\/figure>\n<\/div>\n<p>A abertura da 31\u00aa edi\u00e7\u00e3o da <a href=\"https:\/\/www.canalrural.com.br\/?s=Agrishow\">Agrishow <\/a>foi realizada neste domingo (26), em Ribeir\u00e3o Preto (SP), marcando o in\u00edcio de uma das maiores vitrines do agroneg\u00f3cio. A feira, que come\u00e7a oficialmente nesta segunda-feira (27) e segue at\u00e9 1\u00ba de maio, re\u00fane inova\u00e7\u00e3o, tecnologia e os principais players do setor.<\/p>\n<p>Considerada um dos maiores encontros do segmento, o evento re\u00fane solu\u00e7\u00f5es para todos os tipos de culturas e tamanhos de propriedades, al\u00e9m de ser reconhecida como palco de lan\u00e7amento das principais tend\u00eancias e inova\u00e7\u00f5es do setor.<\/p>\n<p>O presidente da Agrishow, Jo\u00e3o Carlos Marchesan, ressaltou o papel hist\u00f3rico do setor e a capacidade de reinven\u00e7\u00e3o do agro brasileiro. \u201cOlho para essa feira e n\u00e3o vejo apenas m\u00e1quinas, estandes ou tecnologia de ponta. Vejo resultados de d\u00e9cadas de trabalho de homens e mulheres que acreditaram que o Brasil tinha voca\u00e7\u00e3o de alimentar o mundo. Essa feira \u00e9 o maior testemunho de resili\u00eancia. Passamos por safras dif\u00edceis, mudan\u00e7as econ\u00f4micas e transforma\u00e7\u00e3o profunda, mas o agro brasileiro nunca parou, pelo contr\u00e1rio, se reinventou\u201d, afirmou.<\/p>\n<p>Marchesan tamb\u00e9m destacou o porte do evento e o cen\u00e1rio de produ\u00e7\u00e3o. \u201cS\u00e3o mais de 900 expositores, com expectativa de grande movimenta\u00e7\u00e3o de neg\u00f3cios. O agro n\u00e3o pode ignorar custos de produ\u00e7\u00e3o e cen\u00e1rios de juros, mas projetamos uma safra hist\u00f3rica de 350 milh\u00f5es de toneladas de gr\u00e3os. O mundo espera que o Brasil aumente a oferta de alimentos em at\u00e9 40% at\u00e9 2050 para garantir a seguran\u00e7a alimentar global. Vale lembrar que vivemos na era da intelig\u00eancia artificial e da conectividade, que transformam dados em decis\u00e3o\u201d, completou.<\/p>\n<p>Presente na cerim\u00f4nia, o vice-presidente Geraldo Alckmin, destacou o impacto da tecnologia na evolu\u00e7\u00e3o do campo. \u201c\u00c9 uma das maiores feiras do mundo, voltada \u00e0 inova\u00e7\u00e3o, tecnologia e m\u00e1quinas. N\u00e3o h\u00e1 nenhuma gera\u00e7\u00e3o do mundo que passou da enxada para o drone, \u00e9 algo impressionante. Hoje tamb\u00e9m completamos 53 anos da Embrapa e, h\u00e1 50 anos, o Brasil era importador de alimentos; hoje somos os maiores exportadores do mundo\u201d, disse.<\/p>\n<ul class=\"wp-block-list\">\n<li><em>Veja em primeira m\u00e3o tudo sobre agricultura, pecu\u00e1ria, economia e previs\u00e3o do tempo:<\/em><a href=\"https:\/\/news.google.com\/publications\/CAAqBwgKMPKZlQswq_mqAw?hl=pt-BR&amp;gl=BR&amp;ceid=BR%3Apt-419\"><em>siga o Canal Rural no Google News!<\/em><\/a><\/li>\n<\/ul>\n<p>O deputado Arnaldo Jardim ressaltou o compromisso do agro brasileiro com a sustentabilidade e o reconhecimento internacional do setor. \u201cPassa-se a ideia de que o nosso agro enfrenta desafios, mas mostramos, atrav\u00e9s do que fazemos, que temos um agro com compromisso com a sustentabilidade. A nossa legisla\u00e7\u00e3o \u00e9 a mais rigorosa do mundo e, mesmo assim, o nosso produtor consegue ser produtivo e realizar o seu trabalho. Fomos \u00e0 COP30 e mostramos a presen\u00e7a do Brasil em um momento de crise\u201d, afirmou.<\/p>\n<p>A presidente da Embrapa, Silvia Massruh\u00e1, destacou os 53 anos da institui\u00e7\u00e3o e as a\u00e7\u00f5es apresentadas na feira. \u201cEstamos comemorando 53 anos da Embrapa. \u00c9 uma semana de celebra\u00e7\u00e3o, lan\u00e7amentos e a feira Brasil na Mesa, com mais de 150 produtos de biomas brasileiros da Embrapa em parceria com m\u00e9dios, pequenos e grandes produtores\u201d, disse.<\/p>\n<p>Ela tamb\u00e9m refor\u00e7ou o trabalho de avalia\u00e7\u00e3o das tecnologias desenvolvidas pela institui\u00e7\u00e3o. \u201cH\u00e1 25 anos a Embrapa faz o balan\u00e7o social das tecnologias que ela gera tamb\u00e9m. A conex\u00e3o entre ci\u00eancia, inova\u00e7\u00e3o e produ\u00e7\u00e3o de alimentos ganha protagonismo na feira\u201d, completou.<\/p>\n<p>O post <a href=\"https:\/\/www.canalrural.com.br\/agricultura\/a-agrishow-e-prova-de-resiliencia-passamos-por-safras-dificeis-mas-o-agro-brasileiro-nunca-parou-diz-presidente-da-feira\/\">&#8216;A Agrishow \u00e9 prova de resili\u00eancia. Passamos por safras dif\u00edceis, mas o agro brasileiro nunca parou&#8217;, diz presidente da feira<\/a> apareceu primeiro em <a href=\"https:\/\/www.canalrural.com.br\">Canal Rural<\/a>.<\/p>\n<p><br \/>\n<br \/><a href=\"https:\/\/www.canalrural.com.br\/agricultura\/a-agrishow-e-prova-de-resiliencia-passamos-por-safras-dificeis-mas-o-agro-brasileiro-nunca-parou-diz-presidente-da-feira\/\">Source link <\/a><\/p>\n","protected":false},"excerpt":{"rendered":"<p>Reprodu\u00e7\u00e3o Canal Rural A abertura da 31\u00aa edi\u00e7\u00e3o da Agrishow foi realizada neste domingo (26), em Ribeir\u00e3o Preto (SP), marcando<\/p>\n","protected":false},"author":1,"featured_media":30079,"comment_status":"open","ping_status":"open","sticky":false,"template":"","format":"standard","meta":{"_monsterinsights_skip_tracking":false,"_monsterinsights_sitenote_active":false,"_monsterinsights_sitenote_note":"","_monsterinsights_sitenote_category":0,"_uf_show_specific_survey":0,"_uf_disable_surveys":false,"footnotes":""},"categories":[1],"tags":[],"class_list":["post-30078","post","type-post","status-publish","format-standard","has-post-thumbnail","hentry","category-news"],"_links":{"self":[{"href":"https:\/\/agromt.news\/index.php?rest_route=\/wp\/v2\/posts\/30078"}],"collection":[{"href":"https:\/\/agromt.news\/index.php?rest_route=\/wp\/v2\/posts"}],"about":[{"href":"https:\/\/agromt.news\/index.php?rest_route=\/wp\/v2\/types\/post"}],"author":[{"embeddable":true,"href":"https:\/\/agromt.news\/index.php?rest_route=\/wp\/v2\/users\/1"}],"replies":[{"embeddable":true,"href":"https:\/\/agromt.news\/index.php?rest_route=%2Fwp%2Fv2%2Fcomments&post=30078"}],"version-history":[{"count":0,"href":"https:\/\/agromt.news\/index.php?rest_route=\/wp\/v2\/posts\/30078\/revisions"}],"wp:featuredmedia":[{"embeddable":true,"href":"https:\/\/agromt.news\/index.php?rest_route=\/wp\/v2\/media\/30079"}],"wp:attachment":[{"href":"https:\/\/agromt.news\/index.php?rest_route=%2Fwp%2Fv2%2Fmedia&parent=30078"}],"wp:term":[{"taxonomy":"category","embeddable":true,"href":"https:\/\/agromt.news\/index.php?rest_route=%2Fwp%2Fv2%2Fcategories&post=30078"},{"taxonomy":"post_tag","embeddable":true,"href":"https:\/\/agromt.news\/index.php?rest_route=%2Fwp%2Fv2%2Ftags&post=30078"}],"curies":[{"name":"wp","href":"https:\/\/api.w.org\/{rel}","templated":true}]}}