{"id":30077,"date":"2026-04-26T14:12:34","date_gmt":"2026-04-26T18:12:34","guid":{"rendered":"https:\/\/agromt.news\/?p=30077"},"modified":"2026-04-26T14:12:34","modified_gmt":"2026-04-26T18:12:34","slug":"producao-de-alimentos-em-risco-confira-no-radar-rural-desta-semana","status":"publish","type":"post","link":"https:\/\/agromt.news\/?p=30077","title":{"rendered":"Produ\u00e7\u00e3o de alimentos em risco? Confira no Radar Rural desta semana"},"content":{"rendered":"<p> <br \/>\n<\/p>\n<div>\n<figure><img decoding=\"async\" src=\"https:\/\/agromt.news\/wp-content\/uploads\/2025\/10\/Dia-Mundial-da-Alimentacao-reforca-papel-do-agro-na-seguranca.jpg\" alt=\"Dia Mundial da Alimenta\u00e7\u00e3o, alimentos, seguran\u00e7a alimentar\" \/><figcaption>Foto: Freepik<\/figcaption><\/figure>\n<\/div>\n<p>O agroneg\u00f3cio brasileiro enfrenta uma combina\u00e7\u00e3o de desafios que v\u00e3o da transi\u00e7\u00e3o energ\u00e9tica \u00e0s condi\u00e7\u00f5es clim\u00e1ticas e ao cen\u00e1rio geopol\u00edtico, com efeitos diretos na produ\u00e7\u00e3o de alimentos. Os temas foram discutidos no novo epis\u00f3dio do <a href=\"https:\/\/www.canalrural.com.br\/tag\/radar-rural\/\">Radar Rural<\/a>, que j\u00e1 est\u00e1 dispon\u00edvel.<\/p>\n<p>Confira aqui:<\/p>\n<figure class=\"wp-block-embed is-type-rich is-provider-incorporar-manipulador wp-block-embed-incorporar-manipulador wp-embed-aspect-16-9 wp-has-aspect-ratio\">\n<div class=\"wp-block-embed__wrapper\">\n<\/div>\n<\/figure>\n<p>O Radar Rural \u00e9 publicado no <a href=\"https:\/\/www.youtube.com\/playlist?list=PL8fRHJSOpctign47_sLSB7qwbwH67MJFQ\">Youtube do Canal Rural<\/a> \u00e0s sextas-feiras, a partir das 15h. Na grade de TV, \u00e9 exibido aos s\u00e1bados, \u00e0s 09h15, com reprise \u00e0s segundas-feiras, \u00e0s 11h30<\/p>\n<h3 class=\"wp-block-heading\">Biocombust\u00edveis: potencial e entraves<\/h3>\n<p>O Brasil tem espa\u00e7o para ampliar a produ\u00e7\u00e3o de biocombust\u00edveis, com destaque para o biodiesel \u00e0 base de soja. Apesar do avan\u00e7o da produ\u00e7\u00e3o de gr\u00e3os, apenas uma parcela ainda limitada \u00e9 destinada ao setor energ\u00e9tico.<\/p>\n<ul class=\"wp-block-list\">\n<li><em>Veja em primeira m\u00e3o tudo sobre agricultura, pecu\u00e1ria, economia e previs\u00e3o do tempo: <\/em><a href=\"https:\/\/news.google.com\/publications\/CAAqBwgKMPKZlQswq_mqAw?hl=pt-BR&amp;gl=BR&amp;ceid=BR%3Apt-419\"><em>siga o Canal Rural no Google News!<\/em><\/a><\/li>\n<\/ul>\n<p>A avalia\u00e7\u00e3o de representantes da ind\u00fastria indica que o pa\u00eds tem capacidade para elevar a mistura de biodiesel ao diesel, mas enfrenta entraves ligados \u00e0 execu\u00e7\u00e3o de pol\u00edticas p\u00fablicas. A falta de infraestrutura e de a\u00e7\u00f5es pr\u00e1ticas para implementar a lei dos combust\u00edveis do futuro \u00e9 apontada como um dos principais gargalos.<\/p>\n<p>Al\u00e9m da agenda ambiental, o avan\u00e7o dos biocombust\u00edveis tamb\u00e9m \u00e9 visto como estrat\u00e9gico para reduzir a depend\u00eancia externa de diesel.<\/p>\n<h3 class=\"wp-block-heading\">Calor extremo amea\u00e7a produ\u00e7\u00e3o<\/h3>\n<p>Um novo relat\u00f3rio internacional acende alerta para os efeitos das altas temperaturas no campo. O estudo aponta que o estresse t\u00e9rmico j\u00e1 provoca perdas relevantes na produ\u00e7\u00e3o agr\u00edcola e impactos na pecu\u00e1ria.<\/p>\n<p>Entre os principais efeitos est\u00e3o queda de produtividade em culturas como soja e milho, problemas no desenvolvimento de lavouras e redu\u00e7\u00e3o no desempenho dos rebanhos. O calor prolongado tamb\u00e9m eleva custos, especialmente com energia e manejo.<\/p>\n<p>O documento ainda destaca medidas de adapta\u00e7\u00e3o, como integra\u00e7\u00e3o de sistemas produtivos, manejo de solo, uso de irriga\u00e7\u00e3o e desenvolvimento de cultivares mais resistentes.<\/p>\n<h3 class=\"wp-block-heading\">Guerra pressiona fertilizantes<\/h3>\n<p>No mercado internacional, a escalada de tens\u00f5es no Oriente M\u00e9dio adiciona incertezas ao custo dos fertilizantes. Relat\u00f3rios de consultorias indicam press\u00e3o sobre pre\u00e7os, com destaque para os nitrogenados.<\/p>\n<p>O cen\u00e1rio afeta diretamente o planejamento do produtor, especialmente diante da perda de janelas mais favor\u00e1veis de compra. Com isso, os custos de produ\u00e7\u00e3o tendem a subir, com reflexos na infla\u00e7\u00e3o dos alimentos.<\/p>\n<p>O post <a href=\"https:\/\/www.canalrural.com.br\/agricultura\/producao-de-alimentos-em-risco-confira-no-radar-rural-desta-semana\/\">Produ\u00e7\u00e3o de alimentos em risco? Confira no Radar Rural desta semana<\/a> apareceu primeiro em <a href=\"https:\/\/www.canalrural.com.br\">Canal Rural<\/a>.<\/p>\n<p><br \/>\n<br \/><a href=\"https:\/\/www.canalrural.com.br\/agricultura\/producao-de-alimentos-em-risco-confira-no-radar-rural-desta-semana\/\">Source link <\/a><\/p>\n","protected":false},"excerpt":{"rendered":"<p>Foto: Freepik O agroneg\u00f3cio brasileiro enfrenta uma combina\u00e7\u00e3o de desafios que v\u00e3o da transi\u00e7\u00e3o energ\u00e9tica \u00e0s condi\u00e7\u00f5es clim\u00e1ticas e ao<\/p>\n","protected":false},"author":1,"featured_media":27474,"comment_status":"open","ping_status":"open","sticky":false,"template":"","format":"standard","meta":{"_monsterinsights_skip_tracking":false,"_monsterinsights_sitenote_active":false,"_monsterinsights_sitenote_note":"","_monsterinsights_sitenote_category":0,"_uf_show_specific_survey":0,"_uf_disable_surveys":false,"footnotes":""},"categories":[1],"tags":[],"class_list":["post-30077","post","type-post","status-publish","format-standard","has-post-thumbnail","hentry","category-news"],"_links":{"self":[{"href":"https:\/\/agromt.news\/index.php?rest_route=\/wp\/v2\/posts\/30077"}],"collection":[{"href":"https:\/\/agromt.news\/index.php?rest_route=\/wp\/v2\/posts"}],"about":[{"href":"https:\/\/agromt.news\/index.php?rest_route=\/wp\/v2\/types\/post"}],"author":[{"embeddable":true,"href":"https:\/\/agromt.news\/index.php?rest_route=\/wp\/v2\/users\/1"}],"replies":[{"embeddable":true,"href":"https:\/\/agromt.news\/index.php?rest_route=%2Fwp%2Fv2%2Fcomments&post=30077"}],"version-history":[{"count":0,"href":"https:\/\/agromt.news\/index.php?rest_route=\/wp\/v2\/posts\/30077\/revisions"}],"wp:featuredmedia":[{"embeddable":true,"href":"https:\/\/agromt.news\/index.php?rest_route=\/wp\/v2\/media\/27474"}],"wp:attachment":[{"href":"https:\/\/agromt.news\/index.php?rest_route=%2Fwp%2Fv2%2Fmedia&parent=30077"}],"wp:term":[{"taxonomy":"category","embeddable":true,"href":"https:\/\/agromt.news\/index.php?rest_route=%2Fwp%2Fv2%2Fcategories&post=30077"},{"taxonomy":"post_tag","embeddable":true,"href":"https:\/\/agromt.news\/index.php?rest_route=%2Fwp%2Fv2%2Ftags&post=30077"}],"curies":[{"name":"wp","href":"https:\/\/api.w.org\/{rel}","templated":true}]}}