{"id":30072,"date":"2026-04-26T12:33:40","date_gmt":"2026-04-26T16:33:40","guid":{"rendered":"https:\/\/agromt.news\/?p=30072"},"modified":"2026-04-26T12:33:40","modified_gmt":"2026-04-26T16:33:40","slug":"petrobras-deixa-de-atender-10-do-pedido-de-diesel-de-distribuidoras-para","status":"publish","type":"post","link":"https:\/\/agromt.news\/?p=30072","title":{"rendered":"Petrobras deixa de atender 10% do pedido de diesel de distribuidoras para&#8230;"},"content":{"rendered":"<p> <br \/>\n<\/p>\n<div>\n<p><img decoding=\"async\" alt=\"Logotipo Reuters\" height=\"22\" src=\"https:\/\/cdn.noticiasagricolas.com.br\/dbimagens\/0f687b0f35da9d220b6477534ce7c667.gif\" width=\"71\"\/><\/p>\n<p><img decoding=\"async\" alt=\"\" src=\"https:\/\/rmb.reuters.com\/rmd\/rss\/content\/tag:reuters.com,2026:newsml_LYNXMPEM3G1AN:1\/tag:reuters.com,2026:binary_LYNXMPEM3G1AN-VIEWIMAGE\"\/><\/p>\n<p>Por Marta Nogueira<\/p>\n<p>RIO DE JANEIRO, 17 Abr (Reuters) &#8211; A Petrobras voltou a n\u00e3o atender os pedidos totais de diesel de grandes distribuidoras, dessa vez para entregas previstas para maio, enquanto a petroleira busca evitar importar o combust\u00edvel em meio a altos pre\u00e7os do mercado internacional, afirmaram duas fontes com conhecimento do assunto.<\/p>\n<p>A negativa gira em torno de 10% do volume demandado pelas distribuidoras, disseram duas fontes de empresas diferentes, sob condi\u00e7\u00e3o de anonimato.<\/p>\n<p>Os pedidos das distribuidoras s\u00e3o baseados em neg\u00f3cios feitos pelas empresas junto \u00e0 Petrobras nos \u00faltimos tr\u00eas meses, e ajustados ao longo do per\u00edodo seguinte. Em abril, a estatal havia negado 20% de uma cota das empresas, segundo fontes do mercado disseram anteriormente.<\/p>\n<p>Procurada, a Petrobras n\u00e3o comentou o assunto imediatamente. Mas duas pessoas da empresa com conhecimento da situa\u00e7\u00e3o afirmaram que as grandes distribuidoras estariam pedindo volumes acima da demanda, buscando ganhar mercado de companhias menores.<\/p>\n<p>O setor brasileiro de diesel, o combust\u00edvel mais negociado do pa\u00eds, vem enfrentando tens\u00e3o desde o in\u00edcio da guerra, j\u00e1 que o Brasil importa cerca de 25% de sua demanda, com a Petrobras, maior produtor local, respondendo tamb\u00e9m por parte das importa\u00e7\u00f5es. Com o objetivo de limitar a alta dos pre\u00e7os gerada pelo conflito no Golfo P\u00e9rsico, o governo lan\u00e7ou um programa de subs\u00eddio, entre outras medidas.<\/p>\n<p>Uma fonte ponderou que as distribuidoras est\u00e3o acostumadas com os chamados &#8220;cortes&#8221; na cota, porque o contrato da Petrobras permite certa flexibilidade.<\/p>\n<p>&#8220;Mas n\u00e3o eram cortes assim t\u00e3o fortes, \u00e0s vezes de 5%, por a\u00ed&#8230;&#8221;, afirmou.<\/p>\n<p>Em mar\u00e7o, para entrega em abril, os cortes chegaram a mais de 20%, segundo fontes, e levaram as maiores distribuidoras a dobrar\u00a0importa\u00e7\u00f5es para atender seus contratos.<\/p>\n<p>A petroleira tamb\u00e9m planeja ofertar volumes menores em maio em rela\u00e7\u00e3o a abril, disse uma fonte.<\/p>\n<p>&#8220;Como ela n\u00e3o est\u00e1 importando, ent\u00e3o ela est\u00e1 com mais dificuldade de produto, por isso que ela est\u00e1 tendo que cortar alguns pedidos&#8221;, disse a segunda pessoa.<\/p>\n<p>Sobre as compras externas, a Petrobras reiterou por email, no in\u00edcio da semana, que n\u00e3o far\u00e1 importa\u00e7\u00f5es em abril e maio.<\/p>\n<p>Na ocasi\u00e3o, a empresa afirmou ainda que postergou uma parada programada em uma unidade de produ\u00e7\u00e3o de diesel da refinaria Repar, no Paran\u00e1, o que impactou positivamente o balan\u00e7o do produto no sistema da companhia, &#8220;reduzindo a necessidade de importa\u00e7\u00f5es diante dos compromissos previstos para abril e maio de 2026&#8221;.<\/p>\n<p>DEMANDA MAIOR<\/p>\n<p>A oferta mais restrita ocorre enquanto ministros do governo t\u00eam acusado distribuidoras e outros agentes da cadeia de combust\u00edveis de elevar os pre\u00e7os ao consumidor, por oportunismo.\u00a0<\/p>\n<p>Duas fontes da Petrobras afirmaram que a companhia tem atendido os volumes m\u00e9dios dos \u00faltimos tr\u00eas meses. Uma delas afirmou que o mercado demandou &#8220;muito mais do que \u00e9 capaz de absorver&#8221;.<\/p>\n<p>A pessoa disse ainda, na condi\u00e7\u00e3o de anonimato, que as grandes distribuidoras querem ganhar com mais volumes de vendas.<\/p>\n<p>&#8220;O mercado das grandes cresceu porque as pequenas n\u00e3o t\u00eam capital&#8221;, afirmou.<\/p>\n<p>(Reportagem de Marta Nogueira e Rodrigo Viga Gaier; edi\u00e7\u00e3o de Roberto Samora)<\/p>\n<\/p><\/div>\n<p><script async defer src=\"https:\/\/connect.facebook.net\/en_US\/sdk.js\"><\/script><script>\n  !function(f,b,e,v,n,t,s)\n  {if(f.fbq)return;n=f.fbq=function(){n.callMethod?\n    n.callMethod.apply(n,arguments):n.queue.push(arguments)};\n    if(!f._fbq)f._fbq=n;n.push=n;n.loaded=!0;n.version='2.0';\n    n.queue=[];t=b.createElement(e);t.async=!0;\n    t.src=v;s=b.getElementsByTagName(e)[0];\n    s.parentNode.insertBefore(t,s)}(window, document,'script',\n    'https:\/\/connect.facebook.net\/en_US\/fbevents.js');\n  fbq('init', '153495679422335');\n  fbq('track', 'PageView');\n<\/script><br \/>\n<br \/><br \/>\n<br \/><a href=\"https:\/\/www.noticiasagricolas.com.br\/noticias\/politica-economia\/419281-petrobras-deixa-de-atender-10-do-pedido-de-diesel-de-distribuidoras-para-maio-dizem-fontes.html\">Source link <\/a><\/p>\n","protected":false},"excerpt":{"rendered":"<p>Por Marta Nogueira RIO DE JANEIRO, 17 Abr (Reuters) &#8211; A Petrobras voltou a n\u00e3o atender os pedidos totais de<\/p>\n","protected":false},"author":1,"featured_media":30073,"comment_status":"open","ping_status":"open","sticky":false,"template":"","format":"standard","meta":{"_monsterinsights_skip_tracking":false,"_monsterinsights_sitenote_active":false,"_monsterinsights_sitenote_note":"","_monsterinsights_sitenote_category":0,"_uf_show_specific_survey":0,"_uf_disable_surveys":false,"footnotes":""},"categories":[8,1,14,16],"tags":[],"class_list":["post-30072","post","type-post","status-publish","format-standard","has-post-thumbnail","hentry","category-agro","category-news","category-politica-agro","category-safra"],"_links":{"self":[{"href":"https:\/\/agromt.news\/index.php?rest_route=\/wp\/v2\/posts\/30072"}],"collection":[{"href":"https:\/\/agromt.news\/index.php?rest_route=\/wp\/v2\/posts"}],"about":[{"href":"https:\/\/agromt.news\/index.php?rest_route=\/wp\/v2\/types\/post"}],"author":[{"embeddable":true,"href":"https:\/\/agromt.news\/index.php?rest_route=\/wp\/v2\/users\/1"}],"replies":[{"embeddable":true,"href":"https:\/\/agromt.news\/index.php?rest_route=%2Fwp%2Fv2%2Fcomments&post=30072"}],"version-history":[{"count":0,"href":"https:\/\/agromt.news\/index.php?rest_route=\/wp\/v2\/posts\/30072\/revisions"}],"wp:featuredmedia":[{"embeddable":true,"href":"https:\/\/agromt.news\/index.php?rest_route=\/wp\/v2\/media\/30073"}],"wp:attachment":[{"href":"https:\/\/agromt.news\/index.php?rest_route=%2Fwp%2Fv2%2Fmedia&parent=30072"}],"wp:term":[{"taxonomy":"category","embeddable":true,"href":"https:\/\/agromt.news\/index.php?rest_route=%2Fwp%2Fv2%2Fcategories&post=30072"},{"taxonomy":"post_tag","embeddable":true,"href":"https:\/\/agromt.news\/index.php?rest_route=%2Fwp%2Fv2%2Ftags&post=30072"}],"curies":[{"name":"wp","href":"https:\/\/api.w.org\/{rel}","templated":true}]}}