{"id":30069,"date":"2026-04-26T11:36:21","date_gmt":"2026-04-26T15:36:21","guid":{"rendered":"https:\/\/agromt.news\/?p=30069"},"modified":"2026-04-26T11:36:21","modified_gmt":"2026-04-26T15:36:21","slug":"frente-fria-chega-ao-brasil-nesta-semana-e-muda-o-cenario-com-chuvas-e-queda-de-temperatura-saiba-onde","status":"publish","type":"post","link":"https:\/\/agromt.news\/?p=30069","title":{"rendered":"Frente fria chega ao Brasil nesta semana e muda o cen\u00e1rio com chuvas e queda de temperatura; saiba onde"},"content":{"rendered":"<p> <br \/>\n<\/p>\n<div>\n<figure><img decoding=\"async\" src=\"https:\/\/agromt.news\/wp-content\/uploads\/2024\/09\/frente-fria-estrada-nebulosidade-tempo-carregado-nuvens.jpg\" alt=\"tempo - nuvens carregadas - inmet frente fria - chuva\" \/><figcaption>Foto: Inmet\/Reprodu\u00e7\u00e3o<\/figcaption><\/figure>\n<\/div>\n<p>A semana come\u00e7a com uma mudan\u00e7a significativa no padr\u00e3o de tempo em grande parte do Brasil. A chegada de uma <a href=\"https:\/\/www.canalrural.com.br\/?s=frente+fria\">frente fria<\/a>, associada ao avan\u00e7o de uma massa de ar polar, reorganiza as \u00e1reas de chuva e provoca queda acentuada nas temperaturas em v\u00e1rias regi\u00f5es. <\/p>\n<p>Segundo o meteorologista do <a href=\"https:\/\/www.canalrural.com.br\/\">Canal Rural<\/a>, Arthur M\u00fcller, enquanto alguns estados enfrentam instabilidades, com pancadas fortes e risco de temporais, outras \u00e1reas seguem sob calor intenso e tempo mais seco, refor\u00e7ando o contraste clim\u00e1tico no pa\u00eds.<\/p>\n<ul class=\"wp-block-list\">\n<li><em>Veja em primeira m\u00e3o tudo sobre agricultura, pecu\u00e1ria, economia e previs\u00e3o do tempo:<\/em><a href=\"https:\/\/news.google.com\/publications\/CAAqBwgKMPKZlQswq_mqAw?hl=pt-BR&amp;gl=BR&amp;ceid=BR%3Apt-419\"><em>siga o Canal Rural no Google News!<\/em><\/a><\/li>\n<\/ul>\n<p>Confira a previs\u00e3o por regi\u00e3o do Brasil:<\/p>\n<h2 class=\"wp-block-heading\" id=\"h-o-tempo-no-sul\">O tempo no Sul<\/h2>\n<p>Com o afastamento da frente fria para o Sudeste e do ciclone extratropical para o oceano, o tempo melhora no Rio Grande do Sul e em Santa Catarina, com sol predominando e apenas chance de chuva fraca no litoral. No Paran\u00e1, o avan\u00e7o da frente fria mant\u00e9m instabilidade desde cedo, com chuva moderada a forte em v\u00e1rias \u00e1reas, principalmente no noroeste e metade norte ao longo do dia.<\/p>\n<p>Na retaguarda do sistema, uma massa de ar polar provoca queda acentuada das temperaturas no Rio Grande do Sul e no sul de Santa Catarina, com sensa\u00e7\u00e3o de frio intenso e rajadas de vento. H\u00e1 risco de geada na ter\u00e7a-feira em \u00e1reas de baixada do RS, com m\u00ednimas abaixo dos 4\u00b0C. O frio deve persistir durante a semana, com m\u00ednimas abaixo de 10\u00b0C.<\/p>\n<p>Os volumes de chuva variam entre 60 e 100 mm no Paran\u00e1, com impacto nas opera\u00e7\u00f5es agr\u00edcolas. Em Santa Catarina, ficam entre 15 e 20 mm, sem grandes preju\u00edzos. No Rio Grande do Sul, uma nova frente fria volta a trazer chuva a partir de sexta-feira, com cerca de 30 mm.<\/p>\n<h2 class=\"wp-block-heading\" id=\"h-frente-fria-no-sudeste\">Frente fria no Sudeste<\/h2>\n<p>A aproxima\u00e7\u00e3o da frente fria e o aumento da umidade favorecem instabilidades em S\u00e3o Paulo ao longo do dia, com chuva em diversas regi\u00f5es do estado. As pancadas podem ganhar for\u00e7a e vir acompanhadas de trovoadas no sul, oeste, interior, litoral e Grande S\u00e3o Paulo, al\u00e9m do extremo sul de Minas Gerais e do Rio de Janeiro.<\/p>\n<p>H\u00e1 risco de temporais isolados em alguns momentos. \u00c0 noite, a chuva ainda persiste em pontos dessas \u00e1reas, enquanto outras seguem com tempo mais firme. As temperaturas continuam elevadas, mas recuam levemente onde h\u00e1 maior nebulosidade e chuva.<\/p>\n<p>A semana segue quente e seca em Minas Gerais, Esp\u00edrito Santo, Rio de Janeiro e no centro-norte paulista. J\u00e1 no centro-sul de S\u00e3o Paulo, os volumes variam entre 20 e 40 mm, ajudando a aliviar o estresse h\u00eddrico nas lavouras.<\/p>\n<h2 class=\"wp-block-heading\" id=\"h-regiao-centro-oeste\">Regi\u00e3o Centro-Oeste<\/h2>\n<p>A frente fria combinada ao fluxo de umidade favorece pancadas no sul e sudoeste de Mato Grosso do Sul desde cedo, com chuva moderada a forte e trovoadas. No sul de Mato Grosso e \u00e1reas do interior, instabilidades ocorrem pela manh\u00e3, enquanto o restante da regi\u00e3o come\u00e7a com tempo mais firme.<\/p>\n<p>Ao longo do dia, as chuvas avan\u00e7am por Mato Grosso do Sul e atingem \u00e1reas de Mato Grosso, com risco de temporais principalmente no sudoeste sul-mato-grossense. Goi\u00e1s segue com predom\u00ednio de tempo firme e calor.<\/p>\n<p>Os volumes variam entre 20 e 40 mm em MT e MS, favorecendo o milho safrinha. No sul de Mato Grosso do Sul, na faixa de fronteira com o Paraguai, os acumulados podem superar 100 mm, com risco de impacto nas atividades em campo.<\/p>\n<h2 class=\"wp-block-heading\" id=\"h-nordeste\">Nordeste<\/h2>\n<p>A circula\u00e7\u00e3o mar\u00edtima mant\u00e9m chuva fraca no litoral da Bahia, Sergipe e Alagoas, enquanto entre Rio Grande do Norte e Pernambuco as precipita\u00e7\u00f5es s\u00e3o mais regulares e moderadas. A ZCIT refor\u00e7a instabilidades no litoral norte, com chuvas mais intensas no Maranh\u00e3o, norte do Piau\u00ed e Cear\u00e1.<\/p>\n<p>No interior da Bahia e em \u00e1reas da Para\u00edba, as chuvas s\u00e3o mais isoladas, enquanto o interior segue com tempo firme e calor. Os volumes semanais ficam entre 50 e 60 mm no litoral e faixa norte, com risco de transtornos pontuais. O interior segue quente, com m\u00e1ximas pr\u00f3ximas dos 35\u00b0C.<\/p>\n<h2 class=\"wp-block-heading\" id=\"h-chuvas-no-norte\">Chuvas no Norte<\/h2>\n<p>A umidade e a atua\u00e7\u00e3o da Zona de Converg\u00eancia Intertropical (ZCIT) mant\u00eam chuvas frequentes em grande parte da regi\u00e3o, com pancadas moderadas a fortes e risco de temporais. No Tocantins, as chuvas se concentram mais ao norte, enquanto o restante do estado tem tempo mais est\u00e1vel.<\/p>\n<p>Os acumulados ficam entre 40 e 60 mm na semana, favorecendo pastagens e mantendo boa umidade do solo. O calor segue mais intenso no Tocantins e no centro-sul do Par\u00e1, onde as temperaturas podem chegar a 35\u00b0C e a chuva \u00e9 mais irregular.<\/p>\n<\/p>\n<p>O post <a href=\"https:\/\/www.canalrural.com.br\/previsao-do-tempo\/frente-fria-chega-ao-brasil-nesta-semana-e-muda-o-cenario-com-chuvas-e-queda-de-temperatura-saiba-onde\/\">Frente fria chega ao Brasil nesta semana e muda o cen\u00e1rio com chuvas e queda de temperatura; saiba onde<\/a> apareceu primeiro em <a href=\"https:\/\/www.canalrural.com.br\">Canal Rural<\/a>.<\/p>\n<p><br \/>\n<br \/><a href=\"https:\/\/www.canalrural.com.br\/previsao-do-tempo\/frente-fria-chega-ao-brasil-nesta-semana-e-muda-o-cenario-com-chuvas-e-queda-de-temperatura-saiba-onde\/\">Source link <\/a><\/p>\n","protected":false},"excerpt":{"rendered":"<p>Foto: Inmet\/Reprodu\u00e7\u00e3o A semana come\u00e7a com uma mudan\u00e7a significativa no padr\u00e3o de tempo em grande parte do Brasil. A chegada<\/p>\n","protected":false},"author":1,"featured_media":25956,"comment_status":"open","ping_status":"open","sticky":false,"template":"","format":"standard","meta":{"_monsterinsights_skip_tracking":false,"_monsterinsights_sitenote_active":false,"_monsterinsights_sitenote_note":"","_monsterinsights_sitenote_category":0,"_uf_show_specific_survey":0,"_uf_disable_surveys":false,"footnotes":""},"categories":[1],"tags":[],"class_list":["post-30069","post","type-post","status-publish","format-standard","has-post-thumbnail","hentry","category-news"],"_links":{"self":[{"href":"https:\/\/agromt.news\/index.php?rest_route=\/wp\/v2\/posts\/30069"}],"collection":[{"href":"https:\/\/agromt.news\/index.php?rest_route=\/wp\/v2\/posts"}],"about":[{"href":"https:\/\/agromt.news\/index.php?rest_route=\/wp\/v2\/types\/post"}],"author":[{"embeddable":true,"href":"https:\/\/agromt.news\/index.php?rest_route=\/wp\/v2\/users\/1"}],"replies":[{"embeddable":true,"href":"https:\/\/agromt.news\/index.php?rest_route=%2Fwp%2Fv2%2Fcomments&post=30069"}],"version-history":[{"count":0,"href":"https:\/\/agromt.news\/index.php?rest_route=\/wp\/v2\/posts\/30069\/revisions"}],"wp:featuredmedia":[{"embeddable":true,"href":"https:\/\/agromt.news\/index.php?rest_route=\/wp\/v2\/media\/25956"}],"wp:attachment":[{"href":"https:\/\/agromt.news\/index.php?rest_route=%2Fwp%2Fv2%2Fmedia&parent=30069"}],"wp:term":[{"taxonomy":"category","embeddable":true,"href":"https:\/\/agromt.news\/index.php?rest_route=%2Fwp%2Fv2%2Fcategories&post=30069"},{"taxonomy":"post_tag","embeddable":true,"href":"https:\/\/agromt.news\/index.php?rest_route=%2Fwp%2Fv2%2Ftags&post=30069"}],"curies":[{"name":"wp","href":"https:\/\/api.w.org\/{rel}","templated":true}]}}