{"id":30059,"date":"2026-04-26T08:43:32","date_gmt":"2026-04-26T12:43:32","guid":{"rendered":"https:\/\/agromt.news\/?p=30059"},"modified":"2026-04-26T08:43:32","modified_gmt":"2026-04-26T12:43:32","slug":"desigualdade-oscila-mas-estrutura-resiste","status":"publish","type":"post","link":"https:\/\/agromt.news\/?p=30059","title":{"rendered":"Desigualdade oscila, mas estrutura resiste"},"content":{"rendered":"<p> <br \/>\n<\/p>\n<div>\n<p>A distribui\u00e7\u00e3o da renda no Brasil manteve uma estrutura concentrada ao longo de mais de duas d\u00e9cadas, com varia\u00e7\u00f5es pontuais, mas sem altera\u00e7\u00e3o relevante na base do quadro. Os dados\u00a0atribu\u00eddos \u00e0 World Inequality Database, foram analisados por Reginaldo Nogueira, diretor executivo do Ibmec, que avalia que a perman\u00eancia desse padr\u00e3o aponta para limites mais profundos da economia brasileira.&#13;\n<\/p>\n<p>Entre 2000 e 2024, o 1% mais rico concentrou, em geral, algo pr\u00f3ximo de 25% a 30% da renda nacional. Em alguns anos, a participa\u00e7\u00e3o desse grupo avan\u00e7ou, como em 2012, quando chegou a 32,7%, e recuou em outros momentos, como em 2018, quando ficou em 24,7%. Ainda assim, o patamar permaneceu elevado em todo o per\u00edodo analisado.<span style=\"display:none\">\u00a0<\/span><\/p>\n<p>Na outra ponta, os 50% mais pobres seguiram com menos de 10% da renda na maior parte da s\u00e9rie. O indicador ficou em 9,1% no in\u00edcio dos anos 2000, chegou a superar ligeiramente os 10% em alguns momentos entre 2007 e 2015, mas voltou a n\u00edveis pr\u00f3ximos de 9% nos anos mais recentes. Em 2024, essa fatia representava 9,3% da renda.<span style=\"display:none\">\u00a0<\/span>&#13;\n<\/p>\n<p>Para Nogueira, os n\u00fameros sugerem que a desigualdade n\u00e3o pode ser explicada apenas por falta de vontade pol\u00edtica ou por a\u00e7\u00f5es de curto prazo. A avalia\u00e7\u00e3o \u00e9 que o problema est\u00e1 ligado a pilares estruturais da economia, como educa\u00e7\u00e3o fraca, cr\u00e9dito caro, baixa produtividade e informalidade. Esses fatores limitam o avan\u00e7o da renda, reduzem a mobilidade econ\u00f4mica e restringem o crescimento dos sal\u00e1rios.<span style=\"display:none\">\u00a0<\/span><\/p>\n<p>O an\u00e1lise tamb\u00e9m indica que a ado\u00e7\u00e3o de pol\u00edticas p\u00fablicas ao longo do per\u00edodo n\u00e3o foi suficiente para alterar de forma consistente a distribui\u00e7\u00e3o da renda. Na leitura do diretor executivo do Ibmec, houve gasto crescente e diferentes iniciativas, mas faltaram foco e capacidade real de transforma\u00e7\u00e3o. Sem mudan\u00e7as nesses fundamentos, a desigualdade tende menos a se reduzir de forma permanente e mais a oscilar dentro de uma mesma estrutura.&#13;\n<\/p>\n<p><span style=\"display:none\">\u00a0<\/span>\u00a0<\/p>\n<\/p><\/div>\n<p><script data-cfasync=\"false\">\n    !function (f, b, e, v, n, t, s) {\n        if (f.fbq) return; n = f.fbq = function () {\n            n.callMethod ?\n                n.callMethod.apply(n, arguments) : n.queue.push(arguments)\n        };\n        if (!f._fbq) f._fbq = n; n.push = n; n.loaded = !0; n.version = '2.0';\n        n.queue = []; t = b.createElement(e); t.async = !0;\n        t.src = v; s = b.getElementsByTagName(e)[0];\n        s.parentNode.insertBefore(t, s)\n    }(window, document, 'script',\n        'https:\/\/connect.facebook.net\/en_US\/fbevents.js');\n    fbq('init', '522546078623747');\n    fbq('track', 'PageView');\n<\/script><br \/>\n<br \/><br \/>\n<br \/><a href=\"https:\/\/www.agrolink.com.br\/noticias\/desigualdade-oscila--mas-estrutura-resiste_513505.html\">Source link <\/a><\/p>\n","protected":false},"excerpt":{"rendered":"<p>A distribui\u00e7\u00e3o da renda no Brasil manteve uma estrutura concentrada ao longo de mais de duas d\u00e9cadas, com varia\u00e7\u00f5es pontuais,<\/p>\n","protected":false},"author":1,"featured_media":3218,"comment_status":"open","ping_status":"open","sticky":false,"template":"","format":"standard","meta":{"_monsterinsights_skip_tracking":false,"_monsterinsights_sitenote_active":false,"_monsterinsights_sitenote_note":"","_monsterinsights_sitenote_category":0,"_uf_show_specific_survey":0,"_uf_disable_surveys":false,"footnotes":""},"categories":[8,1,14],"tags":[],"class_list":["post-30059","post","type-post","status-publish","format-standard","has-post-thumbnail","hentry","category-agro","category-news","category-politica-agro"],"_links":{"self":[{"href":"https:\/\/agromt.news\/index.php?rest_route=\/wp\/v2\/posts\/30059"}],"collection":[{"href":"https:\/\/agromt.news\/index.php?rest_route=\/wp\/v2\/posts"}],"about":[{"href":"https:\/\/agromt.news\/index.php?rest_route=\/wp\/v2\/types\/post"}],"author":[{"embeddable":true,"href":"https:\/\/agromt.news\/index.php?rest_route=\/wp\/v2\/users\/1"}],"replies":[{"embeddable":true,"href":"https:\/\/agromt.news\/index.php?rest_route=%2Fwp%2Fv2%2Fcomments&post=30059"}],"version-history":[{"count":0,"href":"https:\/\/agromt.news\/index.php?rest_route=\/wp\/v2\/posts\/30059\/revisions"}],"wp:featuredmedia":[{"embeddable":true,"href":"https:\/\/agromt.news\/index.php?rest_route=\/wp\/v2\/media\/3218"}],"wp:attachment":[{"href":"https:\/\/agromt.news\/index.php?rest_route=%2Fwp%2Fv2%2Fmedia&parent=30059"}],"wp:term":[{"taxonomy":"category","embeddable":true,"href":"https:\/\/agromt.news\/index.php?rest_route=%2Fwp%2Fv2%2Fcategories&post=30059"},{"taxonomy":"post_tag","embeddable":true,"href":"https:\/\/agromt.news\/index.php?rest_route=%2Fwp%2Fv2%2Ftags&post=30059"}],"curies":[{"name":"wp","href":"https:\/\/api.w.org\/{rel}","templated":true}]}}