{"id":30056,"date":"2026-04-26T06:47:30","date_gmt":"2026-04-26T10:47:30","guid":{"rendered":"https:\/\/agromt.news\/?p=30056"},"modified":"2026-04-26T06:47:30","modified_gmt":"2026-04-26T10:47:30","slug":"acucar-sobe-mas-mercado-ve-recuperacao-limitada","status":"publish","type":"post","link":"https:\/\/agromt.news\/?p=30056","title":{"rendered":"A\u00e7\u00facar sobe, mas mercado v\u00ea recupera\u00e7\u00e3o limitada"},"content":{"rendered":"<p> <br \/>\n<\/p>\n<div>\n<p>O mercado internacional de a\u00e7\u00facar teve uma rea\u00e7\u00e3o moderada em Nova York, mas ainda opera sob press\u00e3o de fundamentos que limitam movimentos mais consistentes de alta. A avalia\u00e7\u00e3o \u00e9 de Arnaldo Correa, consultor, em an\u00e1lise sobre o comportamento recente dos contratos futuros e dos agentes do mercado.&#13;\n<\/p>\n<p>O vencimento maio de 2026 encerrou a sexta-feira a 13,92 centavos de d\u00f3lar por libra-peso, com ganho acumulado de 59 pontos na semana, equivalente a cerca de 13 d\u00f3lares por tonelada. Outros contratos tamb\u00e9m subiram, embora com menor intensidade nos vencimentos mais longos.<\/p>\n<p>Apesar da melhora pontual, o mercado segue condicionado pela atua\u00e7\u00e3o dos fundos, que permaneciam vendidos em 156.138 lotes, segundo o relat\u00f3rio COT, com base na posi\u00e7\u00e3o de 21 de abril. A recomposi\u00e7\u00e3o parcial dessas posi\u00e7\u00f5es chegou a dar suporte aos pre\u00e7os, mas encontrou forte volume de fixa\u00e7\u00f5es por usinas, inclusive da Am\u00e9rica Central, o que reduziu o f\u00f4lego da recupera\u00e7\u00e3o.&#13;\n<\/p>\n<p>No Brasil, a aprova\u00e7\u00e3o do E32, com aumento da mistura de etanol na gasolina para 32%, aparece como fator de suporte. A expectativa \u00e9 de consumo adicional entre 900 milh\u00f5es e 1 bilh\u00e3o de litros, o que pode influenciar o mix das usinas e reduzir a oferta de a\u00e7\u00facar.<\/p>\n<p>Por outro lado, a proje\u00e7\u00e3o de 635 milh\u00f5es de toneladas de cana para o Centro-Sul, apresentada pela Canaplan, refor\u00e7a a cautela. A combina\u00e7\u00e3o de safra robusta, vendas f\u00edsicas e posi\u00e7\u00e3o vendida dos fundos mant\u00e9m o ambiente desafiador.<\/p>\n<p>Do ponto de vista t\u00e9cnico, h\u00e1 tentativa de recupera\u00e7\u00e3o, com o maio de 2026 mirando a regi\u00e3o dos 14 centavos por libra-peso. Ainda assim, o mercado parece depender de novos est\u00edmulos para transformar o al\u00edvio recente em tend\u00eancia.<br \/>&#13;<br \/>\n\u00a0<\/p>\n<\/p><\/div>\n<p><script data-cfasync=\"false\">\n    !function (f, b, e, v, n, t, s) {\n        if (f.fbq) return; n = f.fbq = function () {\n            n.callMethod ?\n                n.callMethod.apply(n, arguments) : n.queue.push(arguments)\n        };\n        if (!f._fbq) f._fbq = n; n.push = n; n.loaded = !0; n.version = '2.0';\n        n.queue = []; t = b.createElement(e); t.async = !0;\n        t.src = v; s = b.getElementsByTagName(e)[0];\n        s.parentNode.insertBefore(t, s)\n    }(window, document, 'script',\n        'https:\/\/connect.facebook.net\/en_US\/fbevents.js');\n    fbq('init', '522546078623747');\n    fbq('track', 'PageView');\n<\/script><br \/>\n<br \/><br \/>\n<br \/><a href=\"https:\/\/www.agrolink.com.br\/noticias\/acucar-sobe--mas-mercado-ve-recuperacao-limitada_513506.html\">Source link <\/a><\/p>\n","protected":false},"excerpt":{"rendered":"<p>O mercado internacional de a\u00e7\u00facar teve uma rea\u00e7\u00e3o moderada em Nova York, mas ainda opera sob press\u00e3o de fundamentos que<\/p>\n","protected":false},"author":1,"featured_media":942,"comment_status":"open","ping_status":"open","sticky":false,"template":"","format":"standard","meta":{"_monsterinsights_skip_tracking":false,"_monsterinsights_sitenote_active":false,"_monsterinsights_sitenote_note":"","_monsterinsights_sitenote_category":0,"_uf_show_specific_survey":0,"_uf_disable_surveys":false,"footnotes":""},"categories":[8,1,14],"tags":[],"class_list":["post-30056","post","type-post","status-publish","format-standard","has-post-thumbnail","hentry","category-agro","category-news","category-politica-agro"],"_links":{"self":[{"href":"https:\/\/agromt.news\/index.php?rest_route=\/wp\/v2\/posts\/30056"}],"collection":[{"href":"https:\/\/agromt.news\/index.php?rest_route=\/wp\/v2\/posts"}],"about":[{"href":"https:\/\/agromt.news\/index.php?rest_route=\/wp\/v2\/types\/post"}],"author":[{"embeddable":true,"href":"https:\/\/agromt.news\/index.php?rest_route=\/wp\/v2\/users\/1"}],"replies":[{"embeddable":true,"href":"https:\/\/agromt.news\/index.php?rest_route=%2Fwp%2Fv2%2Fcomments&post=30056"}],"version-history":[{"count":0,"href":"https:\/\/agromt.news\/index.php?rest_route=\/wp\/v2\/posts\/30056\/revisions"}],"wp:featuredmedia":[{"embeddable":true,"href":"https:\/\/agromt.news\/index.php?rest_route=\/wp\/v2\/media\/942"}],"wp:attachment":[{"href":"https:\/\/agromt.news\/index.php?rest_route=%2Fwp%2Fv2%2Fmedia&parent=30056"}],"wp:term":[{"taxonomy":"category","embeddable":true,"href":"https:\/\/agromt.news\/index.php?rest_route=%2Fwp%2Fv2%2Fcategories&post=30056"},{"taxonomy":"post_tag","embeddable":true,"href":"https:\/\/agromt.news\/index.php?rest_route=%2Fwp%2Fv2%2Ftags&post=30056"}],"curies":[{"name":"wp","href":"https:\/\/api.w.org\/{rel}","templated":true}]}}