{"id":30052,"date":"2026-04-26T00:59:21","date_gmt":"2026-04-26T04:59:21","guid":{"rendered":"https:\/\/agromt.news\/?p=30052"},"modified":"2026-04-26T00:59:21","modified_gmt":"2026-04-26T04:59:21","slug":"solos-arrozeiros-abrem-caminho-para-nova-renda","status":"publish","type":"post","link":"https:\/\/agromt.news\/?p=30052","title":{"rendered":"Solos arrozeiros abrem caminho para nova renda"},"content":{"rendered":"<p> <br \/>\n<\/p>\n<div>\n<div class=\"row\">\n<div class=\"col-lg col-infos mt-0 mt-lg-0\">\n<div class=\"section-sub-title\">\n<p itemprop=\"description\">&#13;<br \/>\n                                Em \u00e1reas arrozeiras, cultivos como soja e milho podem entregar palhada&#13;\n                            <\/p>\n<\/p><\/div>\n<div class=\"container\">\n<div class=\"row\">\n<div class=\"col-lg p-0\">\n<div>\n<div class=\"block-news-main-infos mt-3 text-start\">\n<p>                                            <strong class=\"fn\" itemprop=\"author\" style=\"color: rgb(112, 112, 112); \">&#13;<br \/>\n                                                <a href=\"https:\/\/www.agrolink.com.br\/noticias\/javascript:;\" class=\"text-uppercase\" target=\"_blank\" style=\"color: rgb(112, 112, 112); \" rel=\"noopener\">Agrolink<\/a>&#13;<br \/>\n&#13;<br \/>\n                                                    &#8211; Leonardo Gottems&#13;<br \/>\n&#13;<br \/>\n                                            <\/strong><br \/>\n                                        <\/p>\n<p>                                            <abbr><time datetime=\"2026 - 04 - 25T15:28\" itemprop=\"datePublished dateModified\"> Publicado em 25\/04\/2026 \u00e0s 15:28h.<\/time><\/abbr>\n                                    <\/div>\n<\/p><\/div>\n<\/p><\/div>\n<div class=\"col-lg p-0 text-lg-end\">\n<div>\n<div id=\"mdEnviarPagina\" class=\"modal fade\" role=\"dialog\">\n<div class=\"modal-dialog\">\n<div class=\"modal-content\">\n<div class=\"modal-body\">\n<p><strong>Estimado usu\u00e1rio.<\/strong><br \/>Preencha o formul\u00e1rio abaixo para remeter a p\u00e1gina.<\/p>\n<\/p><\/div>\n<\/p><\/div>\n<\/p><\/div>\n<\/div><\/div>\n<\/p><\/div>\n<\/p><\/div>\n<\/p><\/div>\n<\/p><\/div>\n<\/p><\/div>\n<div class=\"row justify-content-md-center mt-3\">\n<div class=\"col-lg-auto col-image block-news-main-image\">\n<p>                                <img decoding=\"async\" src=\"https:\/\/www.agrolink.com.br\/upload\/imagens-resizes\/195db8c90e5d4717906bd75013332687_858x483.jpg\" class=\"lazyload img-fluid\" alt=\"Em \u00e1reas arrozeiras, cultivos como soja e milho podem entregar palhada\"\/><br \/>\n                                                <span class=\"d-block mt-1\">Em \u00e1reas arrozeiras, cultivos como soja e milho podem entregar palhada &#8211; Foto: Pixabay<\/span><\/p><\/div>\n<\/p><\/div>\n<div class=\"section-description section-description-noticias mt-3\">\n<p>A diversifica\u00e7\u00e3o de cultivos em solos tradicionalmente ocupados pelo <a href=\"https:\/\/www.agrolink.com.br\/culturas\/arroz\/?utm_source=agrolink-detalhe-noticia&amp;utm_medium=detalhe-noticia&amp;utm_campaign=links-internos\" target=\"_blank\" rel=\"noopener\">arroz<\/a> ganha espa\u00e7o como alternativa para ampliar o uso produtivo das \u00e1reas e melhorar a integra\u00e7\u00e3o entre lavoura e pecu\u00e1ria na Fronteira Oeste do Rio Grande do Sul. A avalia\u00e7\u00e3o \u00e9 de Edison Jacociunas, engenheiro agr\u00f4nomo, que aponta oportunidades no aproveitamento das restevas de culturas de ver\u00e3o para a implanta\u00e7\u00e3o de verdeios de inverno.&#13;\n<\/p>\n<p>Em \u00e1reas arrozeiras, cultivos como soja e milho podem entregar palhada com potencial para receber aveia ou azev\u00e9m no per\u00edodo seguinte. Essas implanta\u00e7\u00f5es exigem investimento, mas tendem a apresentar retorno quando associadas ao uso intenso pela pecu\u00e1ria de corte, especialmente em uma fase do ano marcada por menor disponibilidade de pasto.<\/p>\n<p>Nos meses de maio, junho e julho, a regi\u00e3o costuma enfrentar um vazio forrageiro, per\u00edodo de transi\u00e7\u00e3o entre a oferta do campo nativo e o estabelecimento das pastagens de inverno. Nesse cen\u00e1rio, os verdeios implantados ap\u00f3s as culturas de ver\u00e3o ajudam a manter suporte alimentar aos animais e reduzem a press\u00e3o sobre outras \u00e1reas da propriedade.&#13;\n<\/p>\n<p>Al\u00e9m do ganho forrageiro, a ado\u00e7\u00e3o desse sistema contribui para a prote\u00e7\u00e3o do solo contra processos erosivos. A cobertura vegetal e os res\u00edduos deixados ap\u00f3s a colheita auxiliam na conserva\u00e7\u00e3o da estrutura do solo, fator importante em \u00e1reas sujeitas a limita\u00e7\u00f5es de drenagem e ao manejo intensivo.<\/p>\n<p>Outro benef\u00edcio est\u00e1 na ciclagem de nutrientes ap\u00f3s os cultivos de ver\u00e3o. A perman\u00eancia de res\u00edduos e a sequ\u00eancia de culturas favorecem o aproveitamento dos nutrientes no sistema, agregando efici\u00eancia ao uso da \u00e1rea ao longo do ano.<\/p>\n<p>Para que essa combina\u00e7\u00e3o gere os resultados esperados, o planejamento \u00e9 apontado como etapa decisiva. Pr\u00e1ticas de manejo ligadas \u00e0 drenagem e ao controle de invasoras no p\u00f3s-colheita s\u00e3o essenciais para viabilizar a implanta\u00e7\u00e3o dos verdeios e permitir maior sinergia entre os benef\u00edcios das culturas de ver\u00e3o e o uso pecu\u00e1rio no inverno.<br \/>&#13;<br \/>\n\u00a0&#13;\n<\/p>\n<\/p><\/div>\n<\/p><\/div>\n<p><script data-cfasync=\"false\">\n    !function (f, b, e, v, n, t, s) {\n        if (f.fbq) return; n = f.fbq = function () {\n            n.callMethod ?\n                n.callMethod.apply(n, arguments) : n.queue.push(arguments)\n        };\n        if (!f._fbq) f._fbq = n; n.push = n; n.loaded = !0; n.version = '2.0';\n        n.queue = []; t = b.createElement(e); t.async = !0;\n        t.src = v; s = b.getElementsByTagName(e)[0];\n        s.parentNode.insertBefore(t, s)\n    }(window, document, 'script',\n        'https:\/\/connect.facebook.net\/en_US\/fbevents.js');\n    fbq('init', '522546078623747');\n    fbq('track', 'PageView');\n<\/script><br \/>\n<br \/><br \/>\n<br \/><a href=\"https:\/\/www.agrolink.com.br\/noticias\/solos-arrozeiros-abrem-caminho-para-nova-renda_513509.html\">Source link <\/a><\/p>\n","protected":false},"excerpt":{"rendered":"<p>&#13; Em \u00e1reas arrozeiras, cultivos como soja e milho podem entregar palhada&#13; &#13; Agrolink&#13; &#13; &#8211; Leonardo Gottems&#13; &#13; Publicado<\/p>\n","protected":false},"author":1,"featured_media":1398,"comment_status":"open","ping_status":"open","sticky":false,"template":"","format":"standard","meta":{"_monsterinsights_skip_tracking":false,"_monsterinsights_sitenote_active":false,"_monsterinsights_sitenote_note":"","_monsterinsights_sitenote_category":0,"_uf_show_specific_survey":0,"_uf_disable_surveys":false,"footnotes":""},"categories":[8,1,14],"tags":[],"class_list":["post-30052","post","type-post","status-publish","format-standard","has-post-thumbnail","hentry","category-agro","category-news","category-politica-agro"],"_links":{"self":[{"href":"https:\/\/agromt.news\/index.php?rest_route=\/wp\/v2\/posts\/30052"}],"collection":[{"href":"https:\/\/agromt.news\/index.php?rest_route=\/wp\/v2\/posts"}],"about":[{"href":"https:\/\/agromt.news\/index.php?rest_route=\/wp\/v2\/types\/post"}],"author":[{"embeddable":true,"href":"https:\/\/agromt.news\/index.php?rest_route=\/wp\/v2\/users\/1"}],"replies":[{"embeddable":true,"href":"https:\/\/agromt.news\/index.php?rest_route=%2Fwp%2Fv2%2Fcomments&post=30052"}],"version-history":[{"count":0,"href":"https:\/\/agromt.news\/index.php?rest_route=\/wp\/v2\/posts\/30052\/revisions"}],"wp:featuredmedia":[{"embeddable":true,"href":"https:\/\/agromt.news\/index.php?rest_route=\/wp\/v2\/media\/1398"}],"wp:attachment":[{"href":"https:\/\/agromt.news\/index.php?rest_route=%2Fwp%2Fv2%2Fmedia&parent=30052"}],"wp:term":[{"taxonomy":"category","embeddable":true,"href":"https:\/\/agromt.news\/index.php?rest_route=%2Fwp%2Fv2%2Fcategories&post=30052"},{"taxonomy":"post_tag","embeddable":true,"href":"https:\/\/agromt.news\/index.php?rest_route=%2Fwp%2Fv2%2Ftags&post=30052"}],"curies":[{"name":"wp","href":"https:\/\/api.w.org\/{rel}","templated":true}]}}