{"id":29999,"date":"2026-04-24T21:59:37","date_gmt":"2026-04-25T01:59:37","guid":{"rendered":"https:\/\/agromt.news\/?p=29999"},"modified":"2026-04-24T21:59:37","modified_gmt":"2026-04-25T01:59:37","slug":"conta-de-luz-ficara-mais-cara-em-maio-anuncia-aneel","status":"publish","type":"post","link":"https:\/\/agromt.news\/?p=29999","title":{"rendered":"Conta de luz ficar\u00e1 mais cara em maio, anuncia Aneel"},"content":{"rendered":"<p> <br \/>\n<\/p>\n<div>\n<figure><img decoding=\"async\" src=\"https:\/\/agromt.news\/wp-content\/uploads\/2026\/04\/Conta-de-luz-ficara-mais-cara-em-maio-anuncia-Aneel.jpg\" alt=\"conta de luz, energia el\u00e9trica\" \/><figcaption>Foto: Pixabay<\/figcaption><\/figure>\n<\/div>\n<p>A Ag\u00eancia Nacional de Energia El\u00e9trica <strong><a href=\"https:\/\/www.canalrural.com.br\/tag\/aneel\/\">(Aneel)<\/a><\/strong> anunciou nesta sexta-feira (24) que a bandeira tarif\u00e1ria em maio ser\u00e1 amarela, com um acr\u00e9scimo nas contas de luz para todos os consumidores conectados ao Sistema Interligado Nacional (SIN).<\/p>\n<p>Segundo a autarquia, a decis\u00e3o foi tomada devido \u00e0 redu\u00e7\u00e3o de chuvas na transi\u00e7\u00e3o do per\u00edodo chuvoso para o seco, o que leva a uma gera\u00e7\u00e3o hidrel\u00e9trica menor e ao acionamento de usinas termel\u00e9tricas, com custo mais elevado.<\/p>\n<p>&#8220;Em consequ\u00eancia, os consumidores de energia el\u00e9trica ter\u00e3o custo adicional de R$ 1,885 a cada 100 kWh consumidos&#8221;, explicou a ag\u00eancia reguladora.<\/p>\n<ul class=\"wp-block-list\">\n<li><em>Veja em primeira m\u00e3o tudo sobre agricultura, pecu\u00e1ria, economia e previs\u00e3o do tempo:<\/em><a href=\"https:\/\/news.google.com\/publications\/CAAqBwgKMPKZlQswq_mqAw?hl=pt-BR&amp;gl=BR&amp;ceid=BR%3Apt-419\" target=\"_blank\" rel=\"noreferrer noopener\">\u00a0<em>siga o Canal Rural no Google News!<\/em><\/a><\/li>\n<\/ul>\n<p>A conta de luz est\u00e1 com bandeira verde, sem acr\u00e9scimo, desde janeiro, definida devido \u00e0s condi\u00e7\u00f5es favor\u00e1veis de gera\u00e7\u00e3o de energia, com os reservat\u00f3rios das usinas hidrel\u00e9tricas em n\u00edveis satisfat\u00f3rios.<\/p>\n<p>Criado em 2015 pela Aneel, o sistema de bandeiras tarif\u00e1rias reflete os custos vari\u00e1veis da gera\u00e7\u00e3o de energia el\u00e9trica.<\/p>\n<p>Divididas em cores, as bandeiras indicam quanto est\u00e1 custando para o SIN gerar a energia usada nas resid\u00eancias, em estabelecimentos comerciais e nas ind\u00fastrias.<\/p>\n<p>A cada m\u00eas, as condi\u00e7\u00f5es de opera\u00e7\u00e3o do sistema de gera\u00e7\u00e3o de energia el\u00e9trica s\u00e3o reavaliadas pelo Operador Nacional do Sistema El\u00e9trico (ONS), que define a melhor estrat\u00e9gia de gera\u00e7\u00e3o de energia para atendimento da demanda e tra\u00e7a uma previs\u00e3o de custos a serem cobertos pelas bandeiras.<\/p>\n<p>As cores das bandeiras tarif\u00e1rias s\u00e3o definidas a partir da previs\u00e3o de varia\u00e7\u00e3o do custo da energia em cada m\u00eas. Quando a conta de luz \u00e9 calculada pela bandeira verde, n\u00e3o h\u00e1 nenhum acr\u00e9scimo. Quando s\u00e3o aplicadas as bandeiras vermelha ou amarela, a conta tem acr\u00e9scimo a cada 100 quilowatts-hora (kWh) consumido.<\/p>\n<p>Os valores cobrados s\u00e3o os seguintes:<\/p>\n<ul class=\"wp-block-list\">\n<li><strong>Bandeira amarela:<\/strong> a tarifa sofre acr\u00e9scimo de R$ 1,88 para cada 100 quilowatt-hora (kWh) consumido;<\/li>\n<li><strong>Bandeira vermelha, no Patamar 1: <\/strong>aumento de R$ 4,46 para 100 quilowatt-hora kWh consumido;<\/li>\n<li><strong>Bandeira vermelha, no Patamar 2: <\/strong>eleva\u00e7\u00e3o de R$ 7,87 para cada 100 quilowatt-hora kWh consumido.<\/li>\n<\/ul>\n<p>O post <a href=\"https:\/\/www.canalrural.com.br\/economia\/conta-de-luz-ficara-mais-cara-em-maio-anuncia-aneel\/\">Conta de luz ficar\u00e1 mais cara em maio, anuncia Aneel<\/a> apareceu primeiro em <a href=\"https:\/\/www.canalrural.com.br\">Canal Rural<\/a>.<\/p>\n<p><br \/>\n<br \/><a href=\"https:\/\/www.canalrural.com.br\/economia\/conta-de-luz-ficara-mais-cara-em-maio-anuncia-aneel\/\">Source link <\/a><\/p>\n","protected":false},"excerpt":{"rendered":"<p>Foto: Pixabay A Ag\u00eancia Nacional de Energia El\u00e9trica (Aneel) anunciou nesta sexta-feira (24) que a bandeira tarif\u00e1ria em maio ser\u00e1<\/p>\n","protected":false},"author":1,"featured_media":30000,"comment_status":"open","ping_status":"open","sticky":false,"template":"","format":"standard","meta":{"_monsterinsights_skip_tracking":false,"_monsterinsights_sitenote_active":false,"_monsterinsights_sitenote_note":"","_monsterinsights_sitenote_category":0,"_uf_show_specific_survey":0,"_uf_disable_surveys":false,"footnotes":""},"categories":[1],"tags":[],"class_list":["post-29999","post","type-post","status-publish","format-standard","has-post-thumbnail","hentry","category-news"],"_links":{"self":[{"href":"https:\/\/agromt.news\/index.php?rest_route=\/wp\/v2\/posts\/29999"}],"collection":[{"href":"https:\/\/agromt.news\/index.php?rest_route=\/wp\/v2\/posts"}],"about":[{"href":"https:\/\/agromt.news\/index.php?rest_route=\/wp\/v2\/types\/post"}],"author":[{"embeddable":true,"href":"https:\/\/agromt.news\/index.php?rest_route=\/wp\/v2\/users\/1"}],"replies":[{"embeddable":true,"href":"https:\/\/agromt.news\/index.php?rest_route=%2Fwp%2Fv2%2Fcomments&post=29999"}],"version-history":[{"count":0,"href":"https:\/\/agromt.news\/index.php?rest_route=\/wp\/v2\/posts\/29999\/revisions"}],"wp:featuredmedia":[{"embeddable":true,"href":"https:\/\/agromt.news\/index.php?rest_route=\/wp\/v2\/media\/30000"}],"wp:attachment":[{"href":"https:\/\/agromt.news\/index.php?rest_route=%2Fwp%2Fv2%2Fmedia&parent=29999"}],"wp:term":[{"taxonomy":"category","embeddable":true,"href":"https:\/\/agromt.news\/index.php?rest_route=%2Fwp%2Fv2%2Fcategories&post=29999"},{"taxonomy":"post_tag","embeddable":true,"href":"https:\/\/agromt.news\/index.php?rest_route=%2Fwp%2Fv2%2Ftags&post=29999"}],"curies":[{"name":"wp","href":"https:\/\/api.w.org\/{rel}","templated":true}]}}