{"id":29996,"date":"2026-04-24T21:45:17","date_gmt":"2026-04-25T01:45:17","guid":{"rendered":"https:\/\/agromt.news\/?p=29996"},"modified":"2026-04-24T21:45:17","modified_gmt":"2026-04-25T01:45:17","slug":"preco-da-arroba-do-boi-gordo-veja-como-o-mercado-finalizou-a-semana","status":"publish","type":"post","link":"https:\/\/agromt.news\/?p=29996","title":{"rendered":"Pre\u00e7o da arroba do boi gordo: veja como o mercado finalizou a semana"},"content":{"rendered":"<p> <br \/>\n<\/p>\n<div>\n<figure><img decoding=\"async\" src=\"https:\/\/agromt.news\/wp-content\/uploads\/2025\/12\/veja-como-o-mercado-abriu-a-semana.jpg\" alt=\"pecu\u00e1ria, gado , boi\" \/><figcaption>Foto: Gilson Abreu\/AEN<\/figcaption><\/figure>\n<\/div>\n<p>O mercado do boi gordo encerrou a semana com pre\u00e7os mais baixos para a arroba do boi gordo. <\/p>\n<p>De acordo com o Centro de Estudos de Economia Aplicada <strong><a href=\"https:\/\/www.canalrural.com.br\/tag\/cepea\/\">(Cepea)<\/a><\/strong>, o cen\u00e1rio segue marcado pela press\u00e3o da ind\u00fastria frigor\u00edfica e pela resist\u00eancia dos pecuaristas em aceitar pre\u00e7os menores.<\/p>\n<ul class=\"wp-block-list\">\n<li><em>Veja em primeira m\u00e3o tudo sobre agricultura, pecu\u00e1ria, economia e previs\u00e3o do tempo:<\/em><a href=\"https:\/\/news.google.com\/publications\/CAAqBwgKMPKZlQswq_mqAw?hl=pt-BR&amp;gl=BR&amp;ceid=BR%3Apt-419\" target=\"_blank\" rel=\"noreferrer noopener\">\u00a0<em>siga o Canal Rural no Google News!<\/em><\/a><\/li>\n<\/ul>\n<p>O alongamento das escalas continua sendo um dos principais fatores de press\u00e3o sobre os pre\u00e7os. Em algumas regi\u00f5es, como o Norte de Minas, as programa\u00e7\u00f5es de abate j\u00e1 chegam a at\u00e9 14 dias.<\/p>\n<p>Al\u00e9m disso, a proximidade de maio tamb\u00e9m entra no radar do mercado. Historicamente, o per\u00edodo costuma registrar aumento da oferta de animais, devido \u00e0 perda de qualidade das pastagens.<\/p>\n<p>Confira as cota\u00e7\u00f5es m\u00e9dias desta sexta-feira (24) nas principais pra\u00e7as de comercializa\u00e7\u00e3o do pa\u00eds, de acordo com o <strong><a href=\"https:\/\/www.indicadordoboi.com.br\/pt-br\">Indicador do Boi Datagro:<\/a><\/strong><\/p>\n<ul class=\"wp-block-list\">\n<li><strong>S\u00e3o Paulo:<\/strong> R$ 360,32 <\/li>\n<li><strong>Bahia: <\/strong>R$ 326,62<\/li>\n<li><strong>Goi\u00e1s:<\/strong> R$ 343,45<\/li>\n<li><strong>Minas Gerais:<\/strong> R$ 340,10<\/li>\n<li><strong>Mato Grosso do Sul:<\/strong> R$ 350,58<\/li>\n<li><strong>Mato Grosso: <\/strong>R$ 359,12<\/li>\n<li><strong>Par\u00e1: <\/strong>R$ 352,01<\/li>\n<li><strong>Rond\u00f4nia:<\/strong> R$ 330,21<\/li>\n<li><strong>Tocantins:<\/strong> R$ 346,57<\/li>\n<\/ul>\n<p>O post <a href=\"https:\/\/www.canalrural.com.br\/pecuaria\/preco-da-arroba-do-boi-gordo-veja-como-o-mercado-finalizou-a-semana\/\">Pre\u00e7o da arroba do boi gordo: veja como o mercado finalizou a semana<\/a> apareceu primeiro em <a href=\"https:\/\/www.canalrural.com.br\">Canal Rural<\/a>.<\/p>\n<p><br \/>\n<br \/><a href=\"https:\/\/www.canalrural.com.br\/pecuaria\/preco-da-arroba-do-boi-gordo-veja-como-o-mercado-finalizou-a-semana\/\">Source link <\/a><\/p>\n","protected":false},"excerpt":{"rendered":"<p>Foto: Gilson Abreu\/AEN O mercado do boi gordo encerrou a semana com pre\u00e7os mais baixos para a arroba do boi<\/p>\n","protected":false},"author":1,"featured_media":25402,"comment_status":"open","ping_status":"open","sticky":false,"template":"","format":"standard","meta":{"_monsterinsights_skip_tracking":false,"_monsterinsights_sitenote_active":false,"_monsterinsights_sitenote_note":"","_monsterinsights_sitenote_category":0,"_uf_show_specific_survey":0,"_uf_disable_surveys":false,"footnotes":""},"categories":[1],"tags":[],"class_list":["post-29996","post","type-post","status-publish","format-standard","has-post-thumbnail","hentry","category-news"],"_links":{"self":[{"href":"https:\/\/agromt.news\/index.php?rest_route=\/wp\/v2\/posts\/29996"}],"collection":[{"href":"https:\/\/agromt.news\/index.php?rest_route=\/wp\/v2\/posts"}],"about":[{"href":"https:\/\/agromt.news\/index.php?rest_route=\/wp\/v2\/types\/post"}],"author":[{"embeddable":true,"href":"https:\/\/agromt.news\/index.php?rest_route=\/wp\/v2\/users\/1"}],"replies":[{"embeddable":true,"href":"https:\/\/agromt.news\/index.php?rest_route=%2Fwp%2Fv2%2Fcomments&post=29996"}],"version-history":[{"count":0,"href":"https:\/\/agromt.news\/index.php?rest_route=\/wp\/v2\/posts\/29996\/revisions"}],"wp:featuredmedia":[{"embeddable":true,"href":"https:\/\/agromt.news\/index.php?rest_route=\/wp\/v2\/media\/25402"}],"wp:attachment":[{"href":"https:\/\/agromt.news\/index.php?rest_route=%2Fwp%2Fv2%2Fmedia&parent=29996"}],"wp:term":[{"taxonomy":"category","embeddable":true,"href":"https:\/\/agromt.news\/index.php?rest_route=%2Fwp%2Fv2%2Fcategories&post=29996"},{"taxonomy":"post_tag","embeddable":true,"href":"https:\/\/agromt.news\/index.php?rest_route=%2Fwp%2Fv2%2Ftags&post=29996"}],"curies":[{"name":"wp","href":"https:\/\/api.w.org\/{rel}","templated":true}]}}