{"id":29994,"date":"2026-04-24T21:30:34","date_gmt":"2026-04-25T01:30:34","guid":{"rendered":"https:\/\/agromt.news\/?p=29994"},"modified":"2026-04-24T21:30:34","modified_gmt":"2026-04-25T01:30:34","slug":"previsao-do-tempo-favorece-colheita-de-cafe-em-minas-gerais","status":"publish","type":"post","link":"https:\/\/agromt.news\/?p=29994","title":{"rendered":"Previs\u00e3o do tempo favorece colheita de caf\u00e9 em Minas Gerais"},"content":{"rendered":"<p> <br \/>\n<\/p>\n<div>\n<figure><img decoding=\"async\" src=\"https:\/\/agromt.news\/wp-content\/uploads\/2026\/04\/Previsao-do-tempo-favorece-colheita-de-cafe-em-Minas-Gerais.jpg\" alt=\"\" \/><\/figure>\n<\/div>\n<p>Produtores de caf\u00e9 na regi\u00e3o de Minas Gerais podem esperar condi\u00e7\u00f5es clim\u00e1ticas favor\u00e1veis para a colheita nos pr\u00f3ximos meses. A previs\u00e3o indica que a chuva n\u00e3o deve atrapalhar as opera\u00e7\u00f5es em campo, permitindo que a colheita ocorra sem grandes contratempos.<\/p>\n<h2>Condi\u00e7\u00f5es clim\u00e1ticas para maio, junho e julho<\/h2>\n<p>De acordo com a an\u00e1lise do meteorologista Artur Miller, a previs\u00e3o para os meses de maio, junho e julho \u00e9 de que as chuvas sejam moderadas, com algumas precipita\u00e7\u00f5es na segunda quinzena de maio. Essas chuvas, no entanto, n\u00e3o devem ser volumosas, caracterizando-se como t\u00edpicas do outono.<\/p>\n<h2>Temperaturas e impacto na colheita<\/h2>\n<ul>\n<li>Temperaturas m\u00e1ximas devem ficar em torno de 25 graus Celsius.<\/li>\n<li>Temperaturas m\u00ednimas variando entre 15 e 18 graus Celsius.<\/li>\n<li>Possibilidade de frio mais intenso no final de junho, com m\u00ednimas podendo chegar a 12 graus Celsius.<\/li>\n<\/ul>\n<p>Com essas condi\u00e7\u00f5es, os produtores de caf\u00e9 em Minas Gerais n\u00e3o devem enfrentar problemas significativos para realizar a colheita, garantindo uma boa safra nos pr\u00f3ximos meses.<\/p>\n<p>O post <a href=\"https:\/\/www.canalrural.com.br\/videos\/previsao-do-tempo-favorece-colheita-de-cafe-em-minas-gerais\/\">Previs\u00e3o do tempo favorece colheita de caf\u00e9 em Minas Gerais<\/a> apareceu primeiro em <a href=\"https:\/\/www.canalrural.com.br\">Canal Rural<\/a>.<\/p>\n<p><br \/>\n<br \/><a href=\"https:\/\/www.canalrural.com.br\/videos\/previsao-do-tempo-favorece-colheita-de-cafe-em-minas-gerais\/\">Source link <\/a><\/p>\n","protected":false},"excerpt":{"rendered":"<p>Produtores de caf\u00e9 na regi\u00e3o de Minas Gerais podem esperar condi\u00e7\u00f5es clim\u00e1ticas favor\u00e1veis para a colheita nos pr\u00f3ximos meses. A<\/p>\n","protected":false},"author":1,"featured_media":29995,"comment_status":"open","ping_status":"open","sticky":false,"template":"","format":"standard","meta":{"_monsterinsights_skip_tracking":false,"_monsterinsights_sitenote_active":false,"_monsterinsights_sitenote_note":"","_monsterinsights_sitenote_category":0,"_uf_show_specific_survey":0,"_uf_disable_surveys":false,"footnotes":""},"categories":[1],"tags":[],"class_list":["post-29994","post","type-post","status-publish","format-standard","has-post-thumbnail","hentry","category-news"],"_links":{"self":[{"href":"https:\/\/agromt.news\/index.php?rest_route=\/wp\/v2\/posts\/29994"}],"collection":[{"href":"https:\/\/agromt.news\/index.php?rest_route=\/wp\/v2\/posts"}],"about":[{"href":"https:\/\/agromt.news\/index.php?rest_route=\/wp\/v2\/types\/post"}],"author":[{"embeddable":true,"href":"https:\/\/agromt.news\/index.php?rest_route=\/wp\/v2\/users\/1"}],"replies":[{"embeddable":true,"href":"https:\/\/agromt.news\/index.php?rest_route=%2Fwp%2Fv2%2Fcomments&post=29994"}],"version-history":[{"count":0,"href":"https:\/\/agromt.news\/index.php?rest_route=\/wp\/v2\/posts\/29994\/revisions"}],"wp:featuredmedia":[{"embeddable":true,"href":"https:\/\/agromt.news\/index.php?rest_route=\/wp\/v2\/media\/29995"}],"wp:attachment":[{"href":"https:\/\/agromt.news\/index.php?rest_route=%2Fwp%2Fv2%2Fmedia&parent=29994"}],"wp:term":[{"taxonomy":"category","embeddable":true,"href":"https:\/\/agromt.news\/index.php?rest_route=%2Fwp%2Fv2%2Fcategories&post=29994"},{"taxonomy":"post_tag","embeddable":true,"href":"https:\/\/agromt.news\/index.php?rest_route=%2Fwp%2Fv2%2Ftags&post=29994"}],"curies":[{"name":"wp","href":"https:\/\/api.w.org\/{rel}","templated":true}]}}