{"id":2854,"date":"2024-10-06T03:30:26","date_gmt":"2024-10-06T07:30:26","guid":{"rendered":"https:\/\/agromt.news\/?p=2854"},"modified":"2024-10-06T03:30:26","modified_gmt":"2024-10-06T07:30:26","slug":"producao-mundial-de-cafe-esta-estimada-em-1762-milhoes-para-este","status":"publish","type":"post","link":"https:\/\/agromt.news\/?p=2854","title":{"rendered":"Produ\u00e7\u00e3o mundial de caf\u00e9 est\u00e1 estimada em 176,2 milh\u00f5es para este&#8230;"},"content":{"rendered":"<p> <br \/>\n<\/p>\n<p>Tal levantamento da produ\u00e7\u00e3o total de caf\u00e9 representa um aumento de 15,65% em rela\u00e7\u00e3o ao volume f\u00edsico da safra global efetivamente colhida em 2015<\/p>\n<div>\n<p style=\"text-align:justify;\"><span style=\"color:#000000;\"><span style=\"background-color:#ffffff;\">A produ\u00e7\u00e3o mundial de caf\u00e9 calculada com base no desempenho verificado no intervalo de dez safras seguidas registrar\u00e1 um aumento de 15,65%, e assim equivaler\u00e1 a um crescimento no volume f\u00edsico em torno de 23,8 milh\u00f5es de sacas. Tal performance representar\u00e1 um crescimento global do total de 152,4 milh\u00f5es de sacas efetivamente colhidas em 2015 para as 176,2 milh\u00f5es de sacas de 60kg, que foram estimadas para a safra de 2024, cujo ano-cafeeiro encontra-se em curso.<\/span><\/span><\/p>\n<p style=\"text-align:justify;\"><span style=\"color:#000000;\"><span style=\"background-color:#ffffff;\">Vale ressaltar que esses dados da performance das duas safras citadas da cafeicultura mundial, que est\u00e3o sendo objeto desta an\u00e1lise e divulga\u00e7\u00e3o por meio do Observat\u00f3rio do Caf\u00e9, foram obtidos tendo como refer\u00eancia o somat\u00f3rio da produ\u00e7\u00e3o total das duas esp\u00e9cies de caf\u00e9s cultivas no planeta, que s\u00e3o, no caso, a de\u00a0<em>Coffea arabica<\/em>\u00a0(caf\u00e9 ar\u00e1bica) e a de\u00a0<em>Coffea canephora\u00a0<\/em>(caf\u00e9 robusta+conilon).\u00a0<\/span><\/span><\/p>\n<p style=\"text-align:justify;\"><span style=\"color:#000000;\"><span style=\"background-color:#ffffff;\">Assim, em rela\u00e7\u00e3o \u00e0 safra colhida em 2015, em n\u00edvel mundial, especificamente da produ\u00e7\u00e3o total de\u00a0<em>C. arabica<\/em>, verifica-se que a colheita efetiva dessa esp\u00e9cie atingiu 86,1 milh\u00f5es de sacas, volume que correspondeu a 56,5% do total global da safra desse ano. E, em complemento, como a safra de\u00a0<em>C. canephora<\/em>\u00a0foi de 66,3 milh\u00f5es de sacas, tal volume representou 43,5% do somat\u00f3rio das duas esp\u00e9cies colhidas nesse ano-cafeeiro.<\/span><\/span><\/p>\n<p style=\"text-align:justify;\"><span style=\"color:#000000;\"><span style=\"background-color:#ffffff;\">Com rela\u00e7\u00e3o \u00e0 estimativa da safra global de 2024, tamb\u00e9m vale a pena estabelecer um comparativo da participa\u00e7\u00e3o percentual da produ\u00e7\u00e3o de cada uma dessas duas esp\u00e9cies de caf\u00e9s em rela\u00e7\u00e3o ao total geral estimado. Dessa forma, como a safra de\u00a0<em>C. arabica<\/em>\u00a0est\u00e1 estimada em 99,9 milh\u00f5es de sacas, esse volume f\u00edsico representar\u00e1 aproximadamente 57% do total geral do corrente ano.<\/span><\/span><\/p>\n<p style=\"text-align:justify;\"><span style=\"color:#000000;\"><span style=\"background-color:#ffffff;\">E, adicionalmente, quanto \u00e0 esp\u00e9cie de\u00a0<em>C. canephora<\/em>, cuja safra foi calculada em 76,4 milh\u00f5es de sacas, tal volume f\u00edsico corresponder\u00e1 a 43% da safra 2024. Fato curioso, que tamb\u00e9m merece realce, \u00e9 que a participa\u00e7\u00e3o percentual das duas esp\u00e9cies de caf\u00e9s em rela\u00e7\u00e3o \u00e0 produ\u00e7\u00e3o mundial, passados dez anos, praticamente se manteve a mesma.<\/span><\/span><\/p>\n<\/div>\n<p><script async defer src=\"https:\/\/connect.facebook.net\/en_US\/sdk.js\" type=\"46570396529a08020af93d0e-text\/javascript\"><\/script><script type=\"46570396529a08020af93d0e-text\/javascript\">\n  !function(f,b,e,v,n,t,s)\n  {if(f.fbq)return;n=f.fbq=function(){n.callMethod?\n    n.callMethod.apply(n,arguments):n.queue.push(arguments)};\n    if(!f._fbq)f._fbq=n;n.push=n;n.loaded=!0;n.version='2.0';\n    n.queue=[];t=b.createElement(e);t.async=!0;\n    t.src=v;s=b.getElementsByTagName(e)[0];\n    s.parentNode.insertBefore(t,s)}(window, document,'script',\n    'https:\/\/connect.facebook.net\/en_US\/fbevents.js');\n  fbq('init', '153495679422335');\n  fbq('track', 'PageView');\n<\/script><br \/>\n<br \/><br \/>\n<br \/><a href=\"https:\/\/www.noticiasagricolas.com.br\/noticias\/cafe\/383511-producao-mundial-de-cafe-esta-estimada-em-176-2-milhoes-de-sacas-60-kg-para-este-ano-cafeeiro-2024.html\">Source link <\/a><\/p>\n","protected":false},"excerpt":{"rendered":"<p>Tal levantamento da produ\u00e7\u00e3o total de caf\u00e9 representa um aumento de 15,65% em rela\u00e7\u00e3o ao volume f\u00edsico da safra global<\/p>\n","protected":false},"author":1,"featured_media":2855,"comment_status":"open","ping_status":"open","sticky":false,"template":"","format":"standard","meta":{"_monsterinsights_skip_tracking":false,"_monsterinsights_sitenote_active":false,"_monsterinsights_sitenote_note":"","_monsterinsights_sitenote_category":0,"_uf_show_specific_survey":0,"_uf_disable_surveys":false,"footnotes":""},"categories":[8,1,14,16],"tags":[],"class_list":["post-2854","post","type-post","status-publish","format-standard","has-post-thumbnail","hentry","category-agro","category-news","category-politica-agro","category-safra"],"_links":{"self":[{"href":"https:\/\/agromt.news\/index.php?rest_route=\/wp\/v2\/posts\/2854"}],"collection":[{"href":"https:\/\/agromt.news\/index.php?rest_route=\/wp\/v2\/posts"}],"about":[{"href":"https:\/\/agromt.news\/index.php?rest_route=\/wp\/v2\/types\/post"}],"author":[{"embeddable":true,"href":"https:\/\/agromt.news\/index.php?rest_route=\/wp\/v2\/users\/1"}],"replies":[{"embeddable":true,"href":"https:\/\/agromt.news\/index.php?rest_route=%2Fwp%2Fv2%2Fcomments&post=2854"}],"version-history":[{"count":0,"href":"https:\/\/agromt.news\/index.php?rest_route=\/wp\/v2\/posts\/2854\/revisions"}],"wp:featuredmedia":[{"embeddable":true,"href":"https:\/\/agromt.news\/index.php?rest_route=\/wp\/v2\/media\/2855"}],"wp:attachment":[{"href":"https:\/\/agromt.news\/index.php?rest_route=%2Fwp%2Fv2%2Fmedia&parent=2854"}],"wp:term":[{"taxonomy":"category","embeddable":true,"href":"https:\/\/agromt.news\/index.php?rest_route=%2Fwp%2Fv2%2Fcategories&post=2854"},{"taxonomy":"post_tag","embeddable":true,"href":"https:\/\/agromt.news\/index.php?rest_route=%2Fwp%2Fv2%2Ftags&post=2854"}],"curies":[{"name":"wp","href":"https:\/\/api.w.org\/{rel}","templated":true}]}}