{"id":2778,"date":"2024-10-04T12:05:13","date_gmt":"2024-10-04T16:05:13","guid":{"rendered":"https:\/\/agromt.news\/?p=2778"},"modified":"2024-10-04T12:05:13","modified_gmt":"2024-10-04T16:05:13","slug":"como-foi-a-semana-da-soja-no-brasil-confira-a-atualizacao-dos-precos-no-pais","status":"publish","type":"post","link":"https:\/\/agromt.news\/?p=2778","title":{"rendered":"Como foi a semana da soja no Brasil? Confira a atualiza\u00e7\u00e3o dos pre\u00e7os no pa\u00eds"},"content":{"rendered":"<p> <br \/>\n<br \/><img decoding=\"async\" src=\"https:\/\/agromt.news\/wp-content\/uploads\/2024\/10\/Como-foi-a-semana-da-soja-no-Brasil-Confira-a.jpg\" \/><\/p>\n<div>\n<p>O <a href=\"https:\/\/www.canalrural.com.br\/agricultura\/projeto-soja-brasil\/\">Soja Brasil <\/a>teve acesso \u00e0s informa\u00e7\u00f5es da consultoria <a href=\"https:\/\/safras.com.br\/\">Safras &amp; Mercado <\/a>sobre o mercado da soja. A semana foi marcada por pre\u00e7os mistos e poucos neg\u00f3cios no Brasil. Com a queda dos pre\u00e7os em Chicago e a alta do d\u00f3lar, muitos produtores priorizaram o plantio em vez da comercializa\u00e7\u00e3o. O atraso na semeadura, agravado pelo clima seco, gerou preocupa\u00e7\u00f5es entre os agentes do setor.<\/p>\n<p>De acordo com o analista Luiz Fernando Gutierrez Roque, da Safras &amp; Mercado, o atraso no plantio \u00e9 maior em Mato Grosso, mas tamb\u00e9m acontece em Mato Grosso do Sul, Goi\u00e1s e Minas Gerais. \u201cAinda temos uma janela para plantar a soja\u201d, afirma Gutierrez Roque, embora reconhe\u00e7a a import\u00e2ncia do tema para a Bolsa de Mercadorias de Chicago.<\/p>\n<p>No cen\u00e1rio interno, a expectativa \u00e9 de pre\u00e7os firmes at\u00e9 o final do ano, sustentados por pr\u00eamios robustos e pelas influ\u00eancias do d\u00f3lar e dos pre\u00e7os de Chicago. \u201cAs demandas de exporta\u00e7\u00e3o e de esmagamento devem resultar em estoques apertados no Brasil\u201d, acrescenta o analista. No entanto, ele alerta que a situa\u00e7\u00e3o do mercado depende do tamanho da safra brasileira.<\/p>\n<p>A an\u00e1lise do mercado futuro aponta que os gr\u00e1ficos de Chicago indicam espa\u00e7o para uma corre\u00e7\u00e3o para baixo. \u201cNos \u00faltimos 15 ou 16 dias, a alta acumulada foi de 10%\u201d, informa o analista Rafael Silveira. Ele prev\u00ea que, se confirmado um movimento corretivo, o pre\u00e7o do gr\u00e3o pode voltar a US$ 10,00 por bushel para o contrato de novembro de 2024, com a bolsa se comportando de forma mais lateralizada ap\u00f3s atingir esse patamar.<\/p>\n<p>Sobre os subprodutos, Gabriel Viana, tamb\u00e9m da Safras &amp; Mercado, antecipa um final de ano desafiador para o farelo e o \u00f3leo de soja, alertando que n\u00e3o \u00e9 prudente deixar as compras para a \u00faltima hora, pois a oferta tende a ser apertada.<\/p>\n<\/div>\n<div>\n<p class=\"has-text-align-center\"><em>Confira na palma da m\u00e3o informa\u00e7\u00f5es quentes sobre agricultura, pecu\u00e1ria, economia e previs\u00e3o do tempo:<\/em><a href=\"https:\/\/www.whatsapp.com\/channel\/0029Va9VnZxGk1FplZjiW43k\"><em>\u00a0<\/em><strong>siga o Canal Rural no WhatsApp<\/strong><\/a>!<\/p>\n<h2 class=\"wp-block-heading\" id=\"h-precos-no-pais\">Pre\u00e7os no pa\u00eds<\/h2>\n<ol class=\"wp-block-list\">\n<li><strong>Passo Fundo (RS)<\/strong>: houve uma queda de R$ 135,00 para R$ 134,00<\/li>\n<li><strong>Cascavel (PR)<\/strong>: o pre\u00e7o se manteve em R$ 139,00<\/li>\n<li><strong>Rondon\u00f3polis (MT)<\/strong>: subiu de R$ 131,00 para R$ 134,00<\/li>\n<li><strong>Porto de Paranagu\u00e1 (PR)<\/strong>: a saca passou de R$ 142,00 para R$ 141,00<\/li>\n<\/ol>\n<h2 class=\"wp-block-heading\" id=\"h-bolsa-de-chicago\">Bolsa de Chicago <\/h2>\n<p>Na Bolsa de Mercadorias de Chicago (CBOT), os contratos com vencimento em novembro, os mais negociados, apresentaram desvaloriza\u00e7\u00e3o de 1,31% na semana, sendo cotados a US$ 10,51 3\/4 por bushel na manh\u00e3 de sexta-feira, 4 de outubro. <\/p>\n<p>O mercado foi pressionado pela expectativa de chuvas ben\u00e9ficas para o plantio no Brasil, pelo avan\u00e7o da colheita da maior safra da hist\u00f3ria dos Estados Unidos e pelo adiamento da entrada em vigor da Lei Antidesmatamento na Uni\u00e3o Europeia.<\/p>\n<p>O d\u00f3lar comercial tamb\u00e9m teve alta de 0,7% na semana em rela\u00e7\u00e3o ao real, encerrando a quinta-feira cotado a R$ 5,4745. A crescente tens\u00e3o no Oriente M\u00e9dio trouxe avers\u00e3o ao risco e contribuiu para a valoriza\u00e7\u00e3o do d\u00f3lar.<\/p>\n<\/div>\n<p><br \/>\n<br \/><a href=\"https:\/\/www.canalrural.com.br\/agricultura\/projeto-soja-brasil\/como-foi-a-semana-da-soja-no-brasil-confira-a-atualizacao-dos-precos-no-pais\/\">Source link <\/a><\/p>\n","protected":false},"excerpt":{"rendered":"<p>O Soja Brasil teve acesso \u00e0s informa\u00e7\u00f5es da consultoria Safras &amp; Mercado sobre o mercado da soja. A semana foi<\/p>\n","protected":false},"author":1,"featured_media":2779,"comment_status":"open","ping_status":"open","sticky":false,"template":"","format":"standard","meta":{"_monsterinsights_skip_tracking":false,"_monsterinsights_sitenote_active":false,"_monsterinsights_sitenote_note":"","_monsterinsights_sitenote_category":0,"_uf_show_specific_survey":0,"_uf_disable_surveys":false,"footnotes":""},"categories":[1],"tags":[],"class_list":["post-2778","post","type-post","status-publish","format-standard","has-post-thumbnail","hentry","category-news"],"_links":{"self":[{"href":"https:\/\/agromt.news\/index.php?rest_route=\/wp\/v2\/posts\/2778"}],"collection":[{"href":"https:\/\/agromt.news\/index.php?rest_route=\/wp\/v2\/posts"}],"about":[{"href":"https:\/\/agromt.news\/index.php?rest_route=\/wp\/v2\/types\/post"}],"author":[{"embeddable":true,"href":"https:\/\/agromt.news\/index.php?rest_route=\/wp\/v2\/users\/1"}],"replies":[{"embeddable":true,"href":"https:\/\/agromt.news\/index.php?rest_route=%2Fwp%2Fv2%2Fcomments&post=2778"}],"version-history":[{"count":0,"href":"https:\/\/agromt.news\/index.php?rest_route=\/wp\/v2\/posts\/2778\/revisions"}],"wp:featuredmedia":[{"embeddable":true,"href":"https:\/\/agromt.news\/index.php?rest_route=\/wp\/v2\/media\/2779"}],"wp:attachment":[{"href":"https:\/\/agromt.news\/index.php?rest_route=%2Fwp%2Fv2%2Fmedia&parent=2778"}],"wp:term":[{"taxonomy":"category","embeddable":true,"href":"https:\/\/agromt.news\/index.php?rest_route=%2Fwp%2Fv2%2Fcategories&post=2778"},{"taxonomy":"post_tag","embeddable":true,"href":"https:\/\/agromt.news\/index.php?rest_route=%2Fwp%2Fv2%2Ftags&post=2778"}],"curies":[{"name":"wp","href":"https:\/\/api.w.org\/{rel}","templated":true}]}}