{"id":2774,"date":"2024-10-04T11:26:55","date_gmt":"2024-10-04T15:26:55","guid":{"rendered":"https:\/\/agromt.news\/?p=2774"},"modified":"2024-10-04T11:26:55","modified_gmt":"2024-10-04T15:26:55","slug":"precos-ficam-estaveis-nesta-sexta-feira-23-no-mercado-de-suinos","status":"publish","type":"post","link":"https:\/\/agromt.news\/?p=2774","title":{"rendered":"Pre\u00e7os ficam est\u00e1veis nesta sexta-feira (23) no mercado de su\u00ednos"},"content":{"rendered":"<p> <br \/>\n<\/p>\n<div>\n<div class=\"materia\">\n<p><img decoding=\"async\" alt=\"Logotipo Not&#xED;cias Agr&#xED;colas\" height=\"21\" src=\"https:\/\/cdn.noticiasagricolas.com.br\/dbimagens\/e12363a00741f9cc7caf23469101a4aa.png\" width=\"106\"\/><\/p>\n<p>A sexta-feira (23) termina para o mercado de su\u00ednos com pre\u00e7os est\u00e1veis, na maioria. Segundo an\u00e1lise do Cepea, os pre\u00e7os do su\u00edno vivo e da carne est\u00e3o em alta em praticamente todas as regi\u00f5es acompanhadas pelo \u00f3rg\u00e3o. Em algumas pra\u00e7as, a atual m\u00e9dia do vivo \u00e9 a maior desde fevereiro\/21, em termos reais (deflacionamento pelo IGP-DI de julho).\u00a0<\/p>\n<p>Segundo pesquisadores do Cepea, os avan\u00e7os s\u00e3o resultados da oferta reduzida de animais em peso ideal para abate e da forte procura por novos lotes por parte da ind\u00fastria, que precisa atender \u00e0s demandas interna e sobretudo, externa.\u00a0<\/p>\n<p>De acordo com a Scot Consultoria, o valor da arroba do su\u00edno CIF em S\u00e3o Paulo ficou est\u00e1vel, com pre\u00e7o m\u00e9dio de R$ 167,00, assim como s carca\u00e7a especial, fechando em R$ 13,30\/kg, em m\u00e9dia.<\/p>\n<p>Conforme informa\u00e7\u00f5es do Cepea\/Esalq sobre o Indicador do Su\u00edno Vivo, referentes \u00e0 quinta-feira (22), houve aumento somente no Paran\u00e1, na ordem de 0,84%, chegando a R$ 8,36\/kg. Os pre\u00e7os ficaram est\u00e1veis em Minas Gerais (R$ 8,97\/kg), Rio Grande do Sul (R$ 7,96\/kg), Santa Catarina (R$ 8,28\/kg), e S\u00e3o Paulo (R$ 8,79\/kg).<br \/>\u00a0<\/p>\n<\/div>\n<div class=\"grupo-whatsapp\">\nJ\u00e1 segue nosso Canal oficial no WhatsApp? <a href=\"https:\/\/bit.ly\/Canal_NA\" target=\"_blank\" rel=\"noopener\"><strong>Clique Aqui<\/strong><\/a> para receber em primeira m\u00e3o as principais not\u00edcias do agroneg\u00f3cio\n<\/div>\n<div class=\"fonte\">\n<p>Fonte:<\/p>\n<p><span>Not\u00edcias Agr\u00edcolas<\/span>\n<\/div>\n<\/div>\n<p><script async defer src=\"https:\/\/connect.facebook.net\/en_US\/sdk.js\" type=\"06f6be06a668661a013de6ff-text\/javascript\"><\/script><script type=\"06f6be06a668661a013de6ff-text\/javascript\">\n  !function(f,b,e,v,n,t,s)\n  {if(f.fbq)return;n=f.fbq=function(){n.callMethod?\n    n.callMethod.apply(n,arguments):n.queue.push(arguments)};\n    if(!f._fbq)f._fbq=n;n.push=n;n.loaded=!0;n.version='2.0';\n    n.queue=[];t=b.createElement(e);t.async=!0;\n    t.src=v;s=b.getElementsByTagName(e)[0];\n    s.parentNode.insertBefore(t,s)}(window, document,'script',\n    'https:\/\/connect.facebook.net\/en_US\/fbevents.js');\n  fbq('init', '153495679422335');\n  fbq('track', 'PageView');\n<\/script><br \/>\n<br \/><br \/>\n<br \/><a href=\"https:\/\/www.noticiasagricolas.com.br\/noticias\/granjeiros\/383513-precos-ficam-estaveis-nesta-sexta-feira-23-no-mercado-de-suinos.html\">Source link <\/a><\/p>\n","protected":false},"excerpt":{"rendered":"<p>A sexta-feira (23) termina para o mercado de su\u00ednos com pre\u00e7os est\u00e1veis, na maioria. Segundo an\u00e1lise do Cepea, os pre\u00e7os<\/p>\n","protected":false},"author":1,"featured_media":2775,"comment_status":"open","ping_status":"open","sticky":false,"template":"","format":"standard","meta":{"_monsterinsights_skip_tracking":false,"_monsterinsights_sitenote_active":false,"_monsterinsights_sitenote_note":"","_monsterinsights_sitenote_category":0,"_uf_show_specific_survey":0,"_uf_disable_surveys":false,"footnotes":""},"categories":[8,1,14,16],"tags":[],"class_list":["post-2774","post","type-post","status-publish","format-standard","has-post-thumbnail","hentry","category-agro","category-news","category-politica-agro","category-safra"],"_links":{"self":[{"href":"https:\/\/agromt.news\/index.php?rest_route=\/wp\/v2\/posts\/2774"}],"collection":[{"href":"https:\/\/agromt.news\/index.php?rest_route=\/wp\/v2\/posts"}],"about":[{"href":"https:\/\/agromt.news\/index.php?rest_route=\/wp\/v2\/types\/post"}],"author":[{"embeddable":true,"href":"https:\/\/agromt.news\/index.php?rest_route=\/wp\/v2\/users\/1"}],"replies":[{"embeddable":true,"href":"https:\/\/agromt.news\/index.php?rest_route=%2Fwp%2Fv2%2Fcomments&post=2774"}],"version-history":[{"count":0,"href":"https:\/\/agromt.news\/index.php?rest_route=\/wp\/v2\/posts\/2774\/revisions"}],"wp:featuredmedia":[{"embeddable":true,"href":"https:\/\/agromt.news\/index.php?rest_route=\/wp\/v2\/media\/2775"}],"wp:attachment":[{"href":"https:\/\/agromt.news\/index.php?rest_route=%2Fwp%2Fv2%2Fmedia&parent=2774"}],"wp:term":[{"taxonomy":"category","embeddable":true,"href":"https:\/\/agromt.news\/index.php?rest_route=%2Fwp%2Fv2%2Fcategories&post=2774"},{"taxonomy":"post_tag","embeddable":true,"href":"https:\/\/agromt.news\/index.php?rest_route=%2Fwp%2Fv2%2Ftags&post=2774"}],"curies":[{"name":"wp","href":"https:\/\/api.w.org\/{rel}","templated":true}]}}