{"id":27709,"date":"2026-03-15T20:02:01","date_gmt":"2026-03-16T00:02:01","guid":{"rendered":"https:\/\/agromt.news\/?p=27709"},"modified":"2026-03-15T20:02:01","modified_gmt":"2026-03-16T00:02:01","slug":"italia-esta-pronta-para-apoiar-acordo-com-mercosul-quando-preocupacoes-dos","status":"publish","type":"post","link":"https:\/\/agromt.news\/?p=27709","title":{"rendered":"It\u00e1lia est\u00e1 pronta para apoiar acordo com Mercosul quando preocupa\u00e7\u00f5es dos&#8230;"},"content":{"rendered":"<p> <br \/>\n<\/p>\n<div>\n<div class=\"materia\">\n<p><img decoding=\"async\" alt=\"Logotipo Reuters\" height=\"22\" src=\"https:\/\/cdn.noticiasagricolas.com.br\/dbimagens\/0f687b0f35da9d220b6477534ce7c667.gif\" width=\"71\"\/><\/p>\n<p><img decoding=\"async\" alt=\"\" src=\"https:\/\/rmb.reuters.com\/rmd\/rss\/content\/tag:reuters.com,2025:newsml_LYNXMPELBH123:1\/tag:reuters.com,2025:binary_LYNXMPELBH123-VIEWIMAGE\"\/>ROMA, 18 Dez (Reuters) &#8211; A It\u00e1lia estar\u00e1 disposta a apoiar um acordo comercial entre a Uni\u00e3o Europeia e o Mercosul assim que as quest\u00f5es relacionadas \u00e0 agricultura forem resolvidas, disse a primeira-ministra italiana, Giorgia Meloni, nesta quinta-feira.<\/p>\n<p>&#8220;O governo italiano est\u00e1 pronto para assinar o acordo assim que as respostas necess\u00e1rias forem fornecidas aos agricultores, o que depende das decis\u00f5es da Comiss\u00e3o Europeia e pode ser rapidamente resolvido&#8221;, disse Meloni em um comunicado.<\/p>\n<p>Mais cedo, o presidente Luiz In\u00e1cio Lula da Silva disse que Meloni havia lhe dito que apoiava o acordo comercial do Mercosul, mas pediu paci\u00eancia para garantir o apoio interno.<\/p>\n<p>(Reportagem de Crispian Balmer)<\/p>\n<\/p><\/div>\n<div class=\"grupo-whatsapp\">\n      J\u00e1 segue nosso Canal oficial no WhatsApp? <a href=\"https:\/\/bit.ly\/Canal_NA\" target=\"_blank\" rel=\"noopener\"><strong>Clique Aqui<\/strong><\/a> para receber em primeira m\u00e3o as principais not\u00edcias do agroneg\u00f3cio\n    <\/div>\n<\/p><\/div>\n<p><script async defer src=\"https:\/\/connect.facebook.net\/en_US\/sdk.js\"><\/script><script>\n  !function(f,b,e,v,n,t,s)\n  {if(f.fbq)return;n=f.fbq=function(){n.callMethod?\n    n.callMethod.apply(n,arguments):n.queue.push(arguments)};\n    if(!f._fbq)f._fbq=n;n.push=n;n.loaded=!0;n.version='2.0';\n    n.queue=[];t=b.createElement(e);t.async=!0;\n    t.src=v;s=b.getElementsByTagName(e)[0];\n    s.parentNode.insertBefore(t,s)}(window, document,'script',\n    'https:\/\/connect.facebook.net\/en_US\/fbevents.js');\n  fbq('init', '153495679422335');\n  fbq('track', 'PageView');\n<\/script><br \/>\n<br \/><br \/>\n<br \/><a href=\"https:\/\/www.noticiasagricolas.com.br\/noticias\/politica-economia\/412796-italia-esta-pronta-para-apoiar-acordo-com-mercosul-quando-preocupacoes-dos-agricultores-forem-resolvidas-diz-meloni.html\">Source link <\/a><\/p>\n","protected":false},"excerpt":{"rendered":"<p>ROMA, 18 Dez (Reuters) &#8211; A It\u00e1lia estar\u00e1 disposta a apoiar um acordo comercial entre a Uni\u00e3o Europeia e o<\/p>\n","protected":false},"author":1,"featured_media":27710,"comment_status":"open","ping_status":"open","sticky":false,"template":"","format":"standard","meta":{"_monsterinsights_skip_tracking":false,"_monsterinsights_sitenote_active":false,"_monsterinsights_sitenote_note":"","_monsterinsights_sitenote_category":0,"_uf_show_specific_survey":0,"_uf_disable_surveys":false,"footnotes":""},"categories":[8,1,14,16],"tags":[],"class_list":["post-27709","post","type-post","status-publish","format-standard","has-post-thumbnail","hentry","category-agro","category-news","category-politica-agro","category-safra"],"_links":{"self":[{"href":"https:\/\/agromt.news\/index.php?rest_route=\/wp\/v2\/posts\/27709"}],"collection":[{"href":"https:\/\/agromt.news\/index.php?rest_route=\/wp\/v2\/posts"}],"about":[{"href":"https:\/\/agromt.news\/index.php?rest_route=\/wp\/v2\/types\/post"}],"author":[{"embeddable":true,"href":"https:\/\/agromt.news\/index.php?rest_route=\/wp\/v2\/users\/1"}],"replies":[{"embeddable":true,"href":"https:\/\/agromt.news\/index.php?rest_route=%2Fwp%2Fv2%2Fcomments&post=27709"}],"version-history":[{"count":0,"href":"https:\/\/agromt.news\/index.php?rest_route=\/wp\/v2\/posts\/27709\/revisions"}],"wp:featuredmedia":[{"embeddable":true,"href":"https:\/\/agromt.news\/index.php?rest_route=\/wp\/v2\/media\/27710"}],"wp:attachment":[{"href":"https:\/\/agromt.news\/index.php?rest_route=%2Fwp%2Fv2%2Fmedia&parent=27709"}],"wp:term":[{"taxonomy":"category","embeddable":true,"href":"https:\/\/agromt.news\/index.php?rest_route=%2Fwp%2Fv2%2Fcategories&post=27709"},{"taxonomy":"post_tag","embeddable":true,"href":"https:\/\/agromt.news\/index.php?rest_route=%2Fwp%2Fv2%2Ftags&post=27709"}],"curies":[{"name":"wp","href":"https:\/\/api.w.org\/{rel}","templated":true}]}}