{"id":27706,"date":"2026-03-15T18:20:57","date_gmt":"2026-03-15T22:20:57","guid":{"rendered":"https:\/\/agromt.news\/?p=27706"},"modified":"2026-03-15T18:20:57","modified_gmt":"2026-03-15T22:20:57","slug":"incerteza-logistica-e-alta-do-diesel-devem-afetar-arroba-do-boi-na-2a-quinzena-de-marco","status":"publish","type":"post","link":"https:\/\/agromt.news\/?p=27706","title":{"rendered":"Incerteza log\u00edstica e alta do diesel devem afetar arroba do boi na 2\u00aa quinzena de mar\u00e7o"},"content":{"rendered":"<p> <br \/>\n<\/p>\n<div>\n<figure><img decoding=\"async\" src=\"https:\/\/agromt.news\/wp-content\/uploads\/2025\/12\/preco-da-arroba-sobe-com-expectativa-de-demanda-dos-EUA.jpg\" alt=\"boiada, carne org\u00e2nica do Pantanal, boi\" \/><figcaption>Foto: Raquel Brunelli\/Embrapa<\/figcaption><\/figure>\n<\/div>\n<p>O mercado f\u00edsico do boi gordo registrou grande volatilidade de pre\u00e7os ao longo da semana por conta do conflito no Oriente M\u00e9dio. <\/p>\n<p>O analista de Safras &amp; Mercado Fernando Iglesias ressalta que em S\u00e3o Paulo algumas ind\u00fastrias tiveram que mudar sua estrat\u00e9gia e voltaram a negociar em n\u00edveis mais altos de pre\u00e7o no in\u00edcio da semana.<\/p>\n<p>&#8220;Depois, voltaram a trabalhar com pre\u00e7os mais baixos na compra de gado. J\u00e1 em outros estados, a exemplo de Mato Grosso do Sul, permanecem as tentativas de compra em n\u00edveis mais baixos de pre\u00e7o&#8221;, conta. <\/p>\n<p>Segundo ele, no atual contexto, a grande preocupa\u00e7\u00e3o para o mercado de carne bovina segue na necessidade de reavaliar as rotas e no tempo adicional das cargas no oceano, com a paralisa\u00e7\u00e3o no Estreito de Ormuz.<\/p>\n<p>Iglesias ressalta que os pre\u00e7os dos combust\u00edveis, que vem em eleva\u00e7\u00e3o no Brasil e ao redor do mundo, \u00e9 outro ingrediente a se ponderar na segunda quinzena de mar\u00e7o. <\/p>\n<p>&#8220;Os impactos na log\u00edstica do setor de carnes vai continuar, com poss\u00edveis atrasos na entrega, o que vai ser computado no mercado nos pr\u00f3ximos dias. Se o quadro no Oriente M\u00e9dio se agravar ao longo deste m\u00eas, teremos certamente mais problemas nessa din\u00e2mica log\u00edstica global&#8221;, avalia.<\/p>\n<h2 class=\"wp-block-heading\" id=\"h-precos-medios-do-boi-gordo\">Pre\u00e7os m\u00e9dios do boi gordo<\/h2>\n<p>Os valores do boi gordo, na modalidade a prazo, estavam assim no dia 12 de mar\u00e7o:<\/p>\n<ul class=\"wp-block-list\">\n<li><strong>S\u00e3o Paulo (Capital):<\/strong> R$ 345, baixa de 1,43% em rela\u00e7\u00e3o aos R$ 350 praticados no final da semana passada;<\/li>\n<li><strong>Goi\u00e1s (Goi\u00e2nia):<\/strong> R$ 330, est\u00e1vel frente ao encerramento da semana passada;<\/li>\n<li><strong>Minas Gerais (Uberaba):<\/strong> R$ 345, inalterado frente ao fechamento da semana anterior;<\/li>\n<li><strong>Mato Grosso do Sul (Dourados): <\/strong>R$ 335, queda de 1,47% ante os R$ 340 praticados no final da semana passada;<\/li>\n<li><strong>Mato Grosso (Cuiab\u00e1): <\/strong>R$ 340, sem altera\u00e7\u00e3o frente ao valor praticado na semana passada;<\/li>\n<li><strong>Rond\u00f4nia (Vilhena):<\/strong> R$ 310, recuo de 1,59% ante os R$ 315 registrados no final da semana passada.<\/li>\n<\/ul>\n<h2 class=\"wp-block-heading\" id=\"h-mercado-atacadista\">Mercado atacadista<\/h2>\n<p>No mercado atacadista, houve acomoda\u00e7\u00e3o de pre\u00e7os ao longo da semana. Iglesias ressalta que nem mesmo a entrada dos sal\u00e1rios na economia foi suficiente para justificar novos reajustes dos pre\u00e7os da carne bovina. <\/p>\n<p>&#8220;O fato \u00e9 que a carne bovina j\u00e1 assumiu um patamar de pre\u00e7os que afasta boa parte dos consumidores brasileiros, em especial aquelas fam\u00edlias que t\u00eam como renda entre um e dois sal\u00e1rios-m\u00ednimos. A prioridade est\u00e1 no consumo de prote\u00ednas mais acess\u00edveis, a exemplo da carne de frango, embutidos e ovos&#8221;, contextualiza Iglesias.<\/p>\n<ul class=\"wp-block-list\">\n<li><strong>Quarto do dianteiro: <\/strong>precificado a R$ 20,50, queda de 2,38% frente aos R$ 21,00 por quilo do final da semana anterior;<\/li>\n<li><strong>Quarto traseiro:<\/strong> cotados a R$ 27,00 por quilo, sem altera\u00e7\u00f5es em rela\u00e7\u00e3o \u00e0 \u00faltima semana.<\/li>\n<\/ul>\n<h2 class=\"wp-block-heading\" id=\"h-exportacoes-de-carne-bovina\">Exporta\u00e7\u00f5es de carne bovina<\/h2>\n<figure class=\"wp-block-image size-large\"><img fetchpriority=\"high\" decoding=\"async\" width=\"1024\" height=\"682\" src=\"https:\/\/agromt.news\/wp-content\/uploads\/2025\/05\/Queda-da-arroba-do-boi-em-maio-e-intensificada-pela.jpg\" alt=\"carne bovina exporta\u00e7\u00f5es China\" class=\"wp-image-4081957\" \/><figcaption class=\"wp-element-caption\">Foto: Pixabay<\/figcaption><\/figure>\n<p>As exporta\u00e7\u00f5es de carne bovina fresca, congelada ou refrigerada do Brasil renderam US$ 341,193 milh\u00f5es em mar\u00e7o at\u00e9 o momento (5 dias \u00fateis), com m\u00e9dia di\u00e1ria de US$ 68,238 milh\u00f5es, conforme dados da Secretaria de Com\u00e9rcio Exterior <strong><a href=\"https:\/\/www.canalrural.com.br\/tag\/secex\/\">(Secex)<\/a><\/strong>. <\/p>\n<p>A quantidade total exportada pelo pa\u00eds chegou a 59,986 mil toneladas, com m\u00e9dia di\u00e1ria de 11,997 mil toneladas. O pre\u00e7o m\u00e9dio da tonelada ficou em US$ 5.687,80.<\/p>\n<p>Em rela\u00e7\u00e3o a mar\u00e7o de 2025, houve alta de<strong> 22,9% <\/strong>no valor m\u00e9dio di\u00e1rio da exporta\u00e7\u00e3o, ganho de <strong>5,9%<\/strong> na quantidade m\u00e9dia di\u00e1ria exportada e avan\u00e7o de<strong> 16,1%<\/strong> no pre\u00e7o m\u00e9dio.<\/p>\n<p><em>*Com informa\u00e7\u00f5es de Safras News<\/em> <\/p>\n<p>O post <a href=\"https:\/\/www.canalrural.com.br\/pecuaria\/incerteza-logistica-e-alta-do-diesel-devem-afetar-arroba-do-boi-na-2a-quinzena-de-marco\/\">Incerteza log\u00edstica e alta do diesel devem afetar arroba do boi na 2\u00aa quinzena de mar\u00e7o<\/a> apareceu primeiro em <a href=\"https:\/\/www.canalrural.com.br\">Canal Rural<\/a>.<\/p>\n<p><br \/>\n<br \/><a href=\"https:\/\/www.canalrural.com.br\/pecuaria\/incerteza-logistica-e-alta-do-diesel-devem-afetar-arroba-do-boi-na-2a-quinzena-de-marco\/\">Source link <\/a><\/p>\n","protected":false},"excerpt":{"rendered":"<p>Foto: Raquel Brunelli\/Embrapa O mercado f\u00edsico do boi gordo registrou grande volatilidade de pre\u00e7os ao longo da semana por conta<\/p>\n","protected":false},"author":1,"featured_media":26035,"comment_status":"open","ping_status":"open","sticky":false,"template":"","format":"standard","meta":{"_monsterinsights_skip_tracking":false,"_monsterinsights_sitenote_active":false,"_monsterinsights_sitenote_note":"","_monsterinsights_sitenote_category":0,"_uf_show_specific_survey":0,"_uf_disable_surveys":false,"footnotes":""},"categories":[1],"tags":[],"class_list":["post-27706","post","type-post","status-publish","format-standard","has-post-thumbnail","hentry","category-news"],"_links":{"self":[{"href":"https:\/\/agromt.news\/index.php?rest_route=\/wp\/v2\/posts\/27706"}],"collection":[{"href":"https:\/\/agromt.news\/index.php?rest_route=\/wp\/v2\/posts"}],"about":[{"href":"https:\/\/agromt.news\/index.php?rest_route=\/wp\/v2\/types\/post"}],"author":[{"embeddable":true,"href":"https:\/\/agromt.news\/index.php?rest_route=\/wp\/v2\/users\/1"}],"replies":[{"embeddable":true,"href":"https:\/\/agromt.news\/index.php?rest_route=%2Fwp%2Fv2%2Fcomments&post=27706"}],"version-history":[{"count":0,"href":"https:\/\/agromt.news\/index.php?rest_route=\/wp\/v2\/posts\/27706\/revisions"}],"wp:featuredmedia":[{"embeddable":true,"href":"https:\/\/agromt.news\/index.php?rest_route=\/wp\/v2\/media\/26035"}],"wp:attachment":[{"href":"https:\/\/agromt.news\/index.php?rest_route=%2Fwp%2Fv2%2Fmedia&parent=27706"}],"wp:term":[{"taxonomy":"category","embeddable":true,"href":"https:\/\/agromt.news\/index.php?rest_route=%2Fwp%2Fv2%2Fcategories&post=27706"},{"taxonomy":"post_tag","embeddable":true,"href":"https:\/\/agromt.news\/index.php?rest_route=%2Fwp%2Fv2%2Ftags&post=27706"}],"curies":[{"name":"wp","href":"https:\/\/api.w.org\/{rel}","templated":true}]}}